{"id":14607,"date":"2025-10-06T15:43:15","date_gmt":"2025-10-06T13:43:15","guid":{"rendered":"https:\/\/www.salvador-dali.org\/?post_type=noticia&#038;p=14607"},"modified":"2025-12-18T15:44:04","modified_gmt":"2025-12-18T14:44:04","slug":"cicle-de-conferencies-entorn-a-la-madona-de-portlligat","status":"publish","type":"noticia","link":"https:\/\/www.salvador-dali.org\/ca\/fundacio-dali\/noticia\/cicle-de-conferencies-entorn-a-la-madona-de-portlligat\/","title":{"rendered":"Cicle de confer\u00e8ncies entorn a La Madona de Portlligat"},"content":{"rendered":"\n<p>Dimecres 8 d&#8217;octubre s\u2019inicia el cicle de confer\u00e8ncies entorn a l\u2019exposici\u00f3 <strong><em>La Madona de Portlligat. Una explosi\u00f3 on\u00edrica<\/em><\/strong>. El cicle t\u00e9 com objectiu contextualitzar la pe\u00e7a i aprofundir en la seva dimensi\u00f3 art\u00edstica, simb\u00f2lica, hist\u00f2rica i cultural. Les sessions permetran redimensionar <em>La Madona de Portlligat<\/em>, obrint camins per entendre-la des de m\u00faltiples perspectives \u2014la hist\u00f2ria de l\u2019art, la ci\u00e8ncia, la figura de Gala, entre d\u2019altres\u2014 i refor\u00e7ar el museu com a centre de pensament, viu i din\u00e0mic on es generen experi\u00e8ncies culturals que van m\u00e9s enll\u00e0 de la col\u00b7lecci\u00f3.<\/p>\n\n\n\n<p><a href=\"https:\/\/www.youtube.com\/@FundacioDali\/videos\">Es poden consultar al canal de Youtube.<\/a><\/p>\n\n\n\n<p>A continuaci\u00f3 es llisten les 5 confer\u00e8ncies:<\/p>\n\n\n\n<p><strong><em>La Madona de Portlligat. Una explosi\u00f3 on\u00edrica<\/em><\/strong><\/p>\n\n\n\n<p>Dimecres 8 d\u2019octubre a les 19:15h a c\u00e0rrec de Cl\u00e0udia Galli i Maria Carreras, del Centre d\u2019Estudis Dalinians. Confer\u00e8ncia inaugural a c\u00e0rrec de les coordinadores de l\u2019exposici\u00f3 <em>La Madona de Portlligat: una explosi\u00f3 on\u00edrica<\/em>, on es far\u00e0 un apropament a l\u2019obra i a la mateixa concepci\u00f3 de l\u2019exposici\u00f3 temporal. Es parlar\u00e0 sobre el context creatiu de l\u2019artista, i de la cronologia i les exposicions en les que ha participat l\u2019obra. Tamb\u00e9, sobre les fotografies que reflecteixen els viatges d\u2019aquesta obra, especialment aquelles preses a la Carstairs Gallery de Nova York l\u2019any 1950.<\/p>\n\n\n\n<p><strong><em>El debat del realisme: una falsa pol\u00e8mica?<\/em><\/strong><\/p>\n\n\n\n<p>Dimecres 22 d\u2019octubre a les 19:15h a c\u00e0rrec d\u2019\u00c0lex Mitrani. Salvador Dal\u00ed va plantejar amb la seva obra i les seves declaracions una relaci\u00f3 sovint conflictiva i de rivalitat entre realisme i pintura moderna. El seu posicionament t\u00e9 a veure amb els debats i els llocs comuns sobre l\u2019art d\u2019avantguarda i el realisme pict\u00f2ric. A partir del posicionament complex, contradictori i provocador de Dal\u00ed, podem fer una rep\u00e0s sobre la genealogia, la definici\u00f3 i el paper del realisme en l\u2019art modern.<\/p>\n\n\n\n<p><strong><em>Les madones del Renaixement itali\u00e0 i la Madona de Portlligat<\/em><\/strong><\/p>\n\n\n\n<p>Dimecres 5 de novembre a les 19:15h a c\u00e0rrec d\u2019Eva March. L\u2019art renaixentista, amb especial atenci\u00f3 a figures com Rafael, van marcar profundament l\u2019imaginari de Salvador Dal\u00ed. A partir d\u2019aquest context hist\u00f2ric i iconogr\u00e0fic, la confer\u00e8ncia aborda la manera com <em>La Madona de Portlligat<\/em> dialoga amb la tradici\u00f3, reelaborant-la a trav\u00e9s del llenguatge personal i innovador de Dal\u00ed. Tamb\u00e9 es posar\u00e0 de relleu el moment hist\u00f2ric de la seva presentaci\u00f3 p\u00fablica a Espanya, el 1952, en la Biennal Hispanoamericana, i el significat que va adquirir en aquell context cultural i pol\u00edtic. La reflexi\u00f3 final obrir\u00e0 el debat sobre la fascinaci\u00f3 constant per la figura mariana i la seva repercussi\u00f3 no nom\u00e9s en l\u2019art, sin\u00f3 tamb\u00e9 en la societat i la cultura popular de mitjan s. XX.<\/p>\n\n\n\n<p><strong><em>La vida secreta de Gala Salvador Dal\u00ed<\/em><\/strong><\/p>\n\n\n\n<p>Dimecres 19 de novembre a les 19:15h a c\u00e0rrec d\u2019Estrella De Diego. S\u2019oferir\u00e0 una mirada renovada sobre la figura de Gala, reivindicant-la com a creadora i intel\u00b7lectual m\u00e9s enll\u00e0 del t\u00f2pic de musa de Dal\u00ed. Prenent com a punt de partida l\u2019exposici\u00f3 <em>Gala Salvador Dal\u00ed. Una habitaci\u00f3 pr\u00f2pia a P\u00fabol<\/em> (MNAC, 2018), que va comissariar, De Diego aprofundir\u00e0 en el paper central que Gala va tenir en la configuraci\u00f3 del projecte dalini\u00e0 i en la manera com va construir la seva pr\u00f2pia identitat dins les avantguardes. La sessi\u00f3 aportar\u00e0 claus per comprendre millor la relaci\u00f3 entre imatge p\u00fablica, creaci\u00f3 compartida i autonomia personal, i dimensionar\u00e0 la vig\u00e8ncia d\u2019una figura fonamental del s. XX.<\/p>\n\n\n\n<p><strong><em>Quan l\u2019\u00e0tom es fa art: Dal\u00ed, f\u00edsica nuclear i somnis fragmentats<\/em><\/strong><\/p>\n\n\n\n<p>Dijous 27 de novembre a les 19:15h a c\u00e0rrec de Jordi D\u00edaz-Marcos S\u2019explora com Dal\u00ed va transformar la revoluci\u00f3 cient\u00edfica del seu temps en mat\u00e8ria pict\u00f2rica i simb\u00f2lica. El per\u00edode \u201cm\u00edstico-nuclear\u201d coincideix amb l\u2019era de les grans descobertes at\u00f2miques i les seves ombres: de la fascinaci\u00f3 per la bellesa invisible de la mat\u00e8ria a la devastaci\u00f3 de les explosions nuclears. A partir de\u00a0<em>La Madona <\/em>i altres obres clau, veurem com Dal\u00ed dialoga amb la f\u00edsica qu\u00e0ntica i amb l\u2019imaginari at\u00f2mic, i com les part\u00edcules, les forces invisibles i la fragmentaci\u00f3 del m\u00f3n esdevenen met\u00e0fora de l\u2019art, la religi\u00f3 i el somni. Una mirada que mostra fins quin punt ci\u00e8ncia i art comparteixen llenguatges, preguntes i visions de l\u2019infinit.<\/p>\n","protected":false},"excerpt":{"rendered":"<p>Els ponents seran les coordinadores de l&#8217;exposici\u00f3 Cl\u00e0udia Galli i Maria Carreras, aix\u00ed com Eva March, \u00c0lex Mitrani, Estrella de Diego i Jordi D\u00edaz-Marcos.<\/p>\n","protected":false},"featured_media":14338,"menu_order":0,"template":"","format":"standard","meta":{"_acf_changed":false,"_coblocks_attr":"","_coblocks_dimensions":"","_coblocks_responsive_height":"","_coblocks_accordion_ie_support":""},"categoria-actualitat":[],"class_list":["post-14607","noticia","type-noticia","status-publish","format-standard","has-post-thumbnail","hentry"],"acf":[],"yoast_head":"<!-- This site is optimized with the Yoast SEO plugin v27.4 - https:\/\/yoast.com\/product\/yoast-seo-wordpress\/ -->\n<title>Cicle de confer\u00e8ncies entorn a La Madona de Portlligat - Fundaci\u00f3 Gala - Salvador Dal\u00ed<\/title>\n<meta name=\"robots\" content=\"index, follow, max-snippet:-1, max-image-preview:large, max-video-preview:-1\" \/>\n<link rel=\"canonical\" href=\"https:\/\/www.salvador-dali.org\/ca\/fundacio-dali\/noticia\/cicle-de-conferencies-entorn-a-la-madona-de-portlligat\/\" \/>\n<meta property=\"og:locale\" content=\"ca_ES\" \/>\n<meta property=\"og:type\" content=\"article\" \/>\n<meta property=\"og:title\" content=\"Cicle de confer\u00e8ncies entorn a La Madona de Portlligat - Fundaci\u00f3 Gala - Salvador Dal\u00ed\" \/>\n<meta property=\"og:description\" content=\"Els ponents seran les coordinadores de l&#039;exposici\u00f3 Cl\u00e0udia Galli i Maria Carreras, aix\u00ed com Eva March, \u00c0lex Mitrani, Estrella de Diego i Jordi D\u00edaz-Marcos.\" \/>\n<meta property=\"og:url\" content=\"https:\/\/www.salvador-dali.org\/ca\/fundacio-dali\/noticia\/cicle-de-conferencies-entorn-a-la-madona-de-portlligat\/\" \/>\n<meta property=\"og:site_name\" content=\"Fundaci\u00f3 Gala - Salvador Dal\u00ed\" \/>\n<meta property=\"article:publisher\" content=\"https:\/\/www.facebook.com\/MuseusDali\" \/>\n<meta property=\"article:modified_time\" content=\"2025-12-18T14:44:04+00:00\" \/>\n<meta property=\"og:image\" content=\"https:\/\/www.salvador-dali.org\/wp-content\/uploads\/2025\/11\/F0482baixa.jpg\" \/>\n\t<meta property=\"og:image:width\" content=\"1923\" \/>\n\t<meta property=\"og:image:height\" content=\"2549\" \/>\n\t<meta property=\"og:image:type\" content=\"image\/jpeg\" \/>\n<meta name=\"twitter:card\" content=\"summary_large_image\" \/>\n<meta name=\"twitter:site\" content=\"@MuseuDali\" \/>\n<meta name=\"twitter:label1\" content=\"Temps estimat de lectura\" \/>\n\t<meta name=\"twitter:data1\" content=\"4 minuts\" \/>\n<script type=\"application\/ld+json\" class=\"yoast-schema-graph\">{\"@context\":\"https:\\\/\\\/schema.org\",\"@graph\":[{\"@type\":\"WebPage\",\"@id\":\"https:\\\/\\\/www.salvador-dali.org\\\/ca\\\/fundacio-dali\\\/noticia\\\/cicle-de-conferencies-entorn-a-la-madona-de-portlligat\\\/\",\"url\":\"https:\\\/\\\/www.salvador-dali.org\\\/ca\\\/fundacio-dali\\\/noticia\\\/cicle-de-conferencies-entorn-a-la-madona-de-portlligat\\\/\",\"name\":\"Cicle de confer\u00e8ncies entorn a La Madona de Portlligat - Fundaci\u00f3 Gala - Salvador Dal\u00ed\",\"isPartOf\":{\"@id\":\"https:\\\/\\\/www.salvador-dali.org\\\/ca\\\/#website\"},\"primaryImageOfPage\":{\"@id\":\"https:\\\/\\\/www.salvador-dali.org\\\/ca\\\/fundacio-dali\\\/noticia\\\/cicle-de-conferencies-entorn-a-la-madona-de-portlligat\\\/#primaryimage\"},\"image\":{\"@id\":\"https:\\\/\\\/www.salvador-dali.org\\\/ca\\\/fundacio-dali\\\/noticia\\\/cicle-de-conferencies-entorn-a-la-madona-de-portlligat\\\/#primaryimage\"},\"thumbnailUrl\":\"https:\\\/\\\/www.salvador-dali.org\\\/wp-content\\\/uploads\\\/2025\\\/11\\\/F0482baixa.jpg\",\"datePublished\":\"2025-10-06T13:43:15+00:00\",\"dateModified\":\"2025-12-18T14:44:04+00:00\",\"breadcrumb\":{\"@id\":\"https:\\\/\\\/www.salvador-dali.org\\\/ca\\\/fundacio-dali\\\/noticia\\\/cicle-de-conferencies-entorn-a-la-madona-de-portlligat\\\/#breadcrumb\"},\"inLanguage\":\"ca\",\"potentialAction\":[{\"@type\":\"ReadAction\",\"target\":[\"https:\\\/\\\/www.salvador-dali.org\\\/ca\\\/fundacio-dali\\\/noticia\\\/cicle-de-conferencies-entorn-a-la-madona-de-portlligat\\\/\"]}]},{\"@type\":\"ImageObject\",\"inLanguage\":\"ca\",\"@id\":\"https:\\\/\\\/www.salvador-dali.org\\\/ca\\\/fundacio-dali\\\/noticia\\\/cicle-de-conferencies-entorn-a-la-madona-de-portlligat\\\/#primaryimage\",\"url\":\"https:\\\/\\\/www.salvador-dali.org\\\/wp-content\\\/uploads\\\/2025\\\/11\\\/F0482baixa.jpg\",\"contentUrl\":\"https:\\\/\\\/www.salvador-dali.org\\\/wp-content\\\/uploads\\\/2025\\\/11\\\/F0482baixa.jpg\",\"width\":1923,\"height\":2549},{\"@type\":\"BreadcrumbList\",\"@id\":\"https:\\\/\\\/www.salvador-dali.org\\\/ca\\\/fundacio-dali\\\/noticia\\\/cicle-de-conferencies-entorn-a-la-madona-de-portlligat\\\/#breadcrumb\",\"itemListElement\":[{\"@type\":\"ListItem\",\"position\":1,\"name\":\"Inici\",\"item\":\"https:\\\/\\\/www.salvador-dali.org\\\/ca\\\/\"},{\"@type\":\"ListItem\",\"position\":2,\"name\":\"Cicle de confer\u00e8ncies entorn a La Madona de Portlligat\"}]},{\"@type\":\"WebSite\",\"@id\":\"https:\\\/\\\/www.salvador-dali.org\\\/ca\\\/#website\",\"url\":\"https:\\\/\\\/www.salvador-dali.org\\\/ca\\\/\",\"name\":\"Fundaci\u00f3 Gala - Salvador Dal\u00ed\",\"description\":\"\",\"publisher\":{\"@id\":\"https:\\\/\\\/www.salvador-dali.org\\\/ca\\\/#organization\"},\"potentialAction\":[{\"@type\":\"SearchAction\",\"target\":{\"@type\":\"EntryPoint\",\"urlTemplate\":\"https:\\\/\\\/www.salvador-dali.org\\\/ca\\\/?s={search_term_string}\"},\"query-input\":{\"@type\":\"PropertyValueSpecification\",\"valueRequired\":true,\"valueName\":\"search_term_string\"}}],\"inLanguage\":\"ca\"},{\"@type\":\"Organization\",\"@id\":\"https:\\\/\\\/www.salvador-dali.org\\\/ca\\\/#organization\",\"name\":\"Fundaci\u00f3 Gala - Salvador Dal\u00ed\",\"url\":\"https:\\\/\\\/www.salvador-dali.org\\\/ca\\\/\",\"logo\":{\"@type\":\"ImageObject\",\"inLanguage\":\"ca\",\"@id\":\"https:\\\/\\\/www.salvador-dali.org\\\/ca\\\/#\\\/schema\\\/logo\\\/image\\\/\",\"url\":\"https:\\\/\\\/www.salvador-dali.org\\\/wp-content\\\/uploads\\\/2025\\\/04\\\/fundacio-gala-salvador-dali.png\",\"contentUrl\":\"https:\\\/\\\/www.salvador-dali.org\\\/wp-content\\\/uploads\\\/2025\\\/04\\\/fundacio-gala-salvador-dali.png\",\"width\":240,\"height\":240,\"caption\":\"Fundaci\u00f3 Gala - Salvador Dal\u00ed\"},\"image\":{\"@id\":\"https:\\\/\\\/www.salvador-dali.org\\\/ca\\\/#\\\/schema\\\/logo\\\/image\\\/\"},\"sameAs\":[\"https:\\\/\\\/www.facebook.com\\\/MuseusDali\",\"https:\\\/\\\/x.com\\\/MuseuDali\",\"https:\\\/\\\/www.youtube.com\\\/user\\\/FundacioDali\",\"https:\\\/\\\/www.flickr.com\\\/fundacio_dali\\\/\",\"https:\\\/\\\/instagram.com\\\/museudali\"]}]}<\/script>\n<!-- \/ Yoast SEO plugin. -->","yoast_head_json":{"title":"Cicle de confer\u00e8ncies entorn a La Madona de Portlligat - Fundaci\u00f3 Gala - Salvador Dal\u00ed","robots":{"index":"index","follow":"follow","max-snippet":"max-snippet:-1","max-image-preview":"max-image-preview:large","max-video-preview":"max-video-preview:-1"},"canonical":"https:\/\/www.salvador-dali.org\/ca\/fundacio-dali\/noticia\/cicle-de-conferencies-entorn-a-la-madona-de-portlligat\/","og_locale":"ca_ES","og_type":"article","og_title":"Cicle de confer\u00e8ncies entorn a La Madona de Portlligat - Fundaci\u00f3 Gala - Salvador Dal\u00ed","og_description":"Els ponents seran les coordinadores de l'exposici\u00f3 Cl\u00e0udia Galli i Maria Carreras, aix\u00ed com Eva March, \u00c0lex Mitrani, Estrella de Diego i Jordi D\u00edaz-Marcos.","og_url":"https:\/\/www.salvador-dali.org\/ca\/fundacio-dali\/noticia\/cicle-de-conferencies-entorn-a-la-madona-de-portlligat\/","og_site_name":"Fundaci\u00f3 Gala - Salvador Dal\u00ed","article_publisher":"https:\/\/www.facebook.com\/MuseusDali","article_modified_time":"2025-12-18T14:44:04+00:00","og_image":[{"width":1923,"height":2549,"url":"https:\/\/www.salvador-dali.org\/wp-content\/uploads\/2025\/11\/F0482baixa.jpg","type":"image\/jpeg"}],"twitter_card":"summary_large_image","twitter_site":"@MuseuDali","twitter_misc":{"Temps estimat de lectura":"4 minuts"},"schema":{"@context":"https:\/\/schema.org","@graph":[{"@type":"WebPage","@id":"https:\/\/www.salvador-dali.org\/ca\/fundacio-dali\/noticia\/cicle-de-conferencies-entorn-a-la-madona-de-portlligat\/","url":"https:\/\/www.salvador-dali.org\/ca\/fundacio-dali\/noticia\/cicle-de-conferencies-entorn-a-la-madona-de-portlligat\/","name":"Cicle de confer\u00e8ncies entorn a La Madona de Portlligat - Fundaci\u00f3 Gala - Salvador Dal\u00ed","isPartOf":{"@id":"https:\/\/www.salvador-dali.org\/ca\/#website"},"primaryImageOfPage":{"@id":"https:\/\/www.salvador-dali.org\/ca\/fundacio-dali\/noticia\/cicle-de-conferencies-entorn-a-la-madona-de-portlligat\/#primaryimage"},"image":{"@id":"https:\/\/www.salvador-dali.org\/ca\/fundacio-dali\/noticia\/cicle-de-conferencies-entorn-a-la-madona-de-portlligat\/#primaryimage"},"thumbnailUrl":"https:\/\/www.salvador-dali.org\/wp-content\/uploads\/2025\/11\/F0482baixa.jpg","datePublished":"2025-10-06T13:43:15+00:00","dateModified":"2025-12-18T14:44:04+00:00","breadcrumb":{"@id":"https:\/\/www.salvador-dali.org\/ca\/fundacio-dali\/noticia\/cicle-de-conferencies-entorn-a-la-madona-de-portlligat\/#breadcrumb"},"inLanguage":"ca","potentialAction":[{"@type":"ReadAction","target":["https:\/\/www.salvador-dali.org\/ca\/fundacio-dali\/noticia\/cicle-de-conferencies-entorn-a-la-madona-de-portlligat\/"]}]},{"@type":"ImageObject","inLanguage":"ca","@id":"https:\/\/www.salvador-dali.org\/ca\/fundacio-dali\/noticia\/cicle-de-conferencies-entorn-a-la-madona-de-portlligat\/#primaryimage","url":"https:\/\/www.salvador-dali.org\/wp-content\/uploads\/2025\/11\/F0482baixa.jpg","contentUrl":"https:\/\/www.salvador-dali.org\/wp-content\/uploads\/2025\/11\/F0482baixa.jpg","width":1923,"height":2549},{"@type":"BreadcrumbList","@id":"https:\/\/www.salvador-dali.org\/ca\/fundacio-dali\/noticia\/cicle-de-conferencies-entorn-a-la-madona-de-portlligat\/#breadcrumb","itemListElement":[{"@type":"ListItem","position":1,"name":"Inici","item":"https:\/\/www.salvador-dali.org\/ca\/"},{"@type":"ListItem","position":2,"name":"Cicle de confer\u00e8ncies entorn a La Madona de Portlligat"}]},{"@type":"WebSite","@id":"https:\/\/www.salvador-dali.org\/ca\/#website","url":"https:\/\/www.salvador-dali.org\/ca\/","name":"Fundaci\u00f3 Gala - Salvador Dal\u00ed","description":"","publisher":{"@id":"https:\/\/www.salvador-dali.org\/ca\/#organization"},"potentialAction":[{"@type":"SearchAction","target":{"@type":"EntryPoint","urlTemplate":"https:\/\/www.salvador-dali.org\/ca\/?s={search_term_string}"},"query-input":{"@type":"PropertyValueSpecification","valueRequired":true,"valueName":"search_term_string"}}],"inLanguage":"ca"},{"@type":"Organization","@id":"https:\/\/www.salvador-dali.org\/ca\/#organization","name":"Fundaci\u00f3 Gala - Salvador Dal\u00ed","url":"https:\/\/www.salvador-dali.org\/ca\/","logo":{"@type":"ImageObject","inLanguage":"ca","@id":"https:\/\/www.salvador-dali.org\/ca\/#\/schema\/logo\/image\/","url":"https:\/\/www.salvador-dali.org\/wp-content\/uploads\/2025\/04\/fundacio-gala-salvador-dali.png","contentUrl":"https:\/\/www.salvador-dali.org\/wp-content\/uploads\/2025\/04\/fundacio-gala-salvador-dali.png","width":240,"height":240,"caption":"Fundaci\u00f3 Gala - Salvador Dal\u00ed"},"image":{"@id":"https:\/\/www.salvador-dali.org\/ca\/#\/schema\/logo\/image\/"},"sameAs":["https:\/\/www.facebook.com\/MuseusDali","https:\/\/x.com\/MuseuDali","https:\/\/www.youtube.com\/user\/FundacioDali","https:\/\/www.flickr.com\/fundacio_dali\/","https:\/\/instagram.com\/museudali"]}]}},"_links":{"self":[{"href":"https:\/\/www.salvador-dali.org\/ca\/wp-json\/wp\/v2\/noticia\/14607","targetHints":{"allow":["GET"]}}],"collection":[{"href":"https:\/\/www.salvador-dali.org\/ca\/wp-json\/wp\/v2\/noticia"}],"about":[{"href":"https:\/\/www.salvador-dali.org\/ca\/wp-json\/wp\/v2\/types\/noticia"}],"wp:featuredmedia":[{"embeddable":true,"href":"https:\/\/www.salvador-dali.org\/ca\/wp-json\/wp\/v2\/media\/14338"}],"wp:attachment":[{"href":"https:\/\/www.salvador-dali.org\/ca\/wp-json\/wp\/v2\/media?parent=14607"}],"wp:term":[{"taxonomy":"categoria-actualitat","embeddable":true,"href":"https:\/\/www.salvador-dali.org\/ca\/wp-json\/wp\/v2\/categoria-actualitat?post=14607"}],"curies":[{"name":"wp","href":"https:\/\/api.w.org\/{rel}","templated":true}]}}