{"id":4093,"date":"2004-07-01T00:00:00","date_gmt":"2004-06-30T22:00:00","guid":{"rendered":"https:\/\/www.salvador-dali.org\/noticia\/exposicio-antologica-dali\/"},"modified":"2004-07-01T00:00:00","modified_gmt":"2004-06-30T22:00:00","slug":"exposicio-antologica-dali","status":"publish","type":"noticia","link":"https:\/\/www.salvador-dali.org\/ca\/fundacio-dali\/noticia\/exposicio-antologica-dali\/","title":{"rendered":"Exposici\u00f3 antol\u00f2gica &#8220;Dal\u00ed&#8221;"},"content":{"rendered":"<p>Avui s\u2019ha presentat, a la seu del <a href=\"http:\/\/www.museudelcinema.org\/\">Museu del Cinema de Girona<\/a>, la mostra antol\u00f2gica sobre Salvador Dal\u00ed que es podr\u00e0 veure a partir del 12 de setembre i fins a gener de 2005 a Palazzo Grassi, Ven\u00e8cia, i posteriorment al Museu d\u2019Art de Filad\u00e8lfia.<\/p>\n<p>La presentaci\u00f3 ha anat a c\u00e0rrec del president de la Fundaci\u00f3 Gala-Salvador Dal\u00ed, Ramon Boixad\u00f3s, la comiss\u00e0ria de l\u2019Any Dal\u00ed i directora del Centre d\u2019Estudis Dalinians, Montse Aguer, la comiss\u00e0ria de l\u2019exposici\u00f3 antol\u00f2gica i experta en el surrealisme, Dawn Ades, i per part de Palazzo Grassi, el seu president i el director general, Cesare Annibaldi i Giuseppe Doneg\u00e0, respectivament.<\/p>\n<p>Juntament amb l\u2019exposici\u00f3 titulada \u201cDal\u00ed. Cultura de Masses\u201d, l\u2019antol\u00f2gica \u00e9s un dels projectes m\u00e9s importants del centenari. L\u2019exposici\u00f3 porta per t\u00edtol senzillament \u201cDal\u00ed\u201d i el muntatge ha anat a c\u00e0rrec de l\u2019arquitecte \u00d2scar Tusquets. Reunir\u00e0 unes 200 obres originals de 130 col.leccions de 15 pa\u00efsos diferents, algunes de les quals no havien sortit dels seus museus des de l\u2019antol\u00f2gica de l\u2019any 1983, segons va assenyalar Montse Aguer. Fins i tot es podran veure dues obres in\u00e8dites. Alguns dels t\u00edtols que s\u2019exposaran s\u00f3n <em>Vista de Cadaqu\u00e9s des del Pan\u00ed, El somni de Venus, La Desintegraci\u00f3 de la persist\u00e8ncia de la mem\u00f2ria, L\u2019Estaci\u00f3 de Perpiny\u00e0, La Madona de Port Lligat, Premonici\u00f3 de la guerra civil, Impressions d\u2019\u00c0frica, Noia de Figueres o Autoretrat tou amb bacon fregit<\/em>. La Fundaci\u00f3 Dal\u00ed hi deixa en pr\u00e9stec 23 olis, 19 dibuixos i documentaci\u00f3. El museu de Saint Petersburg (Florida) i el Museo Nacional Centro de Arte Reina Sof\u00eda de Madrid s\u00f3n, aix\u00ed mateix, alguns dels prestadors m\u00e9s importants. Ha suposat un gran esfor\u00e7 reunir aquestes peces, que abracen des de l\u2019any 1917 fins al 1983. Un dels objectius principals \u00e9s analitzar el recorregut art\u00edstic de Dal\u00ed des dels seus or\u00edgens fins al final de la seva traject\u00f2ria, mostrant no tan sols la producci\u00f3 pict\u00f2rica sin\u00f3 tamb\u00e9 altres facetes com la d\u2019escriptor, guionista, dissenyador o escen\u00f2graf. La mostra comen\u00e7ar\u00e0 pel final, i d\u2019aquesta manera es reivindica l\u2019\u00faltim Dal\u00ed, una \u00e8poca que Dawn Ades situa des del 1939 fins al 1983. Montse Aguer, comiss\u00e0ria adjunta d\u2019aquesta exposici\u00f3, ha destacat la import\u00e0ncia del cat\u00e0leg, editat per Bompiani, que es convertir\u00e0 en un llibre de refer\u00e8ncia per als estudiosos i, a m\u00e9s, servir\u00e0 per resituar Dal\u00ed.<\/p>\n<p>Palazzo Grassi \u00e9s una construcci\u00f3 de 1740 sobre el Gran Canal de Ven\u00e8cia. Va ser adquirit per FIAT l\u2019any 1984, que el va convertir en seu de grans exposicions internacionals sobre civilitzacions antigues, el Renaixement i artistes del s. XX. A la inauguraci\u00f3 de \u201cDal\u00ed\u201d hi assistiran S. M. Els Reis d\u2019Espanya i el president de la Rep\u00fablica d\u2019It\u00e0lia, Carlo Azeglio Ciampi.<\/p>\n<p>El Museu del Cinema de Girona, que mostra temporalment \u201cDal\u00ed i les il\u00b7lusions \u00f2ptiques. Els aliats del pinzell\u201d, ha estat l\u2019escenari d\u2019aquesta roda de premsa. Ha coincidit amb un viatge de premsa italiana organitzat per Palazzo Grassi i la Fundaci\u00f3 Gala-Salvador Dal\u00ed durant els dies 29 i 30 de juny i 1 de juliol, amb la col\u00b7laboraci\u00f3 del Patronat de Turisme Costa Brava Girona i Turisme de Catalunya. Els periodistes, majorit\u00e0riament de Ven\u00e8cia, Roma i Mil\u00e0, han pogut visitar el triangle dalini\u00e0, aix\u00ed com les instal\u00b7lacions del Castell de Peralada, el Museu de l\u2019Empord\u00e0, que actualment acull la mostra \u201cEl Pa\u00eds de Dal\u00ed\u201d i, finalment, la col\u00b7lecci\u00f3 permanent i l\u2019exposici\u00f3 temporal del Museu del Cinema.<\/p>\n","protected":false},"excerpt":{"rendered":"<p>Avui s\u2019ha presentat, a la seu del Museu del Cinema de Girona, la mostra antol\u00f2gica sobre Salvador Dal\u00ed que es podr\u00e0 veure a partir del 12 de setembre i fins a gener de 2005 a Palazzo Grassi, Ven\u00e8cia, i posteriorment al Museu d\u2019Art de Filad\u00e8lfia. La presentaci\u00f3 ha anat a c\u00e0rrec del president de la [&hellip;]<\/p>\n","protected":false},"featured_media":0,"menu_order":0,"template":"","format":"standard","meta":{"_acf_changed":false,"_coblocks_attr":"","_coblocks_dimensions":"","_coblocks_responsive_height":"","_coblocks_accordion_ie_support":""},"categoria-actualitat":[83,78],"class_list":["post-4093","noticia","type-noticia","status-publish","format-standard","hentry","categoria-actualitat-any-dali","categoria-actualitat-exposicions"],"acf":[],"yoast_head":"<!-- This site is optimized with the Yoast SEO plugin v27.5 - https:\/\/yoast.com\/product\/yoast-seo-wordpress\/ -->\n<title>Exposici\u00f3 antol\u00f2gica &quot;Dal\u00ed&quot; - Fundaci\u00f3 Gala - Salvador Dal\u00ed<\/title>\n<meta name=\"robots\" content=\"index, follow, max-snippet:-1, max-image-preview:large, max-video-preview:-1\" \/>\n<link rel=\"canonical\" href=\"https:\/\/www.salvador-dali.org\/ca\/fundacio-dali\/noticia\/exposicio-antologica-dali\/\" \/>\n<meta property=\"og:locale\" content=\"ca_ES\" \/>\n<meta property=\"og:type\" content=\"article\" \/>\n<meta property=\"og:title\" content=\"Exposici\u00f3 antol\u00f2gica &quot;Dal\u00ed&quot; - Fundaci\u00f3 Gala - Salvador Dal\u00ed\" \/>\n<meta property=\"og:description\" content=\"Avui s\u2019ha presentat, a la seu del Museu del Cinema de Girona, la mostra antol\u00f2gica sobre Salvador Dal\u00ed que es podr\u00e0 veure a partir del 12 de setembre i fins a gener de 2005 a Palazzo Grassi, Ven\u00e8cia, i posteriorment al Museu d\u2019Art de Filad\u00e8lfia. La presentaci\u00f3 ha anat a c\u00e0rrec del president de la [&hellip;]\" \/>\n<meta property=\"og:url\" content=\"https:\/\/www.salvador-dali.org\/ca\/fundacio-dali\/noticia\/exposicio-antologica-dali\/\" \/>\n<meta property=\"og:site_name\" content=\"Fundaci\u00f3 Gala - Salvador Dal\u00ed\" \/>\n<meta property=\"article:publisher\" content=\"https:\/\/www.facebook.com\/MuseusDali\" \/>\n<meta name=\"twitter:card\" content=\"summary_large_image\" \/>\n<meta name=\"twitter:site\" content=\"@MuseuDali\" \/>\n<meta name=\"twitter:label1\" content=\"Temps estimat de lectura\" \/>\n\t<meta name=\"twitter:data1\" content=\"3 minuts\" \/>\n<script type=\"application\/ld+json\" class=\"yoast-schema-graph\">{\"@context\":\"https:\\\/\\\/schema.org\",\"@graph\":[{\"@type\":\"WebPage\",\"@id\":\"https:\\\/\\\/www.salvador-dali.org\\\/ca\\\/fundacio-dali\\\/noticia\\\/exposicio-antologica-dali\\\/\",\"url\":\"https:\\\/\\\/www.salvador-dali.org\\\/ca\\\/fundacio-dali\\\/noticia\\\/exposicio-antologica-dali\\\/\",\"name\":\"Exposici\u00f3 antol\u00f2gica \\\"Dal\u00ed\\\" - Fundaci\u00f3 Gala - Salvador Dal\u00ed\",\"isPartOf\":{\"@id\":\"https:\\\/\\\/www.salvador-dali.org\\\/ca\\\/#website\"},\"datePublished\":\"2004-06-30T22:00:00+00:00\",\"breadcrumb\":{\"@id\":\"https:\\\/\\\/www.salvador-dali.org\\\/ca\\\/fundacio-dali\\\/noticia\\\/exposicio-antologica-dali\\\/#breadcrumb\"},\"inLanguage\":\"ca\",\"potentialAction\":[{\"@type\":\"ReadAction\",\"target\":[\"https:\\\/\\\/www.salvador-dali.org\\\/ca\\\/fundacio-dali\\\/noticia\\\/exposicio-antologica-dali\\\/\"]}]},{\"@type\":\"BreadcrumbList\",\"@id\":\"https:\\\/\\\/www.salvador-dali.org\\\/ca\\\/fundacio-dali\\\/noticia\\\/exposicio-antologica-dali\\\/#breadcrumb\",\"itemListElement\":[{\"@type\":\"ListItem\",\"position\":1,\"name\":\"Inici\",\"item\":\"https:\\\/\\\/www.salvador-dali.org\\\/ca\\\/\"},{\"@type\":\"ListItem\",\"position\":2,\"name\":\"Exposici\u00f3 antol\u00f2gica &#8220;Dal\u00ed&#8221;\"}]},{\"@type\":\"WebSite\",\"@id\":\"https:\\\/\\\/www.salvador-dali.org\\\/ca\\\/#website\",\"url\":\"https:\\\/\\\/www.salvador-dali.org\\\/ca\\\/\",\"name\":\"Fundaci\u00f3 Gala - Salvador Dal\u00ed\",\"description\":\"\",\"publisher\":{\"@id\":\"https:\\\/\\\/www.salvador-dali.org\\\/ca\\\/#organization\"},\"potentialAction\":[{\"@type\":\"SearchAction\",\"target\":{\"@type\":\"EntryPoint\",\"urlTemplate\":\"https:\\\/\\\/www.salvador-dali.org\\\/ca\\\/?s={search_term_string}\"},\"query-input\":{\"@type\":\"PropertyValueSpecification\",\"valueRequired\":true,\"valueName\":\"search_term_string\"}}],\"inLanguage\":\"ca\"},{\"@type\":\"Organization\",\"@id\":\"https:\\\/\\\/www.salvador-dali.org\\\/ca\\\/#organization\",\"name\":\"Fundaci\u00f3 Gala - Salvador Dal\u00ed\",\"url\":\"https:\\\/\\\/www.salvador-dali.org\\\/ca\\\/\",\"logo\":{\"@type\":\"ImageObject\",\"inLanguage\":\"ca\",\"@id\":\"https:\\\/\\\/www.salvador-dali.org\\\/ca\\\/#\\\/schema\\\/logo\\\/image\\\/\",\"url\":\"https:\\\/\\\/www.salvador-dali.org\\\/wp-content\\\/uploads\\\/2025\\\/04\\\/fundacio-gala-salvador-dali.png\",\"contentUrl\":\"https:\\\/\\\/www.salvador-dali.org\\\/wp-content\\\/uploads\\\/2025\\\/04\\\/fundacio-gala-salvador-dali.png\",\"width\":240,\"height\":240,\"caption\":\"Fundaci\u00f3 Gala - Salvador Dal\u00ed\"},\"image\":{\"@id\":\"https:\\\/\\\/www.salvador-dali.org\\\/ca\\\/#\\\/schema\\\/logo\\\/image\\\/\"},\"sameAs\":[\"https:\\\/\\\/www.facebook.com\\\/MuseusDali\",\"https:\\\/\\\/x.com\\\/MuseuDali\",\"https:\\\/\\\/www.youtube.com\\\/user\\\/FundacioDali\",\"https:\\\/\\\/www.flickr.com\\\/fundacio_dali\\\/\",\"https:\\\/\\\/instagram.com\\\/museudali\"]}]}<\/script>\n<!-- \/ Yoast SEO plugin. -->","yoast_head_json":{"title":"Exposici\u00f3 antol\u00f2gica \"Dal\u00ed\" - Fundaci\u00f3 Gala - Salvador Dal\u00ed","robots":{"index":"index","follow":"follow","max-snippet":"max-snippet:-1","max-image-preview":"max-image-preview:large","max-video-preview":"max-video-preview:-1"},"canonical":"https:\/\/www.salvador-dali.org\/ca\/fundacio-dali\/noticia\/exposicio-antologica-dali\/","og_locale":"ca_ES","og_type":"article","og_title":"Exposici\u00f3 antol\u00f2gica \"Dal\u00ed\" - Fundaci\u00f3 Gala - Salvador Dal\u00ed","og_description":"Avui s\u2019ha presentat, a la seu del Museu del Cinema de Girona, la mostra antol\u00f2gica sobre Salvador Dal\u00ed que es podr\u00e0 veure a partir del 12 de setembre i fins a gener de 2005 a Palazzo Grassi, Ven\u00e8cia, i posteriorment al Museu d\u2019Art de Filad\u00e8lfia. La presentaci\u00f3 ha anat a c\u00e0rrec del president de la [&hellip;]","og_url":"https:\/\/www.salvador-dali.org\/ca\/fundacio-dali\/noticia\/exposicio-antologica-dali\/","og_site_name":"Fundaci\u00f3 Gala - Salvador Dal\u00ed","article_publisher":"https:\/\/www.facebook.com\/MuseusDali","twitter_card":"summary_large_image","twitter_site":"@MuseuDali","twitter_misc":{"Temps estimat de lectura":"3 minuts"},"schema":{"@context":"https:\/\/schema.org","@graph":[{"@type":"WebPage","@id":"https:\/\/www.salvador-dali.org\/ca\/fundacio-dali\/noticia\/exposicio-antologica-dali\/","url":"https:\/\/www.salvador-dali.org\/ca\/fundacio-dali\/noticia\/exposicio-antologica-dali\/","name":"Exposici\u00f3 antol\u00f2gica \"Dal\u00ed\" - Fundaci\u00f3 Gala - Salvador Dal\u00ed","isPartOf":{"@id":"https:\/\/www.salvador-dali.org\/ca\/#website"},"datePublished":"2004-06-30T22:00:00+00:00","breadcrumb":{"@id":"https:\/\/www.salvador-dali.org\/ca\/fundacio-dali\/noticia\/exposicio-antologica-dali\/#breadcrumb"},"inLanguage":"ca","potentialAction":[{"@type":"ReadAction","target":["https:\/\/www.salvador-dali.org\/ca\/fundacio-dali\/noticia\/exposicio-antologica-dali\/"]}]},{"@type":"BreadcrumbList","@id":"https:\/\/www.salvador-dali.org\/ca\/fundacio-dali\/noticia\/exposicio-antologica-dali\/#breadcrumb","itemListElement":[{"@type":"ListItem","position":1,"name":"Inici","item":"https:\/\/www.salvador-dali.org\/ca\/"},{"@type":"ListItem","position":2,"name":"Exposici\u00f3 antol\u00f2gica &#8220;Dal\u00ed&#8221;"}]},{"@type":"WebSite","@id":"https:\/\/www.salvador-dali.org\/ca\/#website","url":"https:\/\/www.salvador-dali.org\/ca\/","name":"Fundaci\u00f3 Gala - Salvador Dal\u00ed","description":"","publisher":{"@id":"https:\/\/www.salvador-dali.org\/ca\/#organization"},"potentialAction":[{"@type":"SearchAction","target":{"@type":"EntryPoint","urlTemplate":"https:\/\/www.salvador-dali.org\/ca\/?s={search_term_string}"},"query-input":{"@type":"PropertyValueSpecification","valueRequired":true,"valueName":"search_term_string"}}],"inLanguage":"ca"},{"@type":"Organization","@id":"https:\/\/www.salvador-dali.org\/ca\/#organization","name":"Fundaci\u00f3 Gala - Salvador Dal\u00ed","url":"https:\/\/www.salvador-dali.org\/ca\/","logo":{"@type":"ImageObject","inLanguage":"ca","@id":"https:\/\/www.salvador-dali.org\/ca\/#\/schema\/logo\/image\/","url":"https:\/\/www.salvador-dali.org\/wp-content\/uploads\/2025\/04\/fundacio-gala-salvador-dali.png","contentUrl":"https:\/\/www.salvador-dali.org\/wp-content\/uploads\/2025\/04\/fundacio-gala-salvador-dali.png","width":240,"height":240,"caption":"Fundaci\u00f3 Gala - Salvador Dal\u00ed"},"image":{"@id":"https:\/\/www.salvador-dali.org\/ca\/#\/schema\/logo\/image\/"},"sameAs":["https:\/\/www.facebook.com\/MuseusDali","https:\/\/x.com\/MuseuDali","https:\/\/www.youtube.com\/user\/FundacioDali","https:\/\/www.flickr.com\/fundacio_dali\/","https:\/\/instagram.com\/museudali"]}]}},"_links":{"self":[{"href":"https:\/\/www.salvador-dali.org\/ca\/wp-json\/wp\/v2\/noticia\/4093","targetHints":{"allow":["GET"]}}],"collection":[{"href":"https:\/\/www.salvador-dali.org\/ca\/wp-json\/wp\/v2\/noticia"}],"about":[{"href":"https:\/\/www.salvador-dali.org\/ca\/wp-json\/wp\/v2\/types\/noticia"}],"wp:attachment":[{"href":"https:\/\/www.salvador-dali.org\/ca\/wp-json\/wp\/v2\/media?parent=4093"}],"wp:term":[{"taxonomy":"categoria-actualitat","embeddable":true,"href":"https:\/\/www.salvador-dali.org\/ca\/wp-json\/wp\/v2\/categoria-actualitat?post=4093"}],"curies":[{"name":"wp","href":"https:\/\/api.w.org\/{rel}","templated":true}]}}