{"id":4184,"date":"2006-11-27T00:00:00","date_gmt":"2006-11-26T22:00:00","guid":{"rendered":"https:\/\/www.salvador-dali.org\/noticia\/josep-vilarasau-salat-nou-patro-vitalici\/"},"modified":"2006-11-27T00:00:00","modified_gmt":"2006-11-26T22:00:00","slug":"josep-vilarasau-salat-nou-patro-vitalici","status":"publish","type":"noticia","link":"https:\/\/www.salvador-dali.org\/ca\/fundacio-dali\/noticia\/josep-vilarasau-salat-nou-patro-vitalici\/","title":{"rendered":"Josep Vilarasau Salat, nou patr\u00f3 vitalici"},"content":{"rendered":"<p>El nomenament s&#8217;ha celebrat avui, 27 de novembre, en el decurs de la Junta Extraordin\u00e0ria del Patronat, a Torre Galatea.<\/p>\n<div>Breu nota biogr\u00e0fica:<\/div>\n<div>Josep Vilarasau Salat (Barcelona, 1931):<\/div>\n<ul>\n<li>\u00a0Doctor Enginyer Industrial.<\/li>\n<li>Llicenciat en Ci\u00e8ncies Econ\u00f2miques i Empresarials.<\/li>\n<li>Professor d\u2019Economia a la Escuela Superior de Ingenieros Industriales de Madrid.<\/li>\n<li>Doctor Honoris Causa per la Universitat d\u2019Indiana, el 1997.<\/li>\n<li>Ingressa, per oposici\u00f3, en el Cos Especial d\u2019Enginyers Industrials al servei de la Hisenda P\u00fablica.<\/li>\n<li>El 1966 \u00e9s nomenat Director General Adjunt de la Compa\u00f1\u00eda Telef\u00f3nica Nacional de Espa\u00f1a.<\/li>\n<li>El novembre de 1969 \u00e9s nomenat Director General del Tresor i Pressupostos del Ministeri d\u2019Hisenda.<\/li>\n<li>El gener de 1972 \u00e9s nomenat Director General de Pol\u00edtica Financera del mateix Departament.<\/li>\n<li>El febrer de 1974 \u00e9s nomenat Director General de CAMPSA.<\/li>\n<li>El 2 de mar\u00e7 de 1976 \u00e9s nomenat Director General de la Caixa de Pensions, \u201cla Caixa\u201d.<\/li>\n<li>Des del 31 de gener de 1989 fins al 17 de novembre de 1998 \u00e9s President d\u2019Autopistas, Concesionaria Espa\u00f1ola, S.A. (ACESA).<\/li>\n<li>El 27 de juliol de 1990, en fusionar-se la Caixa de Pensions i la Caixa de Barcelona, \u00e9s nomenat Director General de la Caixa d\u2019Estalvis i Pensions de Barcelona, \u201cla Caixa\u201d, c\u00e0rrec que ostenta fins al 28 de gener de 1999, en qu\u00e8 \u00e9s nomenat President de \u201cla Caixa\u201d i de la Fundaci\u00f3 \u201cla Caixa\u201d.<\/li>\n<\/ul>\n","protected":false},"excerpt":{"rendered":"<p>El nomenament s&#8217;ha celebrat avui, 27 de novembre, en el decurs de la Junta Extraordin\u00e0ria del Patronat, a Torre Galatea. Breu nota biogr\u00e0fica: Josep Vilarasau Salat (Barcelona, 1931): \u00a0Doctor Enginyer Industrial. Llicenciat en Ci\u00e8ncies Econ\u00f2miques i Empresarials. Professor d\u2019Economia a la Escuela Superior de Ingenieros Industriales de Madrid. Doctor Honoris Causa per la Universitat d\u2019Indiana, [&hellip;]<\/p>\n","protected":false},"featured_media":0,"menu_order":0,"template":"","format":"standard","meta":{"_acf_changed":false,"_coblocks_attr":"","_coblocks_dimensions":"","_coblocks_responsive_height":"","_coblocks_accordion_ie_support":""},"categoria-actualitat":[79],"class_list":["post-4184","noticia","type-noticia","status-publish","format-standard","hentry","categoria-actualitat-fundacio-gala-salvador-dali"],"acf":[],"yoast_head":"<!-- This site is optimized with the Yoast SEO plugin v27.5 - https:\/\/yoast.com\/product\/yoast-seo-wordpress\/ -->\n<title>Josep Vilarasau Salat, nou patr\u00f3 vitalici - Fundaci\u00f3 Gala - Salvador Dal\u00ed<\/title>\n<meta name=\"robots\" content=\"index, follow, max-snippet:-1, max-image-preview:large, max-video-preview:-1\" \/>\n<link rel=\"canonical\" href=\"https:\/\/www.salvador-dali.org\/ca\/fundacio-dali\/noticia\/josep-vilarasau-salat-nou-patro-vitalici\/\" \/>\n<meta property=\"og:locale\" content=\"ca_ES\" \/>\n<meta property=\"og:type\" content=\"article\" \/>\n<meta property=\"og:title\" content=\"Josep Vilarasau Salat, nou patr\u00f3 vitalici - Fundaci\u00f3 Gala - Salvador Dal\u00ed\" \/>\n<meta property=\"og:description\" content=\"El nomenament s&#8217;ha celebrat avui, 27 de novembre, en el decurs de la Junta Extraordin\u00e0ria del Patronat, a Torre Galatea. Breu nota biogr\u00e0fica: Josep Vilarasau Salat (Barcelona, 1931): \u00a0Doctor Enginyer Industrial. Llicenciat en Ci\u00e8ncies Econ\u00f2miques i Empresarials. Professor d\u2019Economia a la Escuela Superior de Ingenieros Industriales de Madrid. Doctor Honoris Causa per la Universitat d\u2019Indiana, [&hellip;]\" \/>\n<meta property=\"og:url\" content=\"https:\/\/www.salvador-dali.org\/ca\/fundacio-dali\/noticia\/josep-vilarasau-salat-nou-patro-vitalici\/\" \/>\n<meta property=\"og:site_name\" content=\"Fundaci\u00f3 Gala - Salvador Dal\u00ed\" \/>\n<meta property=\"article:publisher\" content=\"https:\/\/www.facebook.com\/MuseusDali\" \/>\n<meta name=\"twitter:card\" content=\"summary_large_image\" \/>\n<meta name=\"twitter:site\" content=\"@MuseuDali\" \/>\n<meta name=\"twitter:label1\" content=\"Temps estimat de lectura\" \/>\n\t<meta name=\"twitter:data1\" content=\"1 minut\" \/>\n<script type=\"application\/ld+json\" class=\"yoast-schema-graph\">{\"@context\":\"https:\\\/\\\/schema.org\",\"@graph\":[{\"@type\":\"WebPage\",\"@id\":\"https:\\\/\\\/www.salvador-dali.org\\\/ca\\\/fundacio-dali\\\/noticia\\\/josep-vilarasau-salat-nou-patro-vitalici\\\/\",\"url\":\"https:\\\/\\\/www.salvador-dali.org\\\/ca\\\/fundacio-dali\\\/noticia\\\/josep-vilarasau-salat-nou-patro-vitalici\\\/\",\"name\":\"Josep Vilarasau Salat, nou patr\u00f3 vitalici - Fundaci\u00f3 Gala - Salvador Dal\u00ed\",\"isPartOf\":{\"@id\":\"https:\\\/\\\/www.salvador-dali.org\\\/ca\\\/#website\"},\"datePublished\":\"2006-11-26T22:00:00+00:00\",\"breadcrumb\":{\"@id\":\"https:\\\/\\\/www.salvador-dali.org\\\/ca\\\/fundacio-dali\\\/noticia\\\/josep-vilarasau-salat-nou-patro-vitalici\\\/#breadcrumb\"},\"inLanguage\":\"ca\",\"potentialAction\":[{\"@type\":\"ReadAction\",\"target\":[\"https:\\\/\\\/www.salvador-dali.org\\\/ca\\\/fundacio-dali\\\/noticia\\\/josep-vilarasau-salat-nou-patro-vitalici\\\/\"]}]},{\"@type\":\"BreadcrumbList\",\"@id\":\"https:\\\/\\\/www.salvador-dali.org\\\/ca\\\/fundacio-dali\\\/noticia\\\/josep-vilarasau-salat-nou-patro-vitalici\\\/#breadcrumb\",\"itemListElement\":[{\"@type\":\"ListItem\",\"position\":1,\"name\":\"Inici\",\"item\":\"https:\\\/\\\/www.salvador-dali.org\\\/ca\\\/\"},{\"@type\":\"ListItem\",\"position\":2,\"name\":\"Josep Vilarasau Salat, nou patr\u00f3 vitalici\"}]},{\"@type\":\"WebSite\",\"@id\":\"https:\\\/\\\/www.salvador-dali.org\\\/ca\\\/#website\",\"url\":\"https:\\\/\\\/www.salvador-dali.org\\\/ca\\\/\",\"name\":\"Fundaci\u00f3 Gala - Salvador Dal\u00ed\",\"description\":\"\",\"publisher\":{\"@id\":\"https:\\\/\\\/www.salvador-dali.org\\\/ca\\\/#organization\"},\"potentialAction\":[{\"@type\":\"SearchAction\",\"target\":{\"@type\":\"EntryPoint\",\"urlTemplate\":\"https:\\\/\\\/www.salvador-dali.org\\\/ca\\\/?s={search_term_string}\"},\"query-input\":{\"@type\":\"PropertyValueSpecification\",\"valueRequired\":true,\"valueName\":\"search_term_string\"}}],\"inLanguage\":\"ca\"},{\"@type\":\"Organization\",\"@id\":\"https:\\\/\\\/www.salvador-dali.org\\\/ca\\\/#organization\",\"name\":\"Fundaci\u00f3 Gala - Salvador Dal\u00ed\",\"url\":\"https:\\\/\\\/www.salvador-dali.org\\\/ca\\\/\",\"logo\":{\"@type\":\"ImageObject\",\"inLanguage\":\"ca\",\"@id\":\"https:\\\/\\\/www.salvador-dali.org\\\/ca\\\/#\\\/schema\\\/logo\\\/image\\\/\",\"url\":\"https:\\\/\\\/www.salvador-dali.org\\\/wp-content\\\/uploads\\\/2025\\\/04\\\/fundacio-gala-salvador-dali.png\",\"contentUrl\":\"https:\\\/\\\/www.salvador-dali.org\\\/wp-content\\\/uploads\\\/2025\\\/04\\\/fundacio-gala-salvador-dali.png\",\"width\":240,\"height\":240,\"caption\":\"Fundaci\u00f3 Gala - Salvador Dal\u00ed\"},\"image\":{\"@id\":\"https:\\\/\\\/www.salvador-dali.org\\\/ca\\\/#\\\/schema\\\/logo\\\/image\\\/\"},\"sameAs\":[\"https:\\\/\\\/www.facebook.com\\\/MuseusDali\",\"https:\\\/\\\/x.com\\\/MuseuDali\",\"https:\\\/\\\/www.youtube.com\\\/user\\\/FundacioDali\",\"https:\\\/\\\/www.flickr.com\\\/fundacio_dali\\\/\",\"https:\\\/\\\/instagram.com\\\/museudali\"]}]}<\/script>\n<!-- \/ Yoast SEO plugin. -->","yoast_head_json":{"title":"Josep Vilarasau Salat, nou patr\u00f3 vitalici - Fundaci\u00f3 Gala - Salvador Dal\u00ed","robots":{"index":"index","follow":"follow","max-snippet":"max-snippet:-1","max-image-preview":"max-image-preview:large","max-video-preview":"max-video-preview:-1"},"canonical":"https:\/\/www.salvador-dali.org\/ca\/fundacio-dali\/noticia\/josep-vilarasau-salat-nou-patro-vitalici\/","og_locale":"ca_ES","og_type":"article","og_title":"Josep Vilarasau Salat, nou patr\u00f3 vitalici - Fundaci\u00f3 Gala - Salvador Dal\u00ed","og_description":"El nomenament s&#8217;ha celebrat avui, 27 de novembre, en el decurs de la Junta Extraordin\u00e0ria del Patronat, a Torre Galatea. Breu nota biogr\u00e0fica: Josep Vilarasau Salat (Barcelona, 1931): \u00a0Doctor Enginyer Industrial. Llicenciat en Ci\u00e8ncies Econ\u00f2miques i Empresarials. Professor d\u2019Economia a la Escuela Superior de Ingenieros Industriales de Madrid. Doctor Honoris Causa per la Universitat d\u2019Indiana, [&hellip;]","og_url":"https:\/\/www.salvador-dali.org\/ca\/fundacio-dali\/noticia\/josep-vilarasau-salat-nou-patro-vitalici\/","og_site_name":"Fundaci\u00f3 Gala - Salvador Dal\u00ed","article_publisher":"https:\/\/www.facebook.com\/MuseusDali","twitter_card":"summary_large_image","twitter_site":"@MuseuDali","twitter_misc":{"Temps estimat de lectura":"1 minut"},"schema":{"@context":"https:\/\/schema.org","@graph":[{"@type":"WebPage","@id":"https:\/\/www.salvador-dali.org\/ca\/fundacio-dali\/noticia\/josep-vilarasau-salat-nou-patro-vitalici\/","url":"https:\/\/www.salvador-dali.org\/ca\/fundacio-dali\/noticia\/josep-vilarasau-salat-nou-patro-vitalici\/","name":"Josep Vilarasau Salat, nou patr\u00f3 vitalici - Fundaci\u00f3 Gala - Salvador Dal\u00ed","isPartOf":{"@id":"https:\/\/www.salvador-dali.org\/ca\/#website"},"datePublished":"2006-11-26T22:00:00+00:00","breadcrumb":{"@id":"https:\/\/www.salvador-dali.org\/ca\/fundacio-dali\/noticia\/josep-vilarasau-salat-nou-patro-vitalici\/#breadcrumb"},"inLanguage":"ca","potentialAction":[{"@type":"ReadAction","target":["https:\/\/www.salvador-dali.org\/ca\/fundacio-dali\/noticia\/josep-vilarasau-salat-nou-patro-vitalici\/"]}]},{"@type":"BreadcrumbList","@id":"https:\/\/www.salvador-dali.org\/ca\/fundacio-dali\/noticia\/josep-vilarasau-salat-nou-patro-vitalici\/#breadcrumb","itemListElement":[{"@type":"ListItem","position":1,"name":"Inici","item":"https:\/\/www.salvador-dali.org\/ca\/"},{"@type":"ListItem","position":2,"name":"Josep Vilarasau Salat, nou patr\u00f3 vitalici"}]},{"@type":"WebSite","@id":"https:\/\/www.salvador-dali.org\/ca\/#website","url":"https:\/\/www.salvador-dali.org\/ca\/","name":"Fundaci\u00f3 Gala - Salvador Dal\u00ed","description":"","publisher":{"@id":"https:\/\/www.salvador-dali.org\/ca\/#organization"},"potentialAction":[{"@type":"SearchAction","target":{"@type":"EntryPoint","urlTemplate":"https:\/\/www.salvador-dali.org\/ca\/?s={search_term_string}"},"query-input":{"@type":"PropertyValueSpecification","valueRequired":true,"valueName":"search_term_string"}}],"inLanguage":"ca"},{"@type":"Organization","@id":"https:\/\/www.salvador-dali.org\/ca\/#organization","name":"Fundaci\u00f3 Gala - Salvador Dal\u00ed","url":"https:\/\/www.salvador-dali.org\/ca\/","logo":{"@type":"ImageObject","inLanguage":"ca","@id":"https:\/\/www.salvador-dali.org\/ca\/#\/schema\/logo\/image\/","url":"https:\/\/www.salvador-dali.org\/wp-content\/uploads\/2025\/04\/fundacio-gala-salvador-dali.png","contentUrl":"https:\/\/www.salvador-dali.org\/wp-content\/uploads\/2025\/04\/fundacio-gala-salvador-dali.png","width":240,"height":240,"caption":"Fundaci\u00f3 Gala - Salvador Dal\u00ed"},"image":{"@id":"https:\/\/www.salvador-dali.org\/ca\/#\/schema\/logo\/image\/"},"sameAs":["https:\/\/www.facebook.com\/MuseusDali","https:\/\/x.com\/MuseuDali","https:\/\/www.youtube.com\/user\/FundacioDali","https:\/\/www.flickr.com\/fundacio_dali\/","https:\/\/instagram.com\/museudali"]}]}},"_links":{"self":[{"href":"https:\/\/www.salvador-dali.org\/ca\/wp-json\/wp\/v2\/noticia\/4184","targetHints":{"allow":["GET"]}}],"collection":[{"href":"https:\/\/www.salvador-dali.org\/ca\/wp-json\/wp\/v2\/noticia"}],"about":[{"href":"https:\/\/www.salvador-dali.org\/ca\/wp-json\/wp\/v2\/types\/noticia"}],"wp:attachment":[{"href":"https:\/\/www.salvador-dali.org\/ca\/wp-json\/wp\/v2\/media?parent=4184"}],"wp:term":[{"taxonomy":"categoria-actualitat","embeddable":true,"href":"https:\/\/www.salvador-dali.org\/ca\/wp-json\/wp\/v2\/categoria-actualitat?post=4184"}],"curies":[{"name":"wp","href":"https:\/\/api.w.org\/{rel}","templated":true}]}}