{"id":4358,"date":"2009-03-23T00:00:00","date_gmt":"2009-03-22T22:00:00","guid":{"rendered":"https:\/\/www.salvador-dali.org\/noticia\/presentacio-de-la-memoria-2008-i-darrera-adquisicio\/"},"modified":"2009-03-23T00:00:00","modified_gmt":"2009-03-22T22:00:00","slug":"presentacio-de-la-memoria-2008-i-darrera-adquisicio","status":"publish","type":"noticia","link":"https:\/\/www.salvador-dali.org\/ca\/fundacio-dali\/noticia\/presentacio-de-la-memoria-2008-i-darrera-adquisicio\/","title":{"rendered":"Presentaci\u00f3 de la mem\u00f2ria 2008 i darrera adquisici\u00f3"},"content":{"rendered":"<p>Avui 23 de mar\u00e7 a les onze del mat\u00ed s\u2019ha presentat a la Sala de els Loggies del Teatre-Museu Dal\u00ed, a Figueres, la Mem\u00f2ria Anual d\u2019activitats i econ\u00f2mica de la Fundaci\u00f3 Gala-Salvador Dal\u00ed corresponent a l\u2019exercici 2008, despr\u00e9s que es reunissin dimarts dia 17 a Figueres els membres del Patronat en junta ordin\u00e0ria. La presentaci\u00f3 de l\u2019informe als mitjans de comunicaci\u00f3 ha anat a c\u00e0rrec de Montse Aguer, directora del Centre d\u2019Estudis Dalinians, i Joan Manuel Sevillano, gerent. Aix\u00ed mateix, durant l\u2019acte, Antoni Pitxot, director del Teatre-Museu Dal\u00ed i vicepresident de la Fundaci\u00f3 Dal\u00ed, ha presentat la darrera adquisici\u00f3 d\u2019obra de l\u2019artista, tres dibuixos que Salvador Dal\u00ed va realitzar per il\u2022lustrar el llibre <em>50 secrets m\u00e0gics per pintar<\/em>.<\/p>\n<p>Vegeu el <a href=\"https:\/\/www.youtube.com\/watch?v=Rx_bPGAAd-o\">v\u00eddeo<\/a> de la presentaci\u00f3.<\/p>\n<p>Podeu consultar el document de la <a href=\"\/media\/upload\/arxius\/memories\/memoria08catesp.pdf\">Mem\u00f2ria 2008<\/a> en format PDF.<\/p>\n<p><strong>Presentaci\u00f3 de la darrera adquisici\u00f3 d\u2019obra de Salvador Dal\u00ed<\/strong><br \/>\nEl patrimoni art\u00edstic i documental que gestiona actualment la Fundaci\u00f3 Gala-Salvador Dal\u00ed se situa prop dels 200 milions d\u2019euros. La Fundaci\u00f3 ha dut a terme una intensa tasca d\u2019adquisici\u00f3 d\u2019obres. M\u00e9s de 300 peces que actualment tenen un valor global de prop de 26 milions d\u2019euros, amb fons generats \u00edntegrament per la seva activitat.<\/p>\n<p>Les tres obres que la Fundaci\u00f3 Gala-Salvador Dal\u00ed ha presentat al Teatre-Museu Dal\u00ed s\u00f3n tres dibuixos procedents d\u2019una col\u2022lecci\u00f3 particular, il\u2022lustracions de l\u2019any 1947 per al llibre escrit pel mateix Dal\u00ed titulat <em>50 Secrets of Magic Craftsmanship<\/em>. Dal\u00ed publica aquest tractat per a pintar a l\u2019editorial de Nova York Dial Press el 1948, amb la qual ja havia publicat dos llibres m\u00e9s, <em>The Secret Life of Salvador Dal\u00ed<\/em> (La Vida secreta de Salvador Dal\u00ed) i la seva novel\u2022la <em>Hidden Faces<\/em> (Rostres ocults), tots tres escrits durant la seva estada ininterrompuda als Estats Units del 1940 al 1948. 50 secrets m\u00e0gics per a pintar \u00e9s un tractat de pintura per\u00f2 tamb\u00e9 \u00e9s un llibre ple de refer\u00e8ncies autobiogr\u00e0fiques, an\u00e8cdotes, cites pr\u00f2pies i alienes. \u00c9s un al\u2022legat a favor de la tradici\u00f3, representada pels pintors i els arquitectes del Renaixement \u2014Rafael, Leonardo, Bramante, Palladio.<\/p>\n<p>L\u2019edici\u00f3 del llibre ve acompanyada de l\u00e0mines a color d\u2019algunes de les grans obres de la tradici\u00f3, amb grans escenaris d\u2019arquitectura cl\u00e0ssica reprodu\u00efts en p\u00e0gines dobles i tractats de pintura i arquitectura del segle XVI, especialment hi ha present la influ\u00e8ncia del tractat de la Divina proporci\u00f3 del frare francisc\u00e0 Luca Pacioli (1445-1510), fil\u00f2sof i matem\u00e0tic renaixentista.<\/p>\n<p>De la lectura atenta de <em>50 secrets m\u00e0gics per a pintar<\/em> observarem, un com m\u00e9s, com el pintor justifica el seu gir al classicisme de forma te\u00f2rica i tamb\u00e9 a la pr\u00e0ctica amb les il\u2022lustracions que l\u2019acompanyen. Pertanyen a cap\u00edtols diferents on es van desgranant els 50 secrets. A m\u00e9s, cadascun d\u2019ells ve acompanyat d\u2019una sent\u00e8ncia explicativa del que l\u2019observador est\u00e0 mirant.<\/p>\n","protected":false},"excerpt":{"rendered":"<p>Avui 23 de mar\u00e7 a les onze del mat\u00ed s\u2019ha presentat a la Sala de els Loggies del Teatre-Museu Dal\u00ed, a Figueres, la Mem\u00f2ria Anual d\u2019activitats i econ\u00f2mica de la Fundaci\u00f3 Gala-Salvador Dal\u00ed corresponent a l\u2019exercici 2008, despr\u00e9s que es reunissin dimarts dia 17 a Figueres els membres del Patronat en junta ordin\u00e0ria. La presentaci\u00f3 [&hellip;]<\/p>\n","protected":false},"featured_media":0,"menu_order":0,"template":"","format":"standard","meta":{"_acf_changed":false,"_coblocks_attr":"","_coblocks_dimensions":"","_coblocks_responsive_height":"","_coblocks_accordion_ie_support":""},"categoria-actualitat":[82,79,81],"class_list":["post-4358","noticia","type-noticia","status-publish","format-standard","hentry","categoria-actualitat-adquisicions","categoria-actualitat-fundacio-gala-salvador-dali","categoria-actualitat-publicacions"],"acf":[],"yoast_head":"<!-- This site is optimized with the Yoast SEO plugin v27.5 - https:\/\/yoast.com\/product\/yoast-seo-wordpress\/ -->\n<title>Presentaci\u00f3 de la mem\u00f2ria 2008 i darrera adquisici\u00f3 - Fundaci\u00f3 Gala - Salvador Dal\u00ed<\/title>\n<meta name=\"robots\" content=\"index, follow, max-snippet:-1, max-image-preview:large, max-video-preview:-1\" \/>\n<link rel=\"canonical\" href=\"https:\/\/www.salvador-dali.org\/ca\/fundacio-dali\/noticia\/presentacio-de-la-memoria-2008-i-darrera-adquisicio\/\" \/>\n<meta property=\"og:locale\" content=\"ca_ES\" \/>\n<meta property=\"og:type\" content=\"article\" \/>\n<meta property=\"og:title\" content=\"Presentaci\u00f3 de la mem\u00f2ria 2008 i darrera adquisici\u00f3 - Fundaci\u00f3 Gala - Salvador Dal\u00ed\" \/>\n<meta property=\"og:description\" content=\"Avui 23 de mar\u00e7 a les onze del mat\u00ed s\u2019ha presentat a la Sala de els Loggies del Teatre-Museu Dal\u00ed, a Figueres, la Mem\u00f2ria Anual d\u2019activitats i econ\u00f2mica de la Fundaci\u00f3 Gala-Salvador Dal\u00ed corresponent a l\u2019exercici 2008, despr\u00e9s que es reunissin dimarts dia 17 a Figueres els membres del Patronat en junta ordin\u00e0ria. La presentaci\u00f3 [&hellip;]\" \/>\n<meta property=\"og:url\" content=\"https:\/\/www.salvador-dali.org\/ca\/fundacio-dali\/noticia\/presentacio-de-la-memoria-2008-i-darrera-adquisicio\/\" \/>\n<meta property=\"og:site_name\" content=\"Fundaci\u00f3 Gala - Salvador Dal\u00ed\" \/>\n<meta property=\"article:publisher\" content=\"https:\/\/www.facebook.com\/MuseusDali\" \/>\n<meta name=\"twitter:card\" content=\"summary_large_image\" \/>\n<meta name=\"twitter:site\" content=\"@MuseuDali\" \/>\n<meta name=\"twitter:label1\" content=\"Temps estimat de lectura\" \/>\n\t<meta name=\"twitter:data1\" content=\"3 minuts\" \/>\n<script type=\"application\/ld+json\" class=\"yoast-schema-graph\">{\"@context\":\"https:\\\/\\\/schema.org\",\"@graph\":[{\"@type\":\"WebPage\",\"@id\":\"https:\\\/\\\/www.salvador-dali.org\\\/ca\\\/fundacio-dali\\\/noticia\\\/presentacio-de-la-memoria-2008-i-darrera-adquisicio\\\/\",\"url\":\"https:\\\/\\\/www.salvador-dali.org\\\/ca\\\/fundacio-dali\\\/noticia\\\/presentacio-de-la-memoria-2008-i-darrera-adquisicio\\\/\",\"name\":\"Presentaci\u00f3 de la mem\u00f2ria 2008 i darrera adquisici\u00f3 - Fundaci\u00f3 Gala - Salvador Dal\u00ed\",\"isPartOf\":{\"@id\":\"https:\\\/\\\/www.salvador-dali.org\\\/ca\\\/#website\"},\"datePublished\":\"2009-03-22T22:00:00+00:00\",\"breadcrumb\":{\"@id\":\"https:\\\/\\\/www.salvador-dali.org\\\/ca\\\/fundacio-dali\\\/noticia\\\/presentacio-de-la-memoria-2008-i-darrera-adquisicio\\\/#breadcrumb\"},\"inLanguage\":\"ca\",\"potentialAction\":[{\"@type\":\"ReadAction\",\"target\":[\"https:\\\/\\\/www.salvador-dali.org\\\/ca\\\/fundacio-dali\\\/noticia\\\/presentacio-de-la-memoria-2008-i-darrera-adquisicio\\\/\"]}]},{\"@type\":\"BreadcrumbList\",\"@id\":\"https:\\\/\\\/www.salvador-dali.org\\\/ca\\\/fundacio-dali\\\/noticia\\\/presentacio-de-la-memoria-2008-i-darrera-adquisicio\\\/#breadcrumb\",\"itemListElement\":[{\"@type\":\"ListItem\",\"position\":1,\"name\":\"Inici\",\"item\":\"https:\\\/\\\/www.salvador-dali.org\\\/ca\\\/\"},{\"@type\":\"ListItem\",\"position\":2,\"name\":\"Presentaci\u00f3 de la mem\u00f2ria 2008 i darrera adquisici\u00f3\"}]},{\"@type\":\"WebSite\",\"@id\":\"https:\\\/\\\/www.salvador-dali.org\\\/ca\\\/#website\",\"url\":\"https:\\\/\\\/www.salvador-dali.org\\\/ca\\\/\",\"name\":\"Fundaci\u00f3 Gala - Salvador Dal\u00ed\",\"description\":\"\",\"publisher\":{\"@id\":\"https:\\\/\\\/www.salvador-dali.org\\\/ca\\\/#organization\"},\"potentialAction\":[{\"@type\":\"SearchAction\",\"target\":{\"@type\":\"EntryPoint\",\"urlTemplate\":\"https:\\\/\\\/www.salvador-dali.org\\\/ca\\\/?s={search_term_string}\"},\"query-input\":{\"@type\":\"PropertyValueSpecification\",\"valueRequired\":true,\"valueName\":\"search_term_string\"}}],\"inLanguage\":\"ca\"},{\"@type\":\"Organization\",\"@id\":\"https:\\\/\\\/www.salvador-dali.org\\\/ca\\\/#organization\",\"name\":\"Fundaci\u00f3 Gala - Salvador Dal\u00ed\",\"url\":\"https:\\\/\\\/www.salvador-dali.org\\\/ca\\\/\",\"logo\":{\"@type\":\"ImageObject\",\"inLanguage\":\"ca\",\"@id\":\"https:\\\/\\\/www.salvador-dali.org\\\/ca\\\/#\\\/schema\\\/logo\\\/image\\\/\",\"url\":\"https:\\\/\\\/www.salvador-dali.org\\\/wp-content\\\/uploads\\\/2025\\\/04\\\/fundacio-gala-salvador-dali.png\",\"contentUrl\":\"https:\\\/\\\/www.salvador-dali.org\\\/wp-content\\\/uploads\\\/2025\\\/04\\\/fundacio-gala-salvador-dali.png\",\"width\":240,\"height\":240,\"caption\":\"Fundaci\u00f3 Gala - Salvador Dal\u00ed\"},\"image\":{\"@id\":\"https:\\\/\\\/www.salvador-dali.org\\\/ca\\\/#\\\/schema\\\/logo\\\/image\\\/\"},\"sameAs\":[\"https:\\\/\\\/www.facebook.com\\\/MuseusDali\",\"https:\\\/\\\/x.com\\\/MuseuDali\",\"https:\\\/\\\/www.youtube.com\\\/user\\\/FundacioDali\",\"https:\\\/\\\/www.flickr.com\\\/fundacio_dali\\\/\",\"https:\\\/\\\/instagram.com\\\/museudali\"]}]}<\/script>\n<!-- \/ Yoast SEO plugin. -->","yoast_head_json":{"title":"Presentaci\u00f3 de la mem\u00f2ria 2008 i darrera adquisici\u00f3 - Fundaci\u00f3 Gala - Salvador Dal\u00ed","robots":{"index":"index","follow":"follow","max-snippet":"max-snippet:-1","max-image-preview":"max-image-preview:large","max-video-preview":"max-video-preview:-1"},"canonical":"https:\/\/www.salvador-dali.org\/ca\/fundacio-dali\/noticia\/presentacio-de-la-memoria-2008-i-darrera-adquisicio\/","og_locale":"ca_ES","og_type":"article","og_title":"Presentaci\u00f3 de la mem\u00f2ria 2008 i darrera adquisici\u00f3 - Fundaci\u00f3 Gala - Salvador Dal\u00ed","og_description":"Avui 23 de mar\u00e7 a les onze del mat\u00ed s\u2019ha presentat a la Sala de els Loggies del Teatre-Museu Dal\u00ed, a Figueres, la Mem\u00f2ria Anual d\u2019activitats i econ\u00f2mica de la Fundaci\u00f3 Gala-Salvador Dal\u00ed corresponent a l\u2019exercici 2008, despr\u00e9s que es reunissin dimarts dia 17 a Figueres els membres del Patronat en junta ordin\u00e0ria. La presentaci\u00f3 [&hellip;]","og_url":"https:\/\/www.salvador-dali.org\/ca\/fundacio-dali\/noticia\/presentacio-de-la-memoria-2008-i-darrera-adquisicio\/","og_site_name":"Fundaci\u00f3 Gala - Salvador Dal\u00ed","article_publisher":"https:\/\/www.facebook.com\/MuseusDali","twitter_card":"summary_large_image","twitter_site":"@MuseuDali","twitter_misc":{"Temps estimat de lectura":"3 minuts"},"schema":{"@context":"https:\/\/schema.org","@graph":[{"@type":"WebPage","@id":"https:\/\/www.salvador-dali.org\/ca\/fundacio-dali\/noticia\/presentacio-de-la-memoria-2008-i-darrera-adquisicio\/","url":"https:\/\/www.salvador-dali.org\/ca\/fundacio-dali\/noticia\/presentacio-de-la-memoria-2008-i-darrera-adquisicio\/","name":"Presentaci\u00f3 de la mem\u00f2ria 2008 i darrera adquisici\u00f3 - Fundaci\u00f3 Gala - Salvador Dal\u00ed","isPartOf":{"@id":"https:\/\/www.salvador-dali.org\/ca\/#website"},"datePublished":"2009-03-22T22:00:00+00:00","breadcrumb":{"@id":"https:\/\/www.salvador-dali.org\/ca\/fundacio-dali\/noticia\/presentacio-de-la-memoria-2008-i-darrera-adquisicio\/#breadcrumb"},"inLanguage":"ca","potentialAction":[{"@type":"ReadAction","target":["https:\/\/www.salvador-dali.org\/ca\/fundacio-dali\/noticia\/presentacio-de-la-memoria-2008-i-darrera-adquisicio\/"]}]},{"@type":"BreadcrumbList","@id":"https:\/\/www.salvador-dali.org\/ca\/fundacio-dali\/noticia\/presentacio-de-la-memoria-2008-i-darrera-adquisicio\/#breadcrumb","itemListElement":[{"@type":"ListItem","position":1,"name":"Inici","item":"https:\/\/www.salvador-dali.org\/ca\/"},{"@type":"ListItem","position":2,"name":"Presentaci\u00f3 de la mem\u00f2ria 2008 i darrera adquisici\u00f3"}]},{"@type":"WebSite","@id":"https:\/\/www.salvador-dali.org\/ca\/#website","url":"https:\/\/www.salvador-dali.org\/ca\/","name":"Fundaci\u00f3 Gala - Salvador Dal\u00ed","description":"","publisher":{"@id":"https:\/\/www.salvador-dali.org\/ca\/#organization"},"potentialAction":[{"@type":"SearchAction","target":{"@type":"EntryPoint","urlTemplate":"https:\/\/www.salvador-dali.org\/ca\/?s={search_term_string}"},"query-input":{"@type":"PropertyValueSpecification","valueRequired":true,"valueName":"search_term_string"}}],"inLanguage":"ca"},{"@type":"Organization","@id":"https:\/\/www.salvador-dali.org\/ca\/#organization","name":"Fundaci\u00f3 Gala - Salvador Dal\u00ed","url":"https:\/\/www.salvador-dali.org\/ca\/","logo":{"@type":"ImageObject","inLanguage":"ca","@id":"https:\/\/www.salvador-dali.org\/ca\/#\/schema\/logo\/image\/","url":"https:\/\/www.salvador-dali.org\/wp-content\/uploads\/2025\/04\/fundacio-gala-salvador-dali.png","contentUrl":"https:\/\/www.salvador-dali.org\/wp-content\/uploads\/2025\/04\/fundacio-gala-salvador-dali.png","width":240,"height":240,"caption":"Fundaci\u00f3 Gala - Salvador Dal\u00ed"},"image":{"@id":"https:\/\/www.salvador-dali.org\/ca\/#\/schema\/logo\/image\/"},"sameAs":["https:\/\/www.facebook.com\/MuseusDali","https:\/\/x.com\/MuseuDali","https:\/\/www.youtube.com\/user\/FundacioDali","https:\/\/www.flickr.com\/fundacio_dali\/","https:\/\/instagram.com\/museudali"]}]}},"_links":{"self":[{"href":"https:\/\/www.salvador-dali.org\/ca\/wp-json\/wp\/v2\/noticia\/4358","targetHints":{"allow":["GET"]}}],"collection":[{"href":"https:\/\/www.salvador-dali.org\/ca\/wp-json\/wp\/v2\/noticia"}],"about":[{"href":"https:\/\/www.salvador-dali.org\/ca\/wp-json\/wp\/v2\/types\/noticia"}],"wp:attachment":[{"href":"https:\/\/www.salvador-dali.org\/ca\/wp-json\/wp\/v2\/media?parent=4358"}],"wp:term":[{"taxonomy":"categoria-actualitat","embeddable":true,"href":"https:\/\/www.salvador-dali.org\/ca\/wp-json\/wp\/v2\/categoria-actualitat?post=4358"}],"curies":[{"name":"wp","href":"https:\/\/api.w.org\/{rel}","templated":true}]}}