{"id":4616,"date":"2011-09-02T00:00:00","date_gmt":"2011-09-01T22:00:00","guid":{"rendered":"https:\/\/www.salvador-dali.org\/noticia\/salvador-dali-canta-al-festival-acustica\/"},"modified":"2011-09-02T00:00:00","modified_gmt":"2011-09-01T22:00:00","slug":"salvador-dali-canta-al-festival-acustica","status":"publish","type":"noticia","link":"https:\/\/www.salvador-dali.org\/ca\/fundacio-dali\/noticia\/salvador-dali-canta-al-festival-acustica\/","title":{"rendered":"Salvador Dal\u00ed canta al Festival Ac\u00fastica"},"content":{"rendered":"<p>El <a href=\"http:\/\/www.festivalacustica.cat\">Festival Ac\u00fastica<\/a> va presentar al Teatre-Museu Dal\u00ed el dia 10 de juny la producci\u00f3 especial que commemorar\u00e0 el seu 10\u00e8 aniversari. L\u2019acte va ser condu\u00eft per Manel Fuentes i hi van participar Montse Aguer, directora del Centre d\u2019Estudis Dalinians, els directors de l\u2019espectacle Xavi Pascual i Pep Blay, aix\u00ed com diverses personalitats. Una actuaci\u00f3 de Gerard Quintana va cloure la celebraci\u00f3.<\/p>\n<p>\nL\u2019espectacle porta per nom <strong>SALVADOR DAL\u00cd CANTA<\/strong> i tindr\u00e0 lloc els dies 2 i 3 de setembre a la Pla\u00e7a Gala Dal\u00ed de Figueres. Hi intervindran Albert Pla, Pau Riba, Gerard Quintana, Dolo Beltr\u00e1n, Love of Lesbian, Estrella Morente, Amaral, Ana Torroja, Martirio, Kiko Veneno, Enric Casasses i Sol Pic\u00f3, que \u201cdansar\u00e0\u201d la veu de Dal\u00ed. L\u2019orquestra de Pascal Comelade interpretar\u00e0 la m\u00fasica en directe. Els cantants interpretaran textos de Salvador Dal\u00ed cedits per la Fundaci\u00f3 de l\u2019artista. L\u2019espectacle es completar\u00e0 amb v\u00eddeos d\u2019Amanda Lear i Alice Cooper. L\u2019aforament es limita a 600 persones cadascun dels dies 2 i 3 de setembre. Ja es poden adquirir les entrades al ServiCaixa.<\/p>\n","protected":false},"excerpt":{"rendered":"<p>El Festival Ac\u00fastica va presentar al Teatre-Museu Dal\u00ed el dia 10 de juny la producci\u00f3 especial que commemorar\u00e0 el seu 10\u00e8 aniversari. L\u2019acte va ser condu\u00eft per Manel Fuentes i hi van participar Montse Aguer, directora del Centre d\u2019Estudis Dalinians, els directors de l\u2019espectacle Xavi Pascual i Pep Blay, aix\u00ed com diverses personalitats. Una actuaci\u00f3 [&hellip;]<\/p>\n","protected":false},"featured_media":4617,"menu_order":0,"template":"","format":"standard","meta":{"_acf_changed":false,"_coblocks_attr":"","_coblocks_dimensions":"","_coblocks_responsive_height":"","_coblocks_accordion_ie_support":""},"categoria-actualitat":[77,80],"class_list":["post-4616","noticia","type-noticia","status-publish","format-standard","has-post-thumbnail","hentry","categoria-actualitat-activitats","categoria-actualitat-museus"],"acf":[],"yoast_head":"<!-- This site is optimized with the Yoast SEO plugin v27.5 - https:\/\/yoast.com\/product\/yoast-seo-wordpress\/ -->\n<title>Salvador Dal\u00ed canta al Festival Ac\u00fastica - Fundaci\u00f3 Gala - Salvador Dal\u00ed<\/title>\n<meta name=\"robots\" content=\"index, follow, max-snippet:-1, max-image-preview:large, max-video-preview:-1\" \/>\n<link rel=\"canonical\" href=\"https:\/\/www.salvador-dali.org\/ca\/fundacio-dali\/noticia\/salvador-dali-canta-al-festival-acustica\/\" \/>\n<meta property=\"og:locale\" content=\"ca_ES\" \/>\n<meta property=\"og:type\" content=\"article\" \/>\n<meta property=\"og:title\" content=\"Salvador Dal\u00ed canta al Festival Ac\u00fastica - Fundaci\u00f3 Gala - Salvador Dal\u00ed\" \/>\n<meta property=\"og:description\" content=\"El Festival Ac\u00fastica va presentar al Teatre-Museu Dal\u00ed el dia 10 de juny la producci\u00f3 especial que commemorar\u00e0 el seu 10\u00e8 aniversari. L\u2019acte va ser condu\u00eft per Manel Fuentes i hi van participar Montse Aguer, directora del Centre d\u2019Estudis Dalinians, els directors de l\u2019espectacle Xavi Pascual i Pep Blay, aix\u00ed com diverses personalitats. Una actuaci\u00f3 [&hellip;]\" \/>\n<meta property=\"og:url\" content=\"https:\/\/www.salvador-dali.org\/ca\/fundacio-dali\/noticia\/salvador-dali-canta-al-festival-acustica\/\" \/>\n<meta property=\"og:site_name\" content=\"Fundaci\u00f3 Gala - Salvador Dal\u00ed\" \/>\n<meta property=\"article:publisher\" content=\"https:\/\/www.facebook.com\/MuseusDali\" \/>\n<meta property=\"og:image\" content=\"https:\/\/www.salvador-dali.org\/wp-content\/uploads\/2025\/05\/FestivalAcusticaxWeb_noticies_home_200_1024.jpg\" \/>\n\t<meta property=\"og:image:width\" content=\"137\" \/>\n\t<meta property=\"og:image:height\" content=\"91\" \/>\n\t<meta property=\"og:image:type\" content=\"image\/jpeg\" \/>\n<meta name=\"twitter:card\" content=\"summary_large_image\" \/>\n<meta name=\"twitter:site\" content=\"@MuseuDali\" \/>\n<meta name=\"twitter:label1\" content=\"Temps estimat de lectura\" \/>\n\t<meta name=\"twitter:data1\" content=\"1 minut\" \/>\n<script type=\"application\/ld+json\" class=\"yoast-schema-graph\">{\"@context\":\"https:\\\/\\\/schema.org\",\"@graph\":[{\"@type\":\"WebPage\",\"@id\":\"https:\\\/\\\/www.salvador-dali.org\\\/ca\\\/fundacio-dali\\\/noticia\\\/salvador-dali-canta-al-festival-acustica\\\/\",\"url\":\"https:\\\/\\\/www.salvador-dali.org\\\/ca\\\/fundacio-dali\\\/noticia\\\/salvador-dali-canta-al-festival-acustica\\\/\",\"name\":\"Salvador Dal\u00ed canta al Festival Ac\u00fastica - Fundaci\u00f3 Gala - Salvador Dal\u00ed\",\"isPartOf\":{\"@id\":\"https:\\\/\\\/www.salvador-dali.org\\\/ca\\\/#website\"},\"primaryImageOfPage\":{\"@id\":\"https:\\\/\\\/www.salvador-dali.org\\\/ca\\\/fundacio-dali\\\/noticia\\\/salvador-dali-canta-al-festival-acustica\\\/#primaryimage\"},\"image\":{\"@id\":\"https:\\\/\\\/www.salvador-dali.org\\\/ca\\\/fundacio-dali\\\/noticia\\\/salvador-dali-canta-al-festival-acustica\\\/#primaryimage\"},\"thumbnailUrl\":\"https:\\\/\\\/www.salvador-dali.org\\\/wp-content\\\/uploads\\\/2025\\\/05\\\/FestivalAcusticaxWeb_noticies_home_200_1024.jpg\",\"datePublished\":\"2011-09-01T22:00:00+00:00\",\"breadcrumb\":{\"@id\":\"https:\\\/\\\/www.salvador-dali.org\\\/ca\\\/fundacio-dali\\\/noticia\\\/salvador-dali-canta-al-festival-acustica\\\/#breadcrumb\"},\"inLanguage\":\"ca\",\"potentialAction\":[{\"@type\":\"ReadAction\",\"target\":[\"https:\\\/\\\/www.salvador-dali.org\\\/ca\\\/fundacio-dali\\\/noticia\\\/salvador-dali-canta-al-festival-acustica\\\/\"]}]},{\"@type\":\"ImageObject\",\"inLanguage\":\"ca\",\"@id\":\"https:\\\/\\\/www.salvador-dali.org\\\/ca\\\/fundacio-dali\\\/noticia\\\/salvador-dali-canta-al-festival-acustica\\\/#primaryimage\",\"url\":\"https:\\\/\\\/www.salvador-dali.org\\\/wp-content\\\/uploads\\\/2025\\\/05\\\/FestivalAcusticaxWeb_noticies_home_200_1024.jpg\",\"contentUrl\":\"https:\\\/\\\/www.salvador-dali.org\\\/wp-content\\\/uploads\\\/2025\\\/05\\\/FestivalAcusticaxWeb_noticies_home_200_1024.jpg\",\"width\":137,\"height\":91,\"caption\":\"Presentaci\u00f3 de l'Ac\u00fastica 2011\"},{\"@type\":\"BreadcrumbList\",\"@id\":\"https:\\\/\\\/www.salvador-dali.org\\\/ca\\\/fundacio-dali\\\/noticia\\\/salvador-dali-canta-al-festival-acustica\\\/#breadcrumb\",\"itemListElement\":[{\"@type\":\"ListItem\",\"position\":1,\"name\":\"Inici\",\"item\":\"https:\\\/\\\/www.salvador-dali.org\\\/ca\\\/\"},{\"@type\":\"ListItem\",\"position\":2,\"name\":\"Salvador Dal\u00ed canta al Festival Ac\u00fastica\"}]},{\"@type\":\"WebSite\",\"@id\":\"https:\\\/\\\/www.salvador-dali.org\\\/ca\\\/#website\",\"url\":\"https:\\\/\\\/www.salvador-dali.org\\\/ca\\\/\",\"name\":\"Fundaci\u00f3 Gala - Salvador Dal\u00ed\",\"description\":\"\",\"publisher\":{\"@id\":\"https:\\\/\\\/www.salvador-dali.org\\\/ca\\\/#organization\"},\"potentialAction\":[{\"@type\":\"SearchAction\",\"target\":{\"@type\":\"EntryPoint\",\"urlTemplate\":\"https:\\\/\\\/www.salvador-dali.org\\\/ca\\\/?s={search_term_string}\"},\"query-input\":{\"@type\":\"PropertyValueSpecification\",\"valueRequired\":true,\"valueName\":\"search_term_string\"}}],\"inLanguage\":\"ca\"},{\"@type\":\"Organization\",\"@id\":\"https:\\\/\\\/www.salvador-dali.org\\\/ca\\\/#organization\",\"name\":\"Fundaci\u00f3 Gala - Salvador Dal\u00ed\",\"url\":\"https:\\\/\\\/www.salvador-dali.org\\\/ca\\\/\",\"logo\":{\"@type\":\"ImageObject\",\"inLanguage\":\"ca\",\"@id\":\"https:\\\/\\\/www.salvador-dali.org\\\/ca\\\/#\\\/schema\\\/logo\\\/image\\\/\",\"url\":\"https:\\\/\\\/www.salvador-dali.org\\\/wp-content\\\/uploads\\\/2025\\\/04\\\/fundacio-gala-salvador-dali.png\",\"contentUrl\":\"https:\\\/\\\/www.salvador-dali.org\\\/wp-content\\\/uploads\\\/2025\\\/04\\\/fundacio-gala-salvador-dali.png\",\"width\":240,\"height\":240,\"caption\":\"Fundaci\u00f3 Gala - Salvador Dal\u00ed\"},\"image\":{\"@id\":\"https:\\\/\\\/www.salvador-dali.org\\\/ca\\\/#\\\/schema\\\/logo\\\/image\\\/\"},\"sameAs\":[\"https:\\\/\\\/www.facebook.com\\\/MuseusDali\",\"https:\\\/\\\/x.com\\\/MuseuDali\",\"https:\\\/\\\/www.youtube.com\\\/user\\\/FundacioDali\",\"https:\\\/\\\/www.flickr.com\\\/fundacio_dali\\\/\",\"https:\\\/\\\/instagram.com\\\/museudali\"]}]}<\/script>\n<!-- \/ Yoast SEO plugin. -->","yoast_head_json":{"title":"Salvador Dal\u00ed canta al Festival Ac\u00fastica - Fundaci\u00f3 Gala - Salvador Dal\u00ed","robots":{"index":"index","follow":"follow","max-snippet":"max-snippet:-1","max-image-preview":"max-image-preview:large","max-video-preview":"max-video-preview:-1"},"canonical":"https:\/\/www.salvador-dali.org\/ca\/fundacio-dali\/noticia\/salvador-dali-canta-al-festival-acustica\/","og_locale":"ca_ES","og_type":"article","og_title":"Salvador Dal\u00ed canta al Festival Ac\u00fastica - Fundaci\u00f3 Gala - Salvador Dal\u00ed","og_description":"El Festival Ac\u00fastica va presentar al Teatre-Museu Dal\u00ed el dia 10 de juny la producci\u00f3 especial que commemorar\u00e0 el seu 10\u00e8 aniversari. L\u2019acte va ser condu\u00eft per Manel Fuentes i hi van participar Montse Aguer, directora del Centre d\u2019Estudis Dalinians, els directors de l\u2019espectacle Xavi Pascual i Pep Blay, aix\u00ed com diverses personalitats. Una actuaci\u00f3 [&hellip;]","og_url":"https:\/\/www.salvador-dali.org\/ca\/fundacio-dali\/noticia\/salvador-dali-canta-al-festival-acustica\/","og_site_name":"Fundaci\u00f3 Gala - Salvador Dal\u00ed","article_publisher":"https:\/\/www.facebook.com\/MuseusDali","og_image":[{"width":137,"height":91,"url":"https:\/\/www.salvador-dali.org\/wp-content\/uploads\/2025\/05\/FestivalAcusticaxWeb_noticies_home_200_1024.jpg","type":"image\/jpeg"}],"twitter_card":"summary_large_image","twitter_site":"@MuseuDali","twitter_misc":{"Temps estimat de lectura":"1 minut"},"schema":{"@context":"https:\/\/schema.org","@graph":[{"@type":"WebPage","@id":"https:\/\/www.salvador-dali.org\/ca\/fundacio-dali\/noticia\/salvador-dali-canta-al-festival-acustica\/","url":"https:\/\/www.salvador-dali.org\/ca\/fundacio-dali\/noticia\/salvador-dali-canta-al-festival-acustica\/","name":"Salvador Dal\u00ed canta al Festival Ac\u00fastica - Fundaci\u00f3 Gala - Salvador Dal\u00ed","isPartOf":{"@id":"https:\/\/www.salvador-dali.org\/ca\/#website"},"primaryImageOfPage":{"@id":"https:\/\/www.salvador-dali.org\/ca\/fundacio-dali\/noticia\/salvador-dali-canta-al-festival-acustica\/#primaryimage"},"image":{"@id":"https:\/\/www.salvador-dali.org\/ca\/fundacio-dali\/noticia\/salvador-dali-canta-al-festival-acustica\/#primaryimage"},"thumbnailUrl":"https:\/\/www.salvador-dali.org\/wp-content\/uploads\/2025\/05\/FestivalAcusticaxWeb_noticies_home_200_1024.jpg","datePublished":"2011-09-01T22:00:00+00:00","breadcrumb":{"@id":"https:\/\/www.salvador-dali.org\/ca\/fundacio-dali\/noticia\/salvador-dali-canta-al-festival-acustica\/#breadcrumb"},"inLanguage":"ca","potentialAction":[{"@type":"ReadAction","target":["https:\/\/www.salvador-dali.org\/ca\/fundacio-dali\/noticia\/salvador-dali-canta-al-festival-acustica\/"]}]},{"@type":"ImageObject","inLanguage":"ca","@id":"https:\/\/www.salvador-dali.org\/ca\/fundacio-dali\/noticia\/salvador-dali-canta-al-festival-acustica\/#primaryimage","url":"https:\/\/www.salvador-dali.org\/wp-content\/uploads\/2025\/05\/FestivalAcusticaxWeb_noticies_home_200_1024.jpg","contentUrl":"https:\/\/www.salvador-dali.org\/wp-content\/uploads\/2025\/05\/FestivalAcusticaxWeb_noticies_home_200_1024.jpg","width":137,"height":91,"caption":"Presentaci\u00f3 de l'Ac\u00fastica 2011"},{"@type":"BreadcrumbList","@id":"https:\/\/www.salvador-dali.org\/ca\/fundacio-dali\/noticia\/salvador-dali-canta-al-festival-acustica\/#breadcrumb","itemListElement":[{"@type":"ListItem","position":1,"name":"Inici","item":"https:\/\/www.salvador-dali.org\/ca\/"},{"@type":"ListItem","position":2,"name":"Salvador Dal\u00ed canta al Festival Ac\u00fastica"}]},{"@type":"WebSite","@id":"https:\/\/www.salvador-dali.org\/ca\/#website","url":"https:\/\/www.salvador-dali.org\/ca\/","name":"Fundaci\u00f3 Gala - Salvador Dal\u00ed","description":"","publisher":{"@id":"https:\/\/www.salvador-dali.org\/ca\/#organization"},"potentialAction":[{"@type":"SearchAction","target":{"@type":"EntryPoint","urlTemplate":"https:\/\/www.salvador-dali.org\/ca\/?s={search_term_string}"},"query-input":{"@type":"PropertyValueSpecification","valueRequired":true,"valueName":"search_term_string"}}],"inLanguage":"ca"},{"@type":"Organization","@id":"https:\/\/www.salvador-dali.org\/ca\/#organization","name":"Fundaci\u00f3 Gala - Salvador Dal\u00ed","url":"https:\/\/www.salvador-dali.org\/ca\/","logo":{"@type":"ImageObject","inLanguage":"ca","@id":"https:\/\/www.salvador-dali.org\/ca\/#\/schema\/logo\/image\/","url":"https:\/\/www.salvador-dali.org\/wp-content\/uploads\/2025\/04\/fundacio-gala-salvador-dali.png","contentUrl":"https:\/\/www.salvador-dali.org\/wp-content\/uploads\/2025\/04\/fundacio-gala-salvador-dali.png","width":240,"height":240,"caption":"Fundaci\u00f3 Gala - Salvador Dal\u00ed"},"image":{"@id":"https:\/\/www.salvador-dali.org\/ca\/#\/schema\/logo\/image\/"},"sameAs":["https:\/\/www.facebook.com\/MuseusDali","https:\/\/x.com\/MuseuDali","https:\/\/www.youtube.com\/user\/FundacioDali","https:\/\/www.flickr.com\/fundacio_dali\/","https:\/\/instagram.com\/museudali"]}]}},"_links":{"self":[{"href":"https:\/\/www.salvador-dali.org\/ca\/wp-json\/wp\/v2\/noticia\/4616","targetHints":{"allow":["GET"]}}],"collection":[{"href":"https:\/\/www.salvador-dali.org\/ca\/wp-json\/wp\/v2\/noticia"}],"about":[{"href":"https:\/\/www.salvador-dali.org\/ca\/wp-json\/wp\/v2\/types\/noticia"}],"wp:featuredmedia":[{"embeddable":true,"href":"https:\/\/www.salvador-dali.org\/ca\/wp-json\/wp\/v2\/media\/4617"}],"wp:attachment":[{"href":"https:\/\/www.salvador-dali.org\/ca\/wp-json\/wp\/v2\/media?parent=4616"}],"wp:term":[{"taxonomy":"categoria-actualitat","embeddable":true,"href":"https:\/\/www.salvador-dali.org\/ca\/wp-json\/wp\/v2\/categoria-actualitat?post=4616"}],"curies":[{"name":"wp","href":"https:\/\/api.w.org\/{rel}","templated":true}]}}