{"id":5023,"date":"2014-10-29T00:00:00","date_gmt":"2014-10-28T22:00:00","guid":{"rendered":"https:\/\/www.salvador-dali.org\/noticia\/inauguracio-a-moscou-de-lexposicio-dali-and-media\/"},"modified":"2025-05-19T12:46:06","modified_gmt":"2025-05-19T10:46:06","slug":"inauguracio-a-moscou-de-l-exposicio-dali-and-media","status":"publish","type":"noticia","link":"https:\/\/www.salvador-dali.org\/ca\/fundacio-dali\/noticia\/inauguracio-a-moscou-de-l-exposicio-dali-and-media\/","title":{"rendered":"Inauguraci\u00f3 a Moscou de l&#8217;exposici\u00f3 Dal\u00ed and media"},"content":{"rendered":"<p>La Fundaci\u00f3 Gala-Salvador Dal\u00ed i el Moscow Museum of Modern Art (MMOMA) han inaugurat avui l&#8217;exposici\u00f3 <em>Dal\u00ed and Media,<\/em> que es podr\u00e0 veure a la capital russa fins l&#8217;1 de febrer de 2015.<\/p>\n<p>La inauguraci\u00f3 ha anat a c\u00e0rrec del director general del MMOMA, Vasili Tsereteli, i ha comptat amb la pres\u00e8ncia de l&#8217;adjunta al Ministre de Cultura rus, Elena Borisovna, el director del Departament de Cultura del govern regional de Moscou, Anton Valentinovich, el president de l&#8217;Acad\u00e8mia de Belles Arts de R\u00fassia, Zurab Tsereteli, l&#8217;ambaixador espanyol a R\u00fassia, Jos\u00e9 Ignacio Carbajal G\u00e1rate, el conseller cultural i de cooperaci\u00f3 de l&#8217;ambaixada, Manuel Hern\u00e1ndez Gamallo, aix\u00ed com personalitats del m\u00f3n de la cultura moscovita. En representaci\u00f3 de la Fundaci\u00f3 Dal\u00ed, hi ha assistit el seu gerent, Joan Manuel Sevillano Campalans.<\/p>\n<p>La mostra consta de 219 peces provinents dels fons de la Fundaci\u00f3 Dal\u00ed: 205 diaris i revistes i 14 olis i dibuixos. \u00c9s una reedici\u00f3 de <em>Dal\u00ed i les revistes, <\/em>exposici\u00f3 comissariada per Montse Aguer l&#8217;any 2008 al Castell de P\u00fabol, ara adaptada al museu d&#8217;art modern de Moscou. Se centra en la col\u00b7laboraci\u00f3 de Salvador Dal\u00ed en el m\u00f3n de les revistes i la premsa escrita, que \u00e9s variada i extensa, sense oblidar el paper sempre present de Gala, d&#8217;origen rus, com a col\u00b7laboradora inefable dels seus m\u00faltiples projectes.<\/p>\n","protected":false},"excerpt":{"rendered":"<p>La Fundaci\u00f3 Gala-Salvador Dal\u00ed i el Moscow Museum of Modern Art (MMOMA) han inaugurat avui l&#8217;exposici\u00f3 Dal\u00ed and Media, que es podr\u00e0 veure a la capital russa fins l&#8217;1 de febrer de 2015. La inauguraci\u00f3 ha anat a c\u00e0rrec del director general del MMOMA, Vasili Tsereteli, i ha comptat amb la pres\u00e8ncia de l&#8217;adjunta al [&hellip;]<\/p>\n","protected":false},"featured_media":5024,"menu_order":0,"template":"","format":"standard","meta":{"_acf_changed":false,"_coblocks_attr":"","_coblocks_dimensions":"","_coblocks_responsive_height":"","_coblocks_accordion_ie_support":""},"categoria-actualitat":[78,79],"class_list":["post-5023","noticia","type-noticia","status-publish","format-standard","has-post-thumbnail","hentry","categoria-actualitat-exposicions","categoria-actualitat-fundacio-gala-salvador-dali"],"acf":[],"yoast_head":"<!-- This site is optimized with the Yoast SEO plugin v27.5 - https:\/\/yoast.com\/product\/yoast-seo-wordpress\/ -->\n<title>Inauguraci\u00f3 a Moscou de l&#039;exposici\u00f3 Dal\u00ed and media - Fundaci\u00f3 Gala - Salvador Dal\u00ed<\/title>\n<meta name=\"robots\" content=\"index, follow, max-snippet:-1, max-image-preview:large, max-video-preview:-1\" \/>\n<link rel=\"canonical\" href=\"https:\/\/www.salvador-dali.org\/ca\/fundacio-dali\/noticia\/inauguracio-a-moscou-de-l-exposicio-dali-and-media\/\" \/>\n<meta property=\"og:locale\" content=\"ca_ES\" \/>\n<meta property=\"og:type\" content=\"article\" \/>\n<meta property=\"og:title\" content=\"Inauguraci\u00f3 a Moscou de l&#039;exposici\u00f3 Dal\u00ed and media - Fundaci\u00f3 Gala - Salvador Dal\u00ed\" \/>\n<meta property=\"og:description\" content=\"La Fundaci\u00f3 Gala-Salvador Dal\u00ed i el Moscow Museum of Modern Art (MMOMA) han inaugurat avui l&#8217;exposici\u00f3 Dal\u00ed and Media, que es podr\u00e0 veure a la capital russa fins l&#8217;1 de febrer de 2015. La inauguraci\u00f3 ha anat a c\u00e0rrec del director general del MMOMA, Vasili Tsereteli, i ha comptat amb la pres\u00e8ncia de l&#8217;adjunta al [&hellip;]\" \/>\n<meta property=\"og:url\" content=\"https:\/\/www.salvador-dali.org\/ca\/fundacio-dali\/noticia\/inauguracio-a-moscou-de-l-exposicio-dali-and-media\/\" \/>\n<meta property=\"og:site_name\" content=\"Fundaci\u00f3 Gala - Salvador Dal\u00ed\" \/>\n<meta property=\"article:publisher\" content=\"https:\/\/www.facebook.com\/MuseusDali\" \/>\n<meta property=\"article:modified_time\" content=\"2025-05-19T10:46:06+00:00\" \/>\n<meta property=\"og:image\" content=\"https:\/\/www.salvador-dali.org\/wp-content\/uploads\/2025\/05\/0510_go_1418123157_1024.jpg\" \/>\n\t<meta property=\"og:image:width\" content=\"1024\" \/>\n\t<meta property=\"og:image:height\" content=\"1331\" \/>\n\t<meta property=\"og:image:type\" content=\"image\/jpeg\" \/>\n<meta name=\"twitter:card\" content=\"summary_large_image\" \/>\n<meta name=\"twitter:site\" content=\"@MuseuDali\" \/>\n<meta name=\"twitter:label1\" content=\"Temps estimat de lectura\" \/>\n\t<meta name=\"twitter:data1\" content=\"1 minut\" \/>\n<script type=\"application\/ld+json\" class=\"yoast-schema-graph\">{\"@context\":\"https:\\\/\\\/schema.org\",\"@graph\":[{\"@type\":\"WebPage\",\"@id\":\"https:\\\/\\\/www.salvador-dali.org\\\/ca\\\/fundacio-dali\\\/noticia\\\/inauguracio-a-moscou-de-l-exposicio-dali-and-media\\\/\",\"url\":\"https:\\\/\\\/www.salvador-dali.org\\\/ca\\\/fundacio-dali\\\/noticia\\\/inauguracio-a-moscou-de-l-exposicio-dali-and-media\\\/\",\"name\":\"Inauguraci\u00f3 a Moscou de l'exposici\u00f3 Dal\u00ed and media - Fundaci\u00f3 Gala - Salvador Dal\u00ed\",\"isPartOf\":{\"@id\":\"https:\\\/\\\/www.salvador-dali.org\\\/ca\\\/#website\"},\"primaryImageOfPage\":{\"@id\":\"https:\\\/\\\/www.salvador-dali.org\\\/ca\\\/fundacio-dali\\\/noticia\\\/inauguracio-a-moscou-de-l-exposicio-dali-and-media\\\/#primaryimage\"},\"image\":{\"@id\":\"https:\\\/\\\/www.salvador-dali.org\\\/ca\\\/fundacio-dali\\\/noticia\\\/inauguracio-a-moscou-de-l-exposicio-dali-and-media\\\/#primaryimage\"},\"thumbnailUrl\":\"https:\\\/\\\/www.salvador-dali.org\\\/wp-content\\\/uploads\\\/2025\\\/05\\\/0510_go_1418123157_1024.jpg\",\"datePublished\":\"2014-10-28T22:00:00+00:00\",\"dateModified\":\"2025-05-19T10:46:06+00:00\",\"breadcrumb\":{\"@id\":\"https:\\\/\\\/www.salvador-dali.org\\\/ca\\\/fundacio-dali\\\/noticia\\\/inauguracio-a-moscou-de-l-exposicio-dali-and-media\\\/#breadcrumb\"},\"inLanguage\":\"ca\",\"potentialAction\":[{\"@type\":\"ReadAction\",\"target\":[\"https:\\\/\\\/www.salvador-dali.org\\\/ca\\\/fundacio-dali\\\/noticia\\\/inauguracio-a-moscou-de-l-exposicio-dali-and-media\\\/\"]}]},{\"@type\":\"ImageObject\",\"inLanguage\":\"ca\",\"@id\":\"https:\\\/\\\/www.salvador-dali.org\\\/ca\\\/fundacio-dali\\\/noticia\\\/inauguracio-a-moscou-de-l-exposicio-dali-and-media\\\/#primaryimage\",\"url\":\"https:\\\/\\\/www.salvador-dali.org\\\/wp-content\\\/uploads\\\/2025\\\/05\\\/0510_go_1418123157_1024.jpg\",\"contentUrl\":\"https:\\\/\\\/www.salvador-dali.org\\\/wp-content\\\/uploads\\\/2025\\\/05\\\/0510_go_1418123157_1024.jpg\",\"width\":1024,\"height\":1331,\"caption\":\"Inauguraci\u00f3 a Moscou de l'exposici\u00f3 Dal\u00ed and media\"},{\"@type\":\"BreadcrumbList\",\"@id\":\"https:\\\/\\\/www.salvador-dali.org\\\/ca\\\/fundacio-dali\\\/noticia\\\/inauguracio-a-moscou-de-l-exposicio-dali-and-media\\\/#breadcrumb\",\"itemListElement\":[{\"@type\":\"ListItem\",\"position\":1,\"name\":\"Inici\",\"item\":\"https:\\\/\\\/www.salvador-dali.org\\\/ca\\\/\"},{\"@type\":\"ListItem\",\"position\":2,\"name\":\"Inauguraci\u00f3 a Moscou de l&#8217;exposici\u00f3 Dal\u00ed and media\"}]},{\"@type\":\"WebSite\",\"@id\":\"https:\\\/\\\/www.salvador-dali.org\\\/ca\\\/#website\",\"url\":\"https:\\\/\\\/www.salvador-dali.org\\\/ca\\\/\",\"name\":\"Fundaci\u00f3 Gala - Salvador Dal\u00ed\",\"description\":\"\",\"publisher\":{\"@id\":\"https:\\\/\\\/www.salvador-dali.org\\\/ca\\\/#organization\"},\"potentialAction\":[{\"@type\":\"SearchAction\",\"target\":{\"@type\":\"EntryPoint\",\"urlTemplate\":\"https:\\\/\\\/www.salvador-dali.org\\\/ca\\\/?s={search_term_string}\"},\"query-input\":{\"@type\":\"PropertyValueSpecification\",\"valueRequired\":true,\"valueName\":\"search_term_string\"}}],\"inLanguage\":\"ca\"},{\"@type\":\"Organization\",\"@id\":\"https:\\\/\\\/www.salvador-dali.org\\\/ca\\\/#organization\",\"name\":\"Fundaci\u00f3 Gala - Salvador Dal\u00ed\",\"url\":\"https:\\\/\\\/www.salvador-dali.org\\\/ca\\\/\",\"logo\":{\"@type\":\"ImageObject\",\"inLanguage\":\"ca\",\"@id\":\"https:\\\/\\\/www.salvador-dali.org\\\/ca\\\/#\\\/schema\\\/logo\\\/image\\\/\",\"url\":\"https:\\\/\\\/www.salvador-dali.org\\\/wp-content\\\/uploads\\\/2025\\\/04\\\/fundacio-gala-salvador-dali.png\",\"contentUrl\":\"https:\\\/\\\/www.salvador-dali.org\\\/wp-content\\\/uploads\\\/2025\\\/04\\\/fundacio-gala-salvador-dali.png\",\"width\":240,\"height\":240,\"caption\":\"Fundaci\u00f3 Gala - Salvador Dal\u00ed\"},\"image\":{\"@id\":\"https:\\\/\\\/www.salvador-dali.org\\\/ca\\\/#\\\/schema\\\/logo\\\/image\\\/\"},\"sameAs\":[\"https:\\\/\\\/www.facebook.com\\\/MuseusDali\",\"https:\\\/\\\/x.com\\\/MuseuDali\",\"https:\\\/\\\/www.youtube.com\\\/user\\\/FundacioDali\",\"https:\\\/\\\/www.flickr.com\\\/fundacio_dali\\\/\",\"https:\\\/\\\/instagram.com\\\/museudali\"]}]}<\/script>\n<!-- \/ Yoast SEO plugin. -->","yoast_head_json":{"title":"Inauguraci\u00f3 a Moscou de l'exposici\u00f3 Dal\u00ed and media - Fundaci\u00f3 Gala - Salvador Dal\u00ed","robots":{"index":"index","follow":"follow","max-snippet":"max-snippet:-1","max-image-preview":"max-image-preview:large","max-video-preview":"max-video-preview:-1"},"canonical":"https:\/\/www.salvador-dali.org\/ca\/fundacio-dali\/noticia\/inauguracio-a-moscou-de-l-exposicio-dali-and-media\/","og_locale":"ca_ES","og_type":"article","og_title":"Inauguraci\u00f3 a Moscou de l'exposici\u00f3 Dal\u00ed and media - Fundaci\u00f3 Gala - Salvador Dal\u00ed","og_description":"La Fundaci\u00f3 Gala-Salvador Dal\u00ed i el Moscow Museum of Modern Art (MMOMA) han inaugurat avui l&#8217;exposici\u00f3 Dal\u00ed and Media, que es podr\u00e0 veure a la capital russa fins l&#8217;1 de febrer de 2015. La inauguraci\u00f3 ha anat a c\u00e0rrec del director general del MMOMA, Vasili Tsereteli, i ha comptat amb la pres\u00e8ncia de l&#8217;adjunta al [&hellip;]","og_url":"https:\/\/www.salvador-dali.org\/ca\/fundacio-dali\/noticia\/inauguracio-a-moscou-de-l-exposicio-dali-and-media\/","og_site_name":"Fundaci\u00f3 Gala - Salvador Dal\u00ed","article_publisher":"https:\/\/www.facebook.com\/MuseusDali","article_modified_time":"2025-05-19T10:46:06+00:00","og_image":[{"width":1024,"height":1331,"url":"https:\/\/www.salvador-dali.org\/wp-content\/uploads\/2025\/05\/0510_go_1418123157_1024.jpg","type":"image\/jpeg"}],"twitter_card":"summary_large_image","twitter_site":"@MuseuDali","twitter_misc":{"Temps estimat de lectura":"1 minut"},"schema":{"@context":"https:\/\/schema.org","@graph":[{"@type":"WebPage","@id":"https:\/\/www.salvador-dali.org\/ca\/fundacio-dali\/noticia\/inauguracio-a-moscou-de-l-exposicio-dali-and-media\/","url":"https:\/\/www.salvador-dali.org\/ca\/fundacio-dali\/noticia\/inauguracio-a-moscou-de-l-exposicio-dali-and-media\/","name":"Inauguraci\u00f3 a Moscou de l'exposici\u00f3 Dal\u00ed and media - Fundaci\u00f3 Gala - Salvador Dal\u00ed","isPartOf":{"@id":"https:\/\/www.salvador-dali.org\/ca\/#website"},"primaryImageOfPage":{"@id":"https:\/\/www.salvador-dali.org\/ca\/fundacio-dali\/noticia\/inauguracio-a-moscou-de-l-exposicio-dali-and-media\/#primaryimage"},"image":{"@id":"https:\/\/www.salvador-dali.org\/ca\/fundacio-dali\/noticia\/inauguracio-a-moscou-de-l-exposicio-dali-and-media\/#primaryimage"},"thumbnailUrl":"https:\/\/www.salvador-dali.org\/wp-content\/uploads\/2025\/05\/0510_go_1418123157_1024.jpg","datePublished":"2014-10-28T22:00:00+00:00","dateModified":"2025-05-19T10:46:06+00:00","breadcrumb":{"@id":"https:\/\/www.salvador-dali.org\/ca\/fundacio-dali\/noticia\/inauguracio-a-moscou-de-l-exposicio-dali-and-media\/#breadcrumb"},"inLanguage":"ca","potentialAction":[{"@type":"ReadAction","target":["https:\/\/www.salvador-dali.org\/ca\/fundacio-dali\/noticia\/inauguracio-a-moscou-de-l-exposicio-dali-and-media\/"]}]},{"@type":"ImageObject","inLanguage":"ca","@id":"https:\/\/www.salvador-dali.org\/ca\/fundacio-dali\/noticia\/inauguracio-a-moscou-de-l-exposicio-dali-and-media\/#primaryimage","url":"https:\/\/www.salvador-dali.org\/wp-content\/uploads\/2025\/05\/0510_go_1418123157_1024.jpg","contentUrl":"https:\/\/www.salvador-dali.org\/wp-content\/uploads\/2025\/05\/0510_go_1418123157_1024.jpg","width":1024,"height":1331,"caption":"Inauguraci\u00f3 a Moscou de l'exposici\u00f3 Dal\u00ed and media"},{"@type":"BreadcrumbList","@id":"https:\/\/www.salvador-dali.org\/ca\/fundacio-dali\/noticia\/inauguracio-a-moscou-de-l-exposicio-dali-and-media\/#breadcrumb","itemListElement":[{"@type":"ListItem","position":1,"name":"Inici","item":"https:\/\/www.salvador-dali.org\/ca\/"},{"@type":"ListItem","position":2,"name":"Inauguraci\u00f3 a Moscou de l&#8217;exposici\u00f3 Dal\u00ed and media"}]},{"@type":"WebSite","@id":"https:\/\/www.salvador-dali.org\/ca\/#website","url":"https:\/\/www.salvador-dali.org\/ca\/","name":"Fundaci\u00f3 Gala - Salvador Dal\u00ed","description":"","publisher":{"@id":"https:\/\/www.salvador-dali.org\/ca\/#organization"},"potentialAction":[{"@type":"SearchAction","target":{"@type":"EntryPoint","urlTemplate":"https:\/\/www.salvador-dali.org\/ca\/?s={search_term_string}"},"query-input":{"@type":"PropertyValueSpecification","valueRequired":true,"valueName":"search_term_string"}}],"inLanguage":"ca"},{"@type":"Organization","@id":"https:\/\/www.salvador-dali.org\/ca\/#organization","name":"Fundaci\u00f3 Gala - Salvador Dal\u00ed","url":"https:\/\/www.salvador-dali.org\/ca\/","logo":{"@type":"ImageObject","inLanguage":"ca","@id":"https:\/\/www.salvador-dali.org\/ca\/#\/schema\/logo\/image\/","url":"https:\/\/www.salvador-dali.org\/wp-content\/uploads\/2025\/04\/fundacio-gala-salvador-dali.png","contentUrl":"https:\/\/www.salvador-dali.org\/wp-content\/uploads\/2025\/04\/fundacio-gala-salvador-dali.png","width":240,"height":240,"caption":"Fundaci\u00f3 Gala - Salvador Dal\u00ed"},"image":{"@id":"https:\/\/www.salvador-dali.org\/ca\/#\/schema\/logo\/image\/"},"sameAs":["https:\/\/www.facebook.com\/MuseusDali","https:\/\/x.com\/MuseuDali","https:\/\/www.youtube.com\/user\/FundacioDali","https:\/\/www.flickr.com\/fundacio_dali\/","https:\/\/instagram.com\/museudali"]}]}},"_links":{"self":[{"href":"https:\/\/www.salvador-dali.org\/ca\/wp-json\/wp\/v2\/noticia\/5023","targetHints":{"allow":["GET"]}}],"collection":[{"href":"https:\/\/www.salvador-dali.org\/ca\/wp-json\/wp\/v2\/noticia"}],"about":[{"href":"https:\/\/www.salvador-dali.org\/ca\/wp-json\/wp\/v2\/types\/noticia"}],"wp:featuredmedia":[{"embeddable":true,"href":"https:\/\/www.salvador-dali.org\/ca\/wp-json\/wp\/v2\/media\/5024"}],"wp:attachment":[{"href":"https:\/\/www.salvador-dali.org\/ca\/wp-json\/wp\/v2\/media?parent=5023"}],"wp:term":[{"taxonomy":"categoria-actualitat","embeddable":true,"href":"https:\/\/www.salvador-dali.org\/ca\/wp-json\/wp\/v2\/categoria-actualitat?post=5023"}],"curies":[{"name":"wp","href":"https:\/\/api.w.org\/{rel}","templated":true}]}}