{"id":5356,"date":"2017-09-06T00:00:00","date_gmt":"2017-09-05T22:00:00","guid":{"rendered":"https:\/\/www.salvador-dali.org\/noticia\/salvador-dali-no-es-el-pare-de-pilar-abel\/"},"modified":"2017-09-06T00:00:00","modified_gmt":"2017-09-05T22:00:00","slug":"salvador-dali-no-es-el-pare-de-pilar-abel","status":"publish","type":"noticia","link":"https:\/\/www.salvador-dali.org\/ca\/fundacio-dali\/noticia\/salvador-dali-no-es-el-pare-de-pilar-abel\/","title":{"rendered":"Salvador Dal\u00ed no \u00e9s el pare de Pilar Abel"},"content":{"rendered":"<p>La Fundaci\u00f3 Gala-Salvador Dal\u00ed informa que ha rebut els resultats de les proves d&#8217;ADN de Salvador Dal\u00ed, que demostren que Pilar Abel <strong>no<\/strong> \u00e9s filla biol\u00f2gica de Salvador Dal\u00ed.<\/p>\n<p>El Jutjat de 1\u00aa Inst\u00e0ncia n\u00fam. 11 de Madrid ha traslladat als lletrats de la Fundaci\u00f3 Gala-Salvador Dal\u00ed (el despatx Roca Junyent) el dictamen em\u00e8s per l&#8217;Instituto Nacional de Toxicolog\u00eda y Ciencias Forenses en el que, despr\u00e9s d&#8217;analitzar les mostres biol\u00f2giques de Pilar Abel Mart\u00ednez i les obtingudes en l&#8217;exhumaci\u00f3 de les restes mortals de Salvador Dal\u00ed, conclou que els resultats obtinguts &#8220;<em>permeten excloure Salvador Dal\u00ed com a pare biol\u00f2gic de Mar\u00eda Pilar Abel Mart\u00ednez<\/em>&#8220;.<\/p>\n<p>Aquesta conclusi\u00f3 no \u00e9s cap sorpresa per la Fundaci\u00f3, ja que no hi ha hagut en cap moment cap indici de veracitat d&#8217;una pretesa paternitat. Es confirma que aquesta decisi\u00f3 judicial inusual i injustificada de practicar l&#8217;exhumaci\u00f3 ha estat totalment inadequada i desproporcionada, i es posa en evid\u00e8ncia la seva total improced\u00e8ncia i la inutilitat dels costos i perjudicis de tota mena, que ha ocasionat, respecte als quals la Fundaci\u00f3 reitera la seva reserva expressa d&#8217;accions.<\/p>\n<p>La Fundaci\u00f3 se n&#8217;alegra que amb aquest dictamen es posi fi a una pol\u00e8mica absurda i artificial i que la figura de Salvador Dal\u00ed quedi definitivament exclosa d&#8217;unes pretensions sense fonament. La Fundaci\u00f3 Dal\u00ed se n&#8217;alegra aix\u00ed mateix de poder-se centrar novament en la gesti\u00f3 del seu extraordinari llegat art\u00edstic i en la divulgaci\u00f3 de la obra i figura de Salvador Dal\u00ed.<\/p>\n<p>Properament es restituiran les restes mortals de Salvador Dal\u00ed. S&#8217;informar\u00e0 oportunament quan hagin estat reubicades.<\/p>\n<p>No es faran declaracions.<\/p>\n","protected":false},"excerpt":{"rendered":"<p>La Fundaci\u00f3 Gala-Salvador Dal\u00ed informa que ha rebut els resultats de les proves d&#8217;ADN de Salvador Dal\u00ed, que demostren que Pilar Abel no \u00e9s filla biol\u00f2gica de Salvador Dal\u00ed. El Jutjat de 1\u00aa Inst\u00e0ncia n\u00fam. 11 de Madrid ha traslladat als lletrats de la Fundaci\u00f3 Gala-Salvador Dal\u00ed (el despatx Roca Junyent) el dictamen em\u00e8s per [&hellip;]<\/p>\n","protected":false},"featured_media":5357,"menu_order":0,"template":"","format":"standard","meta":{"_acf_changed":false,"_coblocks_attr":"","_coblocks_dimensions":"","_coblocks_responsive_height":"","_coblocks_accordion_ie_support":""},"categoria-actualitat":[79],"class_list":["post-5356","noticia","type-noticia","status-publish","format-standard","has-post-thumbnail","hentry","categoria-actualitat-fundacio-gala-salvador-dali"],"acf":[],"yoast_head":"<!-- This site is optimized with the Yoast SEO plugin v27.5 - https:\/\/yoast.com\/product\/yoast-seo-wordpress\/ -->\n<title>Salvador Dal\u00ed no \u00e9s el pare de Pilar Abel - Fundaci\u00f3 Gala - Salvador Dal\u00ed<\/title>\n<meta name=\"robots\" content=\"index, follow, max-snippet:-1, max-image-preview:large, max-video-preview:-1\" \/>\n<link rel=\"canonical\" href=\"https:\/\/www.salvador-dali.org\/ca\/fundacio-dali\/noticia\/salvador-dali-no-es-el-pare-de-pilar-abel\/\" \/>\n<meta property=\"og:locale\" content=\"ca_ES\" \/>\n<meta property=\"og:type\" content=\"article\" \/>\n<meta property=\"og:title\" content=\"Salvador Dal\u00ed no \u00e9s el pare de Pilar Abel - Fundaci\u00f3 Gala - Salvador Dal\u00ed\" \/>\n<meta property=\"og:description\" content=\"La Fundaci\u00f3 Gala-Salvador Dal\u00ed informa que ha rebut els resultats de les proves d&#8217;ADN de Salvador Dal\u00ed, que demostren que Pilar Abel no \u00e9s filla biol\u00f2gica de Salvador Dal\u00ed. El Jutjat de 1\u00aa Inst\u00e0ncia n\u00fam. 11 de Madrid ha traslladat als lletrats de la Fundaci\u00f3 Gala-Salvador Dal\u00ed (el despatx Roca Junyent) el dictamen em\u00e8s per [&hellip;]\" \/>\n<meta property=\"og:url\" content=\"https:\/\/www.salvador-dali.org\/ca\/fundacio-dali\/noticia\/salvador-dali-no-es-el-pare-de-pilar-abel\/\" \/>\n<meta property=\"og:site_name\" content=\"Fundaci\u00f3 Gala - Salvador Dal\u00ed\" \/>\n<meta property=\"article:publisher\" content=\"https:\/\/www.facebook.com\/MuseusDali\" \/>\n<meta property=\"og:image\" content=\"https:\/\/www.salvador-dali.org\/wp-content\/uploads\/2025\/05\/5079_150471731177_1024.jpg\" \/>\n\t<meta property=\"og:image:width\" content=\"925\" \/>\n\t<meta property=\"og:image:height\" content=\"1405\" \/>\n\t<meta property=\"og:image:type\" content=\"image\/jpeg\" \/>\n<meta name=\"twitter:card\" content=\"summary_large_image\" \/>\n<meta name=\"twitter:site\" content=\"@MuseuDali\" \/>\n<meta name=\"twitter:label1\" content=\"Temps estimat de lectura\" \/>\n\t<meta name=\"twitter:data1\" content=\"1 minut\" \/>\n<script type=\"application\/ld+json\" class=\"yoast-schema-graph\">{\"@context\":\"https:\\\/\\\/schema.org\",\"@graph\":[{\"@type\":\"WebPage\",\"@id\":\"https:\\\/\\\/www.salvador-dali.org\\\/ca\\\/fundacio-dali\\\/noticia\\\/salvador-dali-no-es-el-pare-de-pilar-abel\\\/\",\"url\":\"https:\\\/\\\/www.salvador-dali.org\\\/ca\\\/fundacio-dali\\\/noticia\\\/salvador-dali-no-es-el-pare-de-pilar-abel\\\/\",\"name\":\"Salvador Dal\u00ed no \u00e9s el pare de Pilar Abel - Fundaci\u00f3 Gala - Salvador Dal\u00ed\",\"isPartOf\":{\"@id\":\"https:\\\/\\\/www.salvador-dali.org\\\/ca\\\/#website\"},\"primaryImageOfPage\":{\"@id\":\"https:\\\/\\\/www.salvador-dali.org\\\/ca\\\/fundacio-dali\\\/noticia\\\/salvador-dali-no-es-el-pare-de-pilar-abel\\\/#primaryimage\"},\"image\":{\"@id\":\"https:\\\/\\\/www.salvador-dali.org\\\/ca\\\/fundacio-dali\\\/noticia\\\/salvador-dali-no-es-el-pare-de-pilar-abel\\\/#primaryimage\"},\"thumbnailUrl\":\"https:\\\/\\\/www.salvador-dali.org\\\/wp-content\\\/uploads\\\/2025\\\/05\\\/5079_150471731177_1024.jpg\",\"datePublished\":\"2017-09-05T22:00:00+00:00\",\"breadcrumb\":{\"@id\":\"https:\\\/\\\/www.salvador-dali.org\\\/ca\\\/fundacio-dali\\\/noticia\\\/salvador-dali-no-es-el-pare-de-pilar-abel\\\/#breadcrumb\"},\"inLanguage\":\"ca\",\"potentialAction\":[{\"@type\":\"ReadAction\",\"target\":[\"https:\\\/\\\/www.salvador-dali.org\\\/ca\\\/fundacio-dali\\\/noticia\\\/salvador-dali-no-es-el-pare-de-pilar-abel\\\/\"]}]},{\"@type\":\"ImageObject\",\"inLanguage\":\"ca\",\"@id\":\"https:\\\/\\\/www.salvador-dali.org\\\/ca\\\/fundacio-dali\\\/noticia\\\/salvador-dali-no-es-el-pare-de-pilar-abel\\\/#primaryimage\",\"url\":\"https:\\\/\\\/www.salvador-dali.org\\\/wp-content\\\/uploads\\\/2025\\\/05\\\/5079_150471731177_1024.jpg\",\"contentUrl\":\"https:\\\/\\\/www.salvador-dali.org\\\/wp-content\\\/uploads\\\/2025\\\/05\\\/5079_150471731177_1024.jpg\",\"width\":925,\"height\":1405,\"caption\":\"Salvador Dal\u00ed retratat per Ricardo Sans\"},{\"@type\":\"BreadcrumbList\",\"@id\":\"https:\\\/\\\/www.salvador-dali.org\\\/ca\\\/fundacio-dali\\\/noticia\\\/salvador-dali-no-es-el-pare-de-pilar-abel\\\/#breadcrumb\",\"itemListElement\":[{\"@type\":\"ListItem\",\"position\":1,\"name\":\"Inici\",\"item\":\"https:\\\/\\\/www.salvador-dali.org\\\/ca\\\/\"},{\"@type\":\"ListItem\",\"position\":2,\"name\":\"Salvador Dal\u00ed no \u00e9s el pare de Pilar Abel\"}]},{\"@type\":\"WebSite\",\"@id\":\"https:\\\/\\\/www.salvador-dali.org\\\/ca\\\/#website\",\"url\":\"https:\\\/\\\/www.salvador-dali.org\\\/ca\\\/\",\"name\":\"Fundaci\u00f3 Gala - Salvador Dal\u00ed\",\"description\":\"\",\"publisher\":{\"@id\":\"https:\\\/\\\/www.salvador-dali.org\\\/ca\\\/#organization\"},\"potentialAction\":[{\"@type\":\"SearchAction\",\"target\":{\"@type\":\"EntryPoint\",\"urlTemplate\":\"https:\\\/\\\/www.salvador-dali.org\\\/ca\\\/?s={search_term_string}\"},\"query-input\":{\"@type\":\"PropertyValueSpecification\",\"valueRequired\":true,\"valueName\":\"search_term_string\"}}],\"inLanguage\":\"ca\"},{\"@type\":\"Organization\",\"@id\":\"https:\\\/\\\/www.salvador-dali.org\\\/ca\\\/#organization\",\"name\":\"Fundaci\u00f3 Gala - Salvador Dal\u00ed\",\"url\":\"https:\\\/\\\/www.salvador-dali.org\\\/ca\\\/\",\"logo\":{\"@type\":\"ImageObject\",\"inLanguage\":\"ca\",\"@id\":\"https:\\\/\\\/www.salvador-dali.org\\\/ca\\\/#\\\/schema\\\/logo\\\/image\\\/\",\"url\":\"https:\\\/\\\/www.salvador-dali.org\\\/wp-content\\\/uploads\\\/2025\\\/04\\\/fundacio-gala-salvador-dali.png\",\"contentUrl\":\"https:\\\/\\\/www.salvador-dali.org\\\/wp-content\\\/uploads\\\/2025\\\/04\\\/fundacio-gala-salvador-dali.png\",\"width\":240,\"height\":240,\"caption\":\"Fundaci\u00f3 Gala - Salvador Dal\u00ed\"},\"image\":{\"@id\":\"https:\\\/\\\/www.salvador-dali.org\\\/ca\\\/#\\\/schema\\\/logo\\\/image\\\/\"},\"sameAs\":[\"https:\\\/\\\/www.facebook.com\\\/MuseusDali\",\"https:\\\/\\\/x.com\\\/MuseuDali\",\"https:\\\/\\\/www.youtube.com\\\/user\\\/FundacioDali\",\"https:\\\/\\\/www.flickr.com\\\/fundacio_dali\\\/\",\"https:\\\/\\\/instagram.com\\\/museudali\"]}]}<\/script>\n<!-- \/ Yoast SEO plugin. -->","yoast_head_json":{"title":"Salvador Dal\u00ed no \u00e9s el pare de Pilar Abel - Fundaci\u00f3 Gala - Salvador Dal\u00ed","robots":{"index":"index","follow":"follow","max-snippet":"max-snippet:-1","max-image-preview":"max-image-preview:large","max-video-preview":"max-video-preview:-1"},"canonical":"https:\/\/www.salvador-dali.org\/ca\/fundacio-dali\/noticia\/salvador-dali-no-es-el-pare-de-pilar-abel\/","og_locale":"ca_ES","og_type":"article","og_title":"Salvador Dal\u00ed no \u00e9s el pare de Pilar Abel - Fundaci\u00f3 Gala - Salvador Dal\u00ed","og_description":"La Fundaci\u00f3 Gala-Salvador Dal\u00ed informa que ha rebut els resultats de les proves d&#8217;ADN de Salvador Dal\u00ed, que demostren que Pilar Abel no \u00e9s filla biol\u00f2gica de Salvador Dal\u00ed. El Jutjat de 1\u00aa Inst\u00e0ncia n\u00fam. 11 de Madrid ha traslladat als lletrats de la Fundaci\u00f3 Gala-Salvador Dal\u00ed (el despatx Roca Junyent) el dictamen em\u00e8s per [&hellip;]","og_url":"https:\/\/www.salvador-dali.org\/ca\/fundacio-dali\/noticia\/salvador-dali-no-es-el-pare-de-pilar-abel\/","og_site_name":"Fundaci\u00f3 Gala - Salvador Dal\u00ed","article_publisher":"https:\/\/www.facebook.com\/MuseusDali","og_image":[{"width":925,"height":1405,"url":"https:\/\/www.salvador-dali.org\/wp-content\/uploads\/2025\/05\/5079_150471731177_1024.jpg","type":"image\/jpeg"}],"twitter_card":"summary_large_image","twitter_site":"@MuseuDali","twitter_misc":{"Temps estimat de lectura":"1 minut"},"schema":{"@context":"https:\/\/schema.org","@graph":[{"@type":"WebPage","@id":"https:\/\/www.salvador-dali.org\/ca\/fundacio-dali\/noticia\/salvador-dali-no-es-el-pare-de-pilar-abel\/","url":"https:\/\/www.salvador-dali.org\/ca\/fundacio-dali\/noticia\/salvador-dali-no-es-el-pare-de-pilar-abel\/","name":"Salvador Dal\u00ed no \u00e9s el pare de Pilar Abel - Fundaci\u00f3 Gala - Salvador Dal\u00ed","isPartOf":{"@id":"https:\/\/www.salvador-dali.org\/ca\/#website"},"primaryImageOfPage":{"@id":"https:\/\/www.salvador-dali.org\/ca\/fundacio-dali\/noticia\/salvador-dali-no-es-el-pare-de-pilar-abel\/#primaryimage"},"image":{"@id":"https:\/\/www.salvador-dali.org\/ca\/fundacio-dali\/noticia\/salvador-dali-no-es-el-pare-de-pilar-abel\/#primaryimage"},"thumbnailUrl":"https:\/\/www.salvador-dali.org\/wp-content\/uploads\/2025\/05\/5079_150471731177_1024.jpg","datePublished":"2017-09-05T22:00:00+00:00","breadcrumb":{"@id":"https:\/\/www.salvador-dali.org\/ca\/fundacio-dali\/noticia\/salvador-dali-no-es-el-pare-de-pilar-abel\/#breadcrumb"},"inLanguage":"ca","potentialAction":[{"@type":"ReadAction","target":["https:\/\/www.salvador-dali.org\/ca\/fundacio-dali\/noticia\/salvador-dali-no-es-el-pare-de-pilar-abel\/"]}]},{"@type":"ImageObject","inLanguage":"ca","@id":"https:\/\/www.salvador-dali.org\/ca\/fundacio-dali\/noticia\/salvador-dali-no-es-el-pare-de-pilar-abel\/#primaryimage","url":"https:\/\/www.salvador-dali.org\/wp-content\/uploads\/2025\/05\/5079_150471731177_1024.jpg","contentUrl":"https:\/\/www.salvador-dali.org\/wp-content\/uploads\/2025\/05\/5079_150471731177_1024.jpg","width":925,"height":1405,"caption":"Salvador Dal\u00ed retratat per Ricardo Sans"},{"@type":"BreadcrumbList","@id":"https:\/\/www.salvador-dali.org\/ca\/fundacio-dali\/noticia\/salvador-dali-no-es-el-pare-de-pilar-abel\/#breadcrumb","itemListElement":[{"@type":"ListItem","position":1,"name":"Inici","item":"https:\/\/www.salvador-dali.org\/ca\/"},{"@type":"ListItem","position":2,"name":"Salvador Dal\u00ed no \u00e9s el pare de Pilar Abel"}]},{"@type":"WebSite","@id":"https:\/\/www.salvador-dali.org\/ca\/#website","url":"https:\/\/www.salvador-dali.org\/ca\/","name":"Fundaci\u00f3 Gala - Salvador Dal\u00ed","description":"","publisher":{"@id":"https:\/\/www.salvador-dali.org\/ca\/#organization"},"potentialAction":[{"@type":"SearchAction","target":{"@type":"EntryPoint","urlTemplate":"https:\/\/www.salvador-dali.org\/ca\/?s={search_term_string}"},"query-input":{"@type":"PropertyValueSpecification","valueRequired":true,"valueName":"search_term_string"}}],"inLanguage":"ca"},{"@type":"Organization","@id":"https:\/\/www.salvador-dali.org\/ca\/#organization","name":"Fundaci\u00f3 Gala - Salvador Dal\u00ed","url":"https:\/\/www.salvador-dali.org\/ca\/","logo":{"@type":"ImageObject","inLanguage":"ca","@id":"https:\/\/www.salvador-dali.org\/ca\/#\/schema\/logo\/image\/","url":"https:\/\/www.salvador-dali.org\/wp-content\/uploads\/2025\/04\/fundacio-gala-salvador-dali.png","contentUrl":"https:\/\/www.salvador-dali.org\/wp-content\/uploads\/2025\/04\/fundacio-gala-salvador-dali.png","width":240,"height":240,"caption":"Fundaci\u00f3 Gala - Salvador Dal\u00ed"},"image":{"@id":"https:\/\/www.salvador-dali.org\/ca\/#\/schema\/logo\/image\/"},"sameAs":["https:\/\/www.facebook.com\/MuseusDali","https:\/\/x.com\/MuseuDali","https:\/\/www.youtube.com\/user\/FundacioDali","https:\/\/www.flickr.com\/fundacio_dali\/","https:\/\/instagram.com\/museudali"]}]}},"_links":{"self":[{"href":"https:\/\/www.salvador-dali.org\/ca\/wp-json\/wp\/v2\/noticia\/5356","targetHints":{"allow":["GET"]}}],"collection":[{"href":"https:\/\/www.salvador-dali.org\/ca\/wp-json\/wp\/v2\/noticia"}],"about":[{"href":"https:\/\/www.salvador-dali.org\/ca\/wp-json\/wp\/v2\/types\/noticia"}],"wp:featuredmedia":[{"embeddable":true,"href":"https:\/\/www.salvador-dali.org\/ca\/wp-json\/wp\/v2\/media\/5357"}],"wp:attachment":[{"href":"https:\/\/www.salvador-dali.org\/ca\/wp-json\/wp\/v2\/media?parent=5356"}],"wp:term":[{"taxonomy":"categoria-actualitat","embeddable":true,"href":"https:\/\/www.salvador-dali.org\/ca\/wp-json\/wp\/v2\/categoria-actualitat?post=5356"}],"curies":[{"name":"wp","href":"https:\/\/api.w.org\/{rel}","templated":true}]}}