{"id":5596,"date":"2021-01-08T00:00:00","date_gmt":"2021-01-07T22:00:00","guid":{"rendered":"https:\/\/www.salvador-dali.org\/noticia\/els-museus-dali-reben-un-82-de-visitants-menys-el-2020\/"},"modified":"2021-01-08T00:00:00","modified_gmt":"2021-01-07T22:00:00","slug":"els-museus-dali-reben-un-82-de-visitants-menys-el-2020","status":"publish","type":"noticia","link":"https:\/\/www.salvador-dali.org\/ca\/fundacio-dali\/noticia\/els-museus-dali-reben-un-82-de-visitants-menys-el-2020\/","title":{"rendered":"Els Museus Dal\u00ed reben un 82% de visitants menys el 2020"},"content":{"rendered":"<p>Durant l&#8217;any 2020, en qu\u00e8 la pand\u00e8mia ha condicionat el seu funcionament habitual, els tres Museus Dal\u00ed han rebut un total de <strong>190.213 visitants<\/strong>, un 82,06% menys que l&#8217;any anterior. Com a conseq\u00fc\u00e8ncia de les mesures adoptades per les autoritats sanit\u00e0ries, els tres centres han obert un 55% menys de dies que l&#8217;any anterior i amb un aforament limitat al 30% de la seva capacitat.<\/p>\n<p>La Fundaci\u00f3 Dal\u00ed considera que l&#8217;obertura dels museus, que s&#8217;ha adaptat a l&#8217;evoluci\u00f3 de la pand\u00e8mia, ha complert les expectatives dels visitants, que han valorat positivament la seva experi\u00e8ncia art\u00edstica i han agra\u00eft les estrictes mesures anti-covid adoptades, segons una enquesta portada a terme pel Grup de Recerca del Laboratori Multidisciplinar de Recerca en Turisme (LMRT) de la Universitat de Girona.<\/p>\n<p>Els tres museus han tornat a tancar despr\u00e9s de Reis i tenen previst la seva reobertura per Setmana Santa, si les condicions epidemiol\u00f2giques ho permeten.<\/p>\n<p>Els visitants de 2020 s&#8217;han repartit de la manera seg\u00fcent:<\/p>\n<p>&#8211; Teatre-Museu Dal\u00ed, Figueres (obert durant 6 mesos i mig): <strong>123.062 visitants<\/strong>, un 85% menys que el 2019.<\/p>\n<p>&#8211; Castell Gala Dal\u00ed de P\u00fabol (obert durant 4 mesos): <strong>18.225 visitants<\/strong>, un 78% menys que el 2019.<\/p>\n<p>&#8211; Casa Salvador Dal\u00ed de Portlligat (oberta durant 5 mesos): <strong>48.926 visitants<\/strong>, un 69% menys que l&#8217;any 2019.<\/p>\n<p>Els ingressos per taquilla han caigut un 83% respecte el 2019, un punt m\u00e9s que les entrades venudes at\u00e8s que es van ampliar les gratu\u00eftats fins als 14 anys, i al personal implicat en la crisi sanit\u00e0ria.<\/p>\n<p>Per proced\u00e8ncia, la proporci\u00f3 de visitants es mant\u00e9 en relaci\u00f3 als anys anteriors. Els percentatges dels 3 or\u00edgens principals s\u00f3n: 32% francesos, 24% catalans i 20% la resta d&#8217;Espanya. Pel que fa als grups, destaca la davallada dels procedents de R\u00fassia ja que la pand\u00e8mia ha fet impossible viatjar en aquesta modalitat.<\/p>\n<p>Tot i la pand\u00e8mia, la Fundaci\u00f3 Dal\u00ed ha mantingut una activitat expositiva significativa. Fins que la crisi sanit\u00e0ria no va precipitar el tancament, l&#8217;exposici\u00f3 Salvador Dal\u00ed. Magic art celebrada a Moscou va rebre 500.000 visitants en menys de tres mesos. Malgrat les restriccions imposades per les autoritats sanit\u00e0ries franceses, l&#8217;exposici\u00f3 multim\u00e8dia immersiva Dal\u00ed. L&#8217;enigma sense fi ha estat acollida amb molt d&#8217;\u00e8xit a la pedrera dels Baus de Proven\u00e7a, un projecte innovador que s&#8217;exhibir\u00e0 als Ateliers de Lumi\u00e8res de Par\u00eds a partir del 29 de gener.<\/p>\n<p>Al Teatre-Museu Dal\u00ed, s&#8217;han pogut veure dues noves propostes expositives: <a href=\"https:\/\/exhibitions.salvador-dali.org\/dali-el-surrealisme-soc-jo-paisatges-fora-del-temps\/\"><em>Dal\u00ed: el surrealisme soc jo! Paisatges fora del temps<\/em><\/a> durant l&#8217;estiu de 2020 i una presentaci\u00f3 de l&#8217;obra <a href=\"\/ca\/obra\/cataleg-raonat-pintures\/obra\/597\/galarina?paraulaClau=galarina\"><em>Galarina <\/em><\/a>coincidint amb els 500 anys de la mort de Rafael Sanzio (en el marc de la mostra <a href=\"\/ca\/actualitat\/monografic-dali-rafael\/\"><em>Dal\u00ed-Rafael, Un somieig prolongat <\/em><\/a>inaugurada el 2019). Al Castell Gala Dal\u00ed s&#8217;hi ha pogut veure <a href=\"https:\/\/exhibitions.salvador-dali.org\/galadalidior-dart-moda\/\"><em>Gala\/Dal\u00ed\/Dior: d&#8217;art i de moda<\/em><\/a>.<\/p>\n<p>Durant el confinament, la Fundaci\u00f3 Dal\u00ed ha posat en marxa una renovada <a href=\"\/ca\/museus\/teatre-museu-dali-de-figueres\/visita-virtual\/\">visita virtual<\/a> al Teatre-Museu en quatre idiomes (catal\u00e0, castell\u00e0, franc\u00e8s i angl\u00e8s), basada en una tecnologia innovadora, que ha rebut 780.200 visites i una valoraci\u00f3 molt positiva.<\/p>\n","protected":false},"excerpt":{"rendered":"<p>Durant l&#8217;any 2020, en qu\u00e8 la pand\u00e8mia ha condicionat el seu funcionament habitual, els tres Museus Dal\u00ed han rebut un total de 190.213 visitants, un 82,06% menys que l&#8217;any anterior. Com a conseq\u00fc\u00e8ncia de les mesures adoptades per les autoritats sanit\u00e0ries, els tres centres han obert un 55% menys de dies que l&#8217;any anterior i [&hellip;]<\/p>\n","protected":false},"featured_media":5597,"menu_order":0,"template":"","format":"standard","meta":{"_acf_changed":false,"_coblocks_attr":"","_coblocks_dimensions":"","_coblocks_responsive_height":"","_coblocks_accordion_ie_support":""},"categoria-actualitat":[],"class_list":["post-5596","noticia","type-noticia","status-publish","format-standard","has-post-thumbnail","hentry"],"acf":[],"yoast_head":"<!-- This site is optimized with the Yoast SEO plugin v27.5 - https:\/\/yoast.com\/product\/yoast-seo-wordpress\/ -->\n<title>Els Museus Dal\u00ed reben un 82% de visitants menys el 2020 - Fundaci\u00f3 Gala - Salvador Dal\u00ed<\/title>\n<meta name=\"robots\" content=\"index, follow, max-snippet:-1, max-image-preview:large, max-video-preview:-1\" \/>\n<link rel=\"canonical\" href=\"https:\/\/www.salvador-dali.org\/ca\/fundacio-dali\/noticia\/els-museus-dali-reben-un-82-de-visitants-menys-el-2020\/\" \/>\n<meta property=\"og:locale\" content=\"ca_ES\" \/>\n<meta property=\"og:type\" content=\"article\" \/>\n<meta property=\"og:title\" content=\"Els Museus Dal\u00ed reben un 82% de visitants menys el 2020 - Fundaci\u00f3 Gala - Salvador Dal\u00ed\" \/>\n<meta property=\"og:description\" content=\"Durant l&#8217;any 2020, en qu\u00e8 la pand\u00e8mia ha condicionat el seu funcionament habitual, els tres Museus Dal\u00ed han rebut un total de 190.213 visitants, un 82,06% menys que l&#8217;any anterior. Com a conseq\u00fc\u00e8ncia de les mesures adoptades per les autoritats sanit\u00e0ries, els tres centres han obert un 55% menys de dies que l&#8217;any anterior i [&hellip;]\" \/>\n<meta property=\"og:url\" content=\"https:\/\/www.salvador-dali.org\/ca\/fundacio-dali\/noticia\/els-museus-dali-reben-un-82-de-visitants-menys-el-2020\/\" \/>\n<meta property=\"og:site_name\" content=\"Fundaci\u00f3 Gala - Salvador Dal\u00ed\" \/>\n<meta property=\"article:publisher\" content=\"https:\/\/www.facebook.com\/MuseusDali\" \/>\n<meta property=\"og:image\" content=\"https:\/\/www.salvador-dali.org\/wp-content\/uploads\/2025\/05\/fotojosepalgans_saladeltresor2_161010845377_1024.jpg\" \/>\n\t<meta property=\"og:image:width\" content=\"1024\" \/>\n\t<meta property=\"og:image:height\" content=\"683\" \/>\n\t<meta property=\"og:image:type\" content=\"image\/jpeg\" \/>\n<meta name=\"twitter:card\" content=\"summary_large_image\" \/>\n<meta name=\"twitter:site\" content=\"@MuseuDali\" \/>\n<meta name=\"twitter:label1\" content=\"Temps estimat de lectura\" \/>\n\t<meta name=\"twitter:data1\" content=\"2 minuts\" \/>\n<script type=\"application\/ld+json\" class=\"yoast-schema-graph\">{\"@context\":\"https:\\\/\\\/schema.org\",\"@graph\":[{\"@type\":\"WebPage\",\"@id\":\"https:\\\/\\\/www.salvador-dali.org\\\/ca\\\/fundacio-dali\\\/noticia\\\/els-museus-dali-reben-un-82-de-visitants-menys-el-2020\\\/\",\"url\":\"https:\\\/\\\/www.salvador-dali.org\\\/ca\\\/fundacio-dali\\\/noticia\\\/els-museus-dali-reben-un-82-de-visitants-menys-el-2020\\\/\",\"name\":\"Els Museus Dal\u00ed reben un 82% de visitants menys el 2020 - Fundaci\u00f3 Gala - Salvador Dal\u00ed\",\"isPartOf\":{\"@id\":\"https:\\\/\\\/www.salvador-dali.org\\\/ca\\\/#website\"},\"primaryImageOfPage\":{\"@id\":\"https:\\\/\\\/www.salvador-dali.org\\\/ca\\\/fundacio-dali\\\/noticia\\\/els-museus-dali-reben-un-82-de-visitants-menys-el-2020\\\/#primaryimage\"},\"image\":{\"@id\":\"https:\\\/\\\/www.salvador-dali.org\\\/ca\\\/fundacio-dali\\\/noticia\\\/els-museus-dali-reben-un-82-de-visitants-menys-el-2020\\\/#primaryimage\"},\"thumbnailUrl\":\"https:\\\/\\\/www.salvador-dali.org\\\/wp-content\\\/uploads\\\/2025\\\/05\\\/fotojosepalgans_saladeltresor2_161010845377_1024.jpg\",\"datePublished\":\"2021-01-07T22:00:00+00:00\",\"breadcrumb\":{\"@id\":\"https:\\\/\\\/www.salvador-dali.org\\\/ca\\\/fundacio-dali\\\/noticia\\\/els-museus-dali-reben-un-82-de-visitants-menys-el-2020\\\/#breadcrumb\"},\"inLanguage\":\"ca\",\"potentialAction\":[{\"@type\":\"ReadAction\",\"target\":[\"https:\\\/\\\/www.salvador-dali.org\\\/ca\\\/fundacio-dali\\\/noticia\\\/els-museus-dali-reben-un-82-de-visitants-menys-el-2020\\\/\"]}]},{\"@type\":\"ImageObject\",\"inLanguage\":\"ca\",\"@id\":\"https:\\\/\\\/www.salvador-dali.org\\\/ca\\\/fundacio-dali\\\/noticia\\\/els-museus-dali-reben-un-82-de-visitants-menys-el-2020\\\/#primaryimage\",\"url\":\"https:\\\/\\\/www.salvador-dali.org\\\/wp-content\\\/uploads\\\/2025\\\/05\\\/fotojosepalgans_saladeltresor2_161010845377_1024.jpg\",\"contentUrl\":\"https:\\\/\\\/www.salvador-dali.org\\\/wp-content\\\/uploads\\\/2025\\\/05\\\/fotojosepalgans_saladeltresor2_161010845377_1024.jpg\",\"width\":1024,\"height\":683,\"caption\":\"Sala del Tresor. Foto Josep Algans\"},{\"@type\":\"BreadcrumbList\",\"@id\":\"https:\\\/\\\/www.salvador-dali.org\\\/ca\\\/fundacio-dali\\\/noticia\\\/els-museus-dali-reben-un-82-de-visitants-menys-el-2020\\\/#breadcrumb\",\"itemListElement\":[{\"@type\":\"ListItem\",\"position\":1,\"name\":\"Inici\",\"item\":\"https:\\\/\\\/www.salvador-dali.org\\\/ca\\\/\"},{\"@type\":\"ListItem\",\"position\":2,\"name\":\"Els Museus Dal\u00ed reben un 82% de visitants menys el 2020\"}]},{\"@type\":\"WebSite\",\"@id\":\"https:\\\/\\\/www.salvador-dali.org\\\/ca\\\/#website\",\"url\":\"https:\\\/\\\/www.salvador-dali.org\\\/ca\\\/\",\"name\":\"Fundaci\u00f3 Gala - Salvador Dal\u00ed\",\"description\":\"\",\"publisher\":{\"@id\":\"https:\\\/\\\/www.salvador-dali.org\\\/ca\\\/#organization\"},\"potentialAction\":[{\"@type\":\"SearchAction\",\"target\":{\"@type\":\"EntryPoint\",\"urlTemplate\":\"https:\\\/\\\/www.salvador-dali.org\\\/ca\\\/?s={search_term_string}\"},\"query-input\":{\"@type\":\"PropertyValueSpecification\",\"valueRequired\":true,\"valueName\":\"search_term_string\"}}],\"inLanguage\":\"ca\"},{\"@type\":\"Organization\",\"@id\":\"https:\\\/\\\/www.salvador-dali.org\\\/ca\\\/#organization\",\"name\":\"Fundaci\u00f3 Gala - Salvador Dal\u00ed\",\"url\":\"https:\\\/\\\/www.salvador-dali.org\\\/ca\\\/\",\"logo\":{\"@type\":\"ImageObject\",\"inLanguage\":\"ca\",\"@id\":\"https:\\\/\\\/www.salvador-dali.org\\\/ca\\\/#\\\/schema\\\/logo\\\/image\\\/\",\"url\":\"https:\\\/\\\/www.salvador-dali.org\\\/wp-content\\\/uploads\\\/2025\\\/04\\\/fundacio-gala-salvador-dali.png\",\"contentUrl\":\"https:\\\/\\\/www.salvador-dali.org\\\/wp-content\\\/uploads\\\/2025\\\/04\\\/fundacio-gala-salvador-dali.png\",\"width\":240,\"height\":240,\"caption\":\"Fundaci\u00f3 Gala - Salvador Dal\u00ed\"},\"image\":{\"@id\":\"https:\\\/\\\/www.salvador-dali.org\\\/ca\\\/#\\\/schema\\\/logo\\\/image\\\/\"},\"sameAs\":[\"https:\\\/\\\/www.facebook.com\\\/MuseusDali\",\"https:\\\/\\\/x.com\\\/MuseuDali\",\"https:\\\/\\\/www.youtube.com\\\/user\\\/FundacioDali\",\"https:\\\/\\\/www.flickr.com\\\/fundacio_dali\\\/\",\"https:\\\/\\\/instagram.com\\\/museudali\"]}]}<\/script>\n<!-- \/ Yoast SEO plugin. -->","yoast_head_json":{"title":"Els Museus Dal\u00ed reben un 82% de visitants menys el 2020 - Fundaci\u00f3 Gala - Salvador Dal\u00ed","robots":{"index":"index","follow":"follow","max-snippet":"max-snippet:-1","max-image-preview":"max-image-preview:large","max-video-preview":"max-video-preview:-1"},"canonical":"https:\/\/www.salvador-dali.org\/ca\/fundacio-dali\/noticia\/els-museus-dali-reben-un-82-de-visitants-menys-el-2020\/","og_locale":"ca_ES","og_type":"article","og_title":"Els Museus Dal\u00ed reben un 82% de visitants menys el 2020 - Fundaci\u00f3 Gala - Salvador Dal\u00ed","og_description":"Durant l&#8217;any 2020, en qu\u00e8 la pand\u00e8mia ha condicionat el seu funcionament habitual, els tres Museus Dal\u00ed han rebut un total de 190.213 visitants, un 82,06% menys que l&#8217;any anterior. Com a conseq\u00fc\u00e8ncia de les mesures adoptades per les autoritats sanit\u00e0ries, els tres centres han obert un 55% menys de dies que l&#8217;any anterior i [&hellip;]","og_url":"https:\/\/www.salvador-dali.org\/ca\/fundacio-dali\/noticia\/els-museus-dali-reben-un-82-de-visitants-menys-el-2020\/","og_site_name":"Fundaci\u00f3 Gala - Salvador Dal\u00ed","article_publisher":"https:\/\/www.facebook.com\/MuseusDali","og_image":[{"width":1024,"height":683,"url":"https:\/\/www.salvador-dali.org\/wp-content\/uploads\/2025\/05\/fotojosepalgans_saladeltresor2_161010845377_1024.jpg","type":"image\/jpeg"}],"twitter_card":"summary_large_image","twitter_site":"@MuseuDali","twitter_misc":{"Temps estimat de lectura":"2 minuts"},"schema":{"@context":"https:\/\/schema.org","@graph":[{"@type":"WebPage","@id":"https:\/\/www.salvador-dali.org\/ca\/fundacio-dali\/noticia\/els-museus-dali-reben-un-82-de-visitants-menys-el-2020\/","url":"https:\/\/www.salvador-dali.org\/ca\/fundacio-dali\/noticia\/els-museus-dali-reben-un-82-de-visitants-menys-el-2020\/","name":"Els Museus Dal\u00ed reben un 82% de visitants menys el 2020 - Fundaci\u00f3 Gala - Salvador Dal\u00ed","isPartOf":{"@id":"https:\/\/www.salvador-dali.org\/ca\/#website"},"primaryImageOfPage":{"@id":"https:\/\/www.salvador-dali.org\/ca\/fundacio-dali\/noticia\/els-museus-dali-reben-un-82-de-visitants-menys-el-2020\/#primaryimage"},"image":{"@id":"https:\/\/www.salvador-dali.org\/ca\/fundacio-dali\/noticia\/els-museus-dali-reben-un-82-de-visitants-menys-el-2020\/#primaryimage"},"thumbnailUrl":"https:\/\/www.salvador-dali.org\/wp-content\/uploads\/2025\/05\/fotojosepalgans_saladeltresor2_161010845377_1024.jpg","datePublished":"2021-01-07T22:00:00+00:00","breadcrumb":{"@id":"https:\/\/www.salvador-dali.org\/ca\/fundacio-dali\/noticia\/els-museus-dali-reben-un-82-de-visitants-menys-el-2020\/#breadcrumb"},"inLanguage":"ca","potentialAction":[{"@type":"ReadAction","target":["https:\/\/www.salvador-dali.org\/ca\/fundacio-dali\/noticia\/els-museus-dali-reben-un-82-de-visitants-menys-el-2020\/"]}]},{"@type":"ImageObject","inLanguage":"ca","@id":"https:\/\/www.salvador-dali.org\/ca\/fundacio-dali\/noticia\/els-museus-dali-reben-un-82-de-visitants-menys-el-2020\/#primaryimage","url":"https:\/\/www.salvador-dali.org\/wp-content\/uploads\/2025\/05\/fotojosepalgans_saladeltresor2_161010845377_1024.jpg","contentUrl":"https:\/\/www.salvador-dali.org\/wp-content\/uploads\/2025\/05\/fotojosepalgans_saladeltresor2_161010845377_1024.jpg","width":1024,"height":683,"caption":"Sala del Tresor. Foto Josep Algans"},{"@type":"BreadcrumbList","@id":"https:\/\/www.salvador-dali.org\/ca\/fundacio-dali\/noticia\/els-museus-dali-reben-un-82-de-visitants-menys-el-2020\/#breadcrumb","itemListElement":[{"@type":"ListItem","position":1,"name":"Inici","item":"https:\/\/www.salvador-dali.org\/ca\/"},{"@type":"ListItem","position":2,"name":"Els Museus Dal\u00ed reben un 82% de visitants menys el 2020"}]},{"@type":"WebSite","@id":"https:\/\/www.salvador-dali.org\/ca\/#website","url":"https:\/\/www.salvador-dali.org\/ca\/","name":"Fundaci\u00f3 Gala - Salvador Dal\u00ed","description":"","publisher":{"@id":"https:\/\/www.salvador-dali.org\/ca\/#organization"},"potentialAction":[{"@type":"SearchAction","target":{"@type":"EntryPoint","urlTemplate":"https:\/\/www.salvador-dali.org\/ca\/?s={search_term_string}"},"query-input":{"@type":"PropertyValueSpecification","valueRequired":true,"valueName":"search_term_string"}}],"inLanguage":"ca"},{"@type":"Organization","@id":"https:\/\/www.salvador-dali.org\/ca\/#organization","name":"Fundaci\u00f3 Gala - Salvador Dal\u00ed","url":"https:\/\/www.salvador-dali.org\/ca\/","logo":{"@type":"ImageObject","inLanguage":"ca","@id":"https:\/\/www.salvador-dali.org\/ca\/#\/schema\/logo\/image\/","url":"https:\/\/www.salvador-dali.org\/wp-content\/uploads\/2025\/04\/fundacio-gala-salvador-dali.png","contentUrl":"https:\/\/www.salvador-dali.org\/wp-content\/uploads\/2025\/04\/fundacio-gala-salvador-dali.png","width":240,"height":240,"caption":"Fundaci\u00f3 Gala - Salvador Dal\u00ed"},"image":{"@id":"https:\/\/www.salvador-dali.org\/ca\/#\/schema\/logo\/image\/"},"sameAs":["https:\/\/www.facebook.com\/MuseusDali","https:\/\/x.com\/MuseuDali","https:\/\/www.youtube.com\/user\/FundacioDali","https:\/\/www.flickr.com\/fundacio_dali\/","https:\/\/instagram.com\/museudali"]}]}},"_links":{"self":[{"href":"https:\/\/www.salvador-dali.org\/ca\/wp-json\/wp\/v2\/noticia\/5596","targetHints":{"allow":["GET"]}}],"collection":[{"href":"https:\/\/www.salvador-dali.org\/ca\/wp-json\/wp\/v2\/noticia"}],"about":[{"href":"https:\/\/www.salvador-dali.org\/ca\/wp-json\/wp\/v2\/types\/noticia"}],"wp:featuredmedia":[{"embeddable":true,"href":"https:\/\/www.salvador-dali.org\/ca\/wp-json\/wp\/v2\/media\/5597"}],"wp:attachment":[{"href":"https:\/\/www.salvador-dali.org\/ca\/wp-json\/wp\/v2\/media?parent=5596"}],"wp:term":[{"taxonomy":"categoria-actualitat","embeddable":true,"href":"https:\/\/www.salvador-dali.org\/ca\/wp-json\/wp\/v2\/categoria-actualitat?post=5596"}],"curies":[{"name":"wp","href":"https:\/\/api.w.org\/{rel}","templated":true}]}}