{"id":8823,"date":"2017-09-06T00:00:00","date_gmt":"2017-09-05T22:00:00","guid":{"rendered":"https:\/\/www.salvador-dali.org\/fundacio-dali\/noticia\/salvador-dali-no-es-el-pare-de-pilar-abel\/"},"modified":"2025-06-26T10:20:08","modified_gmt":"2025-06-26T08:20:08","slug":"salvador-dali-is-not-abel-s-father","status":"publish","type":"noticia","link":"https:\/\/www.salvador-dali.org\/en\/dali-foundation\/news\/salvador-dali-is-not-abel-s-father\/","title":{"rendered":"Salvador Dal\u00ed is NOT Abel&#8217;s father"},"content":{"rendered":"<p>The Fundaci\u00f3 Gala-Salvador Dal\u00ed informs that it has received the results of Salvador Dal\u00ed&#8217;s DNA samples. These samples prove that Pilar Abel is <strong>not<\/strong> the biological daughter of Salvador Dal\u00ed.<\/p>\n<p>The Court of First Instance n\u00ba 11 in Madrid has given notice to the lawyers of the Fundaci\u00f3 Gala-Salvador Dal\u00ed (the law firm Roca Junyent) of the report issued by the National Institute of Toxicology and Forensic Sciences in which, after analysing the biological samples of Pilar Abel Mart\u00ednez and those obtained in the exhumation of the remains of Salvador Dal\u00ed, it concludes that the results obtained &#8220;permits the exclusion of Salvador Dal\u00ed as the biological father of Mar\u00eda Pilar Abel Mart\u00ednez&#8221;.<\/p>\n<p>This conclusion comes as no surprise to the Foundation, since at no time has there been any evidence of the veracity of an alleged paternity. The unusual and unjustified court decision to practice the exhumation is confirmed as totally inadequate and disproportionate, showing its utter inadmissibility and the uselessness of the costs and damages caused of all kind, in respect of which the Foundation reiterates its express right of actions.<\/p>\n<p>The Foundation is pleased that this report puts an end to an absurd and artificial controversy, and that the figure of Salvador Dal\u00ed remains definitively excluded from totally groundless claims. The Dal\u00ed Foundation is also pleased to be able to focus again on the management of its extraordinary artistic legacy and in the promotion of the work and figure of Salvador Dal\u00ed.<\/p>\n<p>The remains of Salvador Dal\u00ed will shortly be returned. The Foundation will inform once they have been relocated.<\/p>\n<p>No statements will be made.<\/p>\n","protected":false},"excerpt":{"rendered":"<p>The Fundaci\u00f3 Gala-Salvador Dal\u00ed informs that it has received the results of Salvador Dal\u00ed&#8217;s DNA samples. These samples prove that Pilar Abel is not the biological daughter of Salvador Dal\u00ed. The Court of First Instance n\u00ba 11 in Madrid has given notice to the lawyers of the Fundaci\u00f3 Gala-Salvador Dal\u00ed (the law firm Roca Junyent) [&hellip;]<\/p>\n","protected":false},"featured_media":5358,"menu_order":0,"template":"","format":"standard","meta":{"_acf_changed":false,"_coblocks_attr":"","_coblocks_dimensions":"","_coblocks_responsive_height":"","_coblocks_accordion_ie_support":""},"categoria-actualitat":[104],"class_list":["post-8823","noticia","type-noticia","status-publish","format-standard","has-post-thumbnail","hentry","categoria-actualitat-gala-salvador-dali-foundation"],"acf":[],"yoast_head":"<!-- This site is optimized with the Yoast SEO plugin v27.5 - https:\/\/yoast.com\/product\/yoast-seo-wordpress\/ -->\n<title>Salvador Dal\u00ed is NOT Abel&#039;s father - Fundaci\u00f3 Gala - Salvador Dal\u00ed<\/title>\n<meta name=\"robots\" content=\"index, follow, max-snippet:-1, max-image-preview:large, max-video-preview:-1\" \/>\n<link rel=\"canonical\" href=\"https:\/\/www.salvador-dali.org\/en\/dali-foundation\/news\/salvador-dali-is-not-abel-s-father\/\" \/>\n<meta property=\"og:locale\" content=\"en_US\" \/>\n<meta property=\"og:type\" content=\"article\" \/>\n<meta property=\"og:title\" content=\"Salvador Dal\u00ed is NOT Abel&#039;s father - Fundaci\u00f3 Gala - Salvador Dal\u00ed\" \/>\n<meta property=\"og:description\" content=\"The Fundaci\u00f3 Gala-Salvador Dal\u00ed informs that it has received the results of Salvador Dal\u00ed&#8217;s DNA samples. These samples prove that Pilar Abel is not the biological daughter of Salvador Dal\u00ed. The Court of First Instance n\u00ba 11 in Madrid has given notice to the lawyers of the Fundaci\u00f3 Gala-Salvador Dal\u00ed (the law firm Roca Junyent) [&hellip;]\" \/>\n<meta property=\"og:url\" content=\"https:\/\/www.salvador-dali.org\/en\/dali-foundation\/news\/salvador-dali-is-not-abel-s-father\/\" \/>\n<meta property=\"og:site_name\" content=\"Fundaci\u00f3 Gala - Salvador Dal\u00ed\" \/>\n<meta property=\"article:publisher\" content=\"https:\/\/www.facebook.com\/MuseusDali\" \/>\n<meta property=\"article:modified_time\" content=\"2025-06-26T08:20:08+00:00\" \/>\n<meta property=\"og:image\" content=\"https:\/\/www.salvador-dali.org\/wp-content\/uploads\/2025\/05\/5079_150471731177_1024.jpg\" \/>\n\t<meta property=\"og:image:width\" content=\"925\" \/>\n\t<meta property=\"og:image:height\" content=\"1405\" \/>\n\t<meta property=\"og:image:type\" content=\"image\/jpeg\" \/>\n<meta name=\"twitter:card\" content=\"summary_large_image\" \/>\n<meta name=\"twitter:site\" content=\"@MuseuDali\" \/>\n<meta name=\"twitter:label1\" content=\"Est. reading time\" \/>\n\t<meta name=\"twitter:data1\" content=\"1 minute\" \/>\n<script type=\"application\/ld+json\" class=\"yoast-schema-graph\">{\"@context\":\"https:\\\/\\\/schema.org\",\"@graph\":[{\"@type\":\"WebPage\",\"@id\":\"https:\\\/\\\/www.salvador-dali.org\\\/en\\\/dali-foundation\\\/news\\\/salvador-dali-is-not-abel-s-father\\\/\",\"url\":\"https:\\\/\\\/www.salvador-dali.org\\\/en\\\/dali-foundation\\\/news\\\/salvador-dali-is-not-abel-s-father\\\/\",\"name\":\"Salvador Dal\u00ed is NOT Abel's father - Fundaci\u00f3 Gala - Salvador Dal\u00ed\",\"isPartOf\":{\"@id\":\"https:\\\/\\\/www.salvador-dali.org\\\/en\\\/#website\"},\"primaryImageOfPage\":{\"@id\":\"https:\\\/\\\/www.salvador-dali.org\\\/en\\\/dali-foundation\\\/news\\\/salvador-dali-is-not-abel-s-father\\\/#primaryimage\"},\"image\":{\"@id\":\"https:\\\/\\\/www.salvador-dali.org\\\/en\\\/dali-foundation\\\/news\\\/salvador-dali-is-not-abel-s-father\\\/#primaryimage\"},\"thumbnailUrl\":\"https:\\\/\\\/www.salvador-dali.org\\\/wp-content\\\/uploads\\\/2025\\\/05\\\/5079_150471731177_1024.jpg\",\"datePublished\":\"2017-09-05T22:00:00+00:00\",\"dateModified\":\"2025-06-26T08:20:08+00:00\",\"breadcrumb\":{\"@id\":\"https:\\\/\\\/www.salvador-dali.org\\\/en\\\/dali-foundation\\\/news\\\/salvador-dali-is-not-abel-s-father\\\/#breadcrumb\"},\"inLanguage\":\"en-US\",\"potentialAction\":[{\"@type\":\"ReadAction\",\"target\":[\"https:\\\/\\\/www.salvador-dali.org\\\/en\\\/dali-foundation\\\/news\\\/salvador-dali-is-not-abel-s-father\\\/\"]}]},{\"@type\":\"ImageObject\",\"inLanguage\":\"en-US\",\"@id\":\"https:\\\/\\\/www.salvador-dali.org\\\/en\\\/dali-foundation\\\/news\\\/salvador-dali-is-not-abel-s-father\\\/#primaryimage\",\"url\":\"https:\\\/\\\/www.salvador-dali.org\\\/wp-content\\\/uploads\\\/2025\\\/05\\\/5079_150471731177_1024.jpg\",\"contentUrl\":\"https:\\\/\\\/www.salvador-dali.org\\\/wp-content\\\/uploads\\\/2025\\\/05\\\/5079_150471731177_1024.jpg\",\"width\":925,\"height\":1405,\"caption\":\"Salvador Dal\u00ed portrayed by Ricardo Sans\"},{\"@type\":\"BreadcrumbList\",\"@id\":\"https:\\\/\\\/www.salvador-dali.org\\\/en\\\/dali-foundation\\\/news\\\/salvador-dali-is-not-abel-s-father\\\/#breadcrumb\",\"itemListElement\":[{\"@type\":\"ListItem\",\"position\":1,\"name\":\"Inici\",\"item\":\"https:\\\/\\\/www.salvador-dali.org\\\/en\\\/\"},{\"@type\":\"ListItem\",\"position\":2,\"name\":\"Salvador Dal\u00ed is NOT Abel&#8217;s father\"}]},{\"@type\":\"WebSite\",\"@id\":\"https:\\\/\\\/www.salvador-dali.org\\\/en\\\/#website\",\"url\":\"https:\\\/\\\/www.salvador-dali.org\\\/en\\\/\",\"name\":\"Fundaci\u00f3 Gala - Salvador Dal\u00ed\",\"description\":\"\",\"publisher\":{\"@id\":\"https:\\\/\\\/www.salvador-dali.org\\\/en\\\/#organization\"},\"potentialAction\":[{\"@type\":\"SearchAction\",\"target\":{\"@type\":\"EntryPoint\",\"urlTemplate\":\"https:\\\/\\\/www.salvador-dali.org\\\/en\\\/?s={search_term_string}\"},\"query-input\":{\"@type\":\"PropertyValueSpecification\",\"valueRequired\":true,\"valueName\":\"search_term_string\"}}],\"inLanguage\":\"en-US\"},{\"@type\":\"Organization\",\"@id\":\"https:\\\/\\\/www.salvador-dali.org\\\/en\\\/#organization\",\"name\":\"Fundaci\u00f3 Gala - Salvador Dal\u00ed\",\"url\":\"https:\\\/\\\/www.salvador-dali.org\\\/en\\\/\",\"logo\":{\"@type\":\"ImageObject\",\"inLanguage\":\"en-US\",\"@id\":\"https:\\\/\\\/www.salvador-dali.org\\\/en\\\/#\\\/schema\\\/logo\\\/image\\\/\",\"url\":\"https:\\\/\\\/www.salvador-dali.org\\\/wp-content\\\/uploads\\\/2025\\\/04\\\/fundacio-gala-salvador-dali.png\",\"contentUrl\":\"https:\\\/\\\/www.salvador-dali.org\\\/wp-content\\\/uploads\\\/2025\\\/04\\\/fundacio-gala-salvador-dali.png\",\"width\":240,\"height\":240,\"caption\":\"Fundaci\u00f3 Gala - Salvador Dal\u00ed\"},\"image\":{\"@id\":\"https:\\\/\\\/www.salvador-dali.org\\\/en\\\/#\\\/schema\\\/logo\\\/image\\\/\"},\"sameAs\":[\"https:\\\/\\\/www.facebook.com\\\/MuseusDali\",\"https:\\\/\\\/x.com\\\/MuseuDali\",\"https:\\\/\\\/www.youtube.com\\\/user\\\/FundacioDali\",\"https:\\\/\\\/www.flickr.com\\\/fundacio_dali\\\/\",\"https:\\\/\\\/instagram.com\\\/museudali\"]}]}<\/script>\n<!-- \/ Yoast SEO plugin. -->","yoast_head_json":{"title":"Salvador Dal\u00ed is NOT Abel's father - Fundaci\u00f3 Gala - Salvador Dal\u00ed","robots":{"index":"index","follow":"follow","max-snippet":"max-snippet:-1","max-image-preview":"max-image-preview:large","max-video-preview":"max-video-preview:-1"},"canonical":"https:\/\/www.salvador-dali.org\/en\/dali-foundation\/news\/salvador-dali-is-not-abel-s-father\/","og_locale":"en_US","og_type":"article","og_title":"Salvador Dal\u00ed is NOT Abel's father - Fundaci\u00f3 Gala - Salvador Dal\u00ed","og_description":"The Fundaci\u00f3 Gala-Salvador Dal\u00ed informs that it has received the results of Salvador Dal\u00ed&#8217;s DNA samples. These samples prove that Pilar Abel is not the biological daughter of Salvador Dal\u00ed. The Court of First Instance n\u00ba 11 in Madrid has given notice to the lawyers of the Fundaci\u00f3 Gala-Salvador Dal\u00ed (the law firm Roca Junyent) [&hellip;]","og_url":"https:\/\/www.salvador-dali.org\/en\/dali-foundation\/news\/salvador-dali-is-not-abel-s-father\/","og_site_name":"Fundaci\u00f3 Gala - Salvador Dal\u00ed","article_publisher":"https:\/\/www.facebook.com\/MuseusDali","article_modified_time":"2025-06-26T08:20:08+00:00","og_image":[{"width":925,"height":1405,"url":"https:\/\/www.salvador-dali.org\/wp-content\/uploads\/2025\/05\/5079_150471731177_1024.jpg","type":"image\/jpeg"}],"twitter_card":"summary_large_image","twitter_site":"@MuseuDali","twitter_misc":{"Est. reading time":"1 minute"},"schema":{"@context":"https:\/\/schema.org","@graph":[{"@type":"WebPage","@id":"https:\/\/www.salvador-dali.org\/en\/dali-foundation\/news\/salvador-dali-is-not-abel-s-father\/","url":"https:\/\/www.salvador-dali.org\/en\/dali-foundation\/news\/salvador-dali-is-not-abel-s-father\/","name":"Salvador Dal\u00ed is NOT Abel's father - Fundaci\u00f3 Gala - Salvador Dal\u00ed","isPartOf":{"@id":"https:\/\/www.salvador-dali.org\/en\/#website"},"primaryImageOfPage":{"@id":"https:\/\/www.salvador-dali.org\/en\/dali-foundation\/news\/salvador-dali-is-not-abel-s-father\/#primaryimage"},"image":{"@id":"https:\/\/www.salvador-dali.org\/en\/dali-foundation\/news\/salvador-dali-is-not-abel-s-father\/#primaryimage"},"thumbnailUrl":"https:\/\/www.salvador-dali.org\/wp-content\/uploads\/2025\/05\/5079_150471731177_1024.jpg","datePublished":"2017-09-05T22:00:00+00:00","dateModified":"2025-06-26T08:20:08+00:00","breadcrumb":{"@id":"https:\/\/www.salvador-dali.org\/en\/dali-foundation\/news\/salvador-dali-is-not-abel-s-father\/#breadcrumb"},"inLanguage":"en-US","potentialAction":[{"@type":"ReadAction","target":["https:\/\/www.salvador-dali.org\/en\/dali-foundation\/news\/salvador-dali-is-not-abel-s-father\/"]}]},{"@type":"ImageObject","inLanguage":"en-US","@id":"https:\/\/www.salvador-dali.org\/en\/dali-foundation\/news\/salvador-dali-is-not-abel-s-father\/#primaryimage","url":"https:\/\/www.salvador-dali.org\/wp-content\/uploads\/2025\/05\/5079_150471731177_1024.jpg","contentUrl":"https:\/\/www.salvador-dali.org\/wp-content\/uploads\/2025\/05\/5079_150471731177_1024.jpg","width":925,"height":1405,"caption":"Salvador Dal\u00ed portrayed by Ricardo Sans"},{"@type":"BreadcrumbList","@id":"https:\/\/www.salvador-dali.org\/en\/dali-foundation\/news\/salvador-dali-is-not-abel-s-father\/#breadcrumb","itemListElement":[{"@type":"ListItem","position":1,"name":"Inici","item":"https:\/\/www.salvador-dali.org\/en\/"},{"@type":"ListItem","position":2,"name":"Salvador Dal\u00ed is NOT Abel&#8217;s father"}]},{"@type":"WebSite","@id":"https:\/\/www.salvador-dali.org\/en\/#website","url":"https:\/\/www.salvador-dali.org\/en\/","name":"Fundaci\u00f3 Gala - Salvador Dal\u00ed","description":"","publisher":{"@id":"https:\/\/www.salvador-dali.org\/en\/#organization"},"potentialAction":[{"@type":"SearchAction","target":{"@type":"EntryPoint","urlTemplate":"https:\/\/www.salvador-dali.org\/en\/?s={search_term_string}"},"query-input":{"@type":"PropertyValueSpecification","valueRequired":true,"valueName":"search_term_string"}}],"inLanguage":"en-US"},{"@type":"Organization","@id":"https:\/\/www.salvador-dali.org\/en\/#organization","name":"Fundaci\u00f3 Gala - Salvador Dal\u00ed","url":"https:\/\/www.salvador-dali.org\/en\/","logo":{"@type":"ImageObject","inLanguage":"en-US","@id":"https:\/\/www.salvador-dali.org\/en\/#\/schema\/logo\/image\/","url":"https:\/\/www.salvador-dali.org\/wp-content\/uploads\/2025\/04\/fundacio-gala-salvador-dali.png","contentUrl":"https:\/\/www.salvador-dali.org\/wp-content\/uploads\/2025\/04\/fundacio-gala-salvador-dali.png","width":240,"height":240,"caption":"Fundaci\u00f3 Gala - Salvador Dal\u00ed"},"image":{"@id":"https:\/\/www.salvador-dali.org\/en\/#\/schema\/logo\/image\/"},"sameAs":["https:\/\/www.facebook.com\/MuseusDali","https:\/\/x.com\/MuseuDali","https:\/\/www.youtube.com\/user\/FundacioDali","https:\/\/www.flickr.com\/fundacio_dali\/","https:\/\/instagram.com\/museudali"]}]}},"_links":{"self":[{"href":"https:\/\/www.salvador-dali.org\/en\/wp-json\/wp\/v2\/noticia\/8823","targetHints":{"allow":["GET"]}}],"collection":[{"href":"https:\/\/www.salvador-dali.org\/en\/wp-json\/wp\/v2\/noticia"}],"about":[{"href":"https:\/\/www.salvador-dali.org\/en\/wp-json\/wp\/v2\/types\/noticia"}],"wp:featuredmedia":[{"embeddable":true,"href":"https:\/\/www.salvador-dali.org\/en\/wp-json\/wp\/v2\/media\/5358"}],"wp:attachment":[{"href":"https:\/\/www.salvador-dali.org\/en\/wp-json\/wp\/v2\/media?parent=8823"}],"wp:term":[{"taxonomy":"categoria-actualitat","embeddable":true,"href":"https:\/\/www.salvador-dali.org\/en\/wp-json\/wp\/v2\/categoria-actualitat?post=8823"}],"curies":[{"name":"wp","href":"https:\/\/api.w.org\/{rel}","templated":true}]}}