{"id":9226,"date":"2011-09-02T00:00:00","date_gmt":"2011-09-01T22:00:00","guid":{"rendered":"https:\/\/www.salvador-dali.org\/fundacio-dali\/noticia\/salvador-dali-canta-al-festival-acustica\/"},"modified":"2025-06-26T10:20:15","modified_gmt":"2025-06-26T08:20:15","slug":"salvador-dali-sings","status":"publish","type":"noticia","link":"https:\/\/www.salvador-dali.org\/en\/dali-foundation\/news\/salvador-dali-sings\/","title":{"rendered":"Salvador Dal\u00ed sings"},"content":{"rendered":"<p>The <a href=\"http:\/\/www.festivalacustica.cat\">Ac\u00fastica Festival<\/a> presented on 10 June at the Dal\u00ed Theatre-Museum the special production that is to commemorate its 10th anniversary. The event was led by journalist Manel Fuentes, while Montse Aguer, Director of the Centre for Dalinian Studies, the Directors of the show, Xavi Pascual and Pep Blay, and various other personalities also took part. A performance by the singer Gerard Quintana brought the celebration to a close.<\/p>\n<p>\nThe show is called <strong>SALVADOR DAL\u00cd SINGS<\/strong> and will be staged on 2 and 3 September in the Gala Dal\u00ed Square in Figueres. The show will include performances by Albert Pla, Pau Riba, Gerard Quintana, Dolo Beltr\u00e1n, Love of Lesbian, Estrella Morente, Amaral, Ana Torroja, Martirio, Kiko Veneno, Enric Casasses and Sol Pic\u00f3, who will \u201cdance\u201d the voice of Dal\u00ed. The Pascal Comelade band will be playing the music live. The singers will perform texts by Salvador Dal\u00ed ceded by the artist\u2019s Foundation. The show will be rounded off with videos of Amanda Lear and Alice Cooper.<\/p>\n<p>The audience will be limited to 600 persons for each of the days, 2 and 3 September, and tickets are now on sale from ServiCaixa (ATM terminals and website).<\/p>\n","protected":false},"excerpt":{"rendered":"<p>The Ac\u00fastica Festival presented on 10 June at the Dal\u00ed Theatre-Museum the special production that is to commemorate its 10th anniversary. The event was led by journalist Manel Fuentes, while Montse Aguer, Director of the Centre for Dalinian Studies, the Directors of the show, Xavi Pascual and Pep Blay, and various other personalities also took [&hellip;]<\/p>\n","protected":false},"featured_media":4618,"menu_order":0,"template":"","format":"standard","meta":{"_acf_changed":false,"_coblocks_attr":"","_coblocks_dimensions":"","_coblocks_responsive_height":"","_coblocks_accordion_ie_support":""},"categoria-actualitat":[100,105],"class_list":["post-9226","noticia","type-noticia","status-publish","format-standard","has-post-thumbnail","hentry","categoria-actualitat-activities","categoria-actualitat-museums"],"acf":[],"yoast_head":"<!-- This site is optimized with the Yoast SEO plugin v27.5 - https:\/\/yoast.com\/product\/yoast-seo-wordpress\/ -->\n<title>Salvador Dal\u00ed sings - Fundaci\u00f3 Gala - Salvador Dal\u00ed<\/title>\n<meta name=\"robots\" content=\"index, follow, max-snippet:-1, max-image-preview:large, max-video-preview:-1\" \/>\n<link rel=\"canonical\" href=\"https:\/\/www.salvador-dali.org\/en\/dali-foundation\/news\/salvador-dali-sings\/\" \/>\n<meta property=\"og:locale\" content=\"en_US\" \/>\n<meta property=\"og:type\" content=\"article\" \/>\n<meta property=\"og:title\" content=\"Salvador Dal\u00ed sings - Fundaci\u00f3 Gala - Salvador Dal\u00ed\" \/>\n<meta property=\"og:description\" content=\"The Ac\u00fastica Festival presented on 10 June at the Dal\u00ed Theatre-Museum the special production that is to commemorate its 10th anniversary. The event was led by journalist Manel Fuentes, while Montse Aguer, Director of the Centre for Dalinian Studies, the Directors of the show, Xavi Pascual and Pep Blay, and various other personalities also took [&hellip;]\" \/>\n<meta property=\"og:url\" content=\"https:\/\/www.salvador-dali.org\/en\/dali-foundation\/news\/salvador-dali-sings\/\" \/>\n<meta property=\"og:site_name\" content=\"Fundaci\u00f3 Gala - Salvador Dal\u00ed\" \/>\n<meta property=\"article:publisher\" content=\"https:\/\/www.facebook.com\/MuseusDali\" \/>\n<meta property=\"article:modified_time\" content=\"2025-06-26T08:20:15+00:00\" \/>\n<meta property=\"og:image\" content=\"https:\/\/www.salvador-dali.org\/wp-content\/uploads\/2025\/05\/FestivalAcusticaxWeb_noticies_home_200_1024.jpg\" \/>\n\t<meta property=\"og:image:width\" content=\"137\" \/>\n\t<meta property=\"og:image:height\" content=\"91\" \/>\n\t<meta property=\"og:image:type\" content=\"image\/jpeg\" \/>\n<meta name=\"twitter:card\" content=\"summary_large_image\" \/>\n<meta name=\"twitter:site\" content=\"@MuseuDali\" \/>\n<meta name=\"twitter:label1\" content=\"Est. reading time\" \/>\n\t<meta name=\"twitter:data1\" content=\"1 minute\" \/>\n<script type=\"application\/ld+json\" class=\"yoast-schema-graph\">{\"@context\":\"https:\\\/\\\/schema.org\",\"@graph\":[{\"@type\":\"WebPage\",\"@id\":\"https:\\\/\\\/www.salvador-dali.org\\\/en\\\/dali-foundation\\\/news\\\/salvador-dali-sings\\\/\",\"url\":\"https:\\\/\\\/www.salvador-dali.org\\\/en\\\/dali-foundation\\\/news\\\/salvador-dali-sings\\\/\",\"name\":\"Salvador Dal\u00ed sings - Fundaci\u00f3 Gala - Salvador Dal\u00ed\",\"isPartOf\":{\"@id\":\"https:\\\/\\\/www.salvador-dali.org\\\/en\\\/#website\"},\"primaryImageOfPage\":{\"@id\":\"https:\\\/\\\/www.salvador-dali.org\\\/en\\\/dali-foundation\\\/news\\\/salvador-dali-sings\\\/#primaryimage\"},\"image\":{\"@id\":\"https:\\\/\\\/www.salvador-dali.org\\\/en\\\/dali-foundation\\\/news\\\/salvador-dali-sings\\\/#primaryimage\"},\"thumbnailUrl\":\"https:\\\/\\\/www.salvador-dali.org\\\/wp-content\\\/uploads\\\/2025\\\/05\\\/FestivalAcusticaxWeb_noticies_home_200_1024.jpg\",\"datePublished\":\"2011-09-01T22:00:00+00:00\",\"dateModified\":\"2025-06-26T08:20:15+00:00\",\"breadcrumb\":{\"@id\":\"https:\\\/\\\/www.salvador-dali.org\\\/en\\\/dali-foundation\\\/news\\\/salvador-dali-sings\\\/#breadcrumb\"},\"inLanguage\":\"en-US\",\"potentialAction\":[{\"@type\":\"ReadAction\",\"target\":[\"https:\\\/\\\/www.salvador-dali.org\\\/en\\\/dali-foundation\\\/news\\\/salvador-dali-sings\\\/\"]}]},{\"@type\":\"ImageObject\",\"inLanguage\":\"en-US\",\"@id\":\"https:\\\/\\\/www.salvador-dali.org\\\/en\\\/dali-foundation\\\/news\\\/salvador-dali-sings\\\/#primaryimage\",\"url\":\"https:\\\/\\\/www.salvador-dali.org\\\/wp-content\\\/uploads\\\/2025\\\/05\\\/FestivalAcusticaxWeb_noticies_home_200_1024.jpg\",\"contentUrl\":\"https:\\\/\\\/www.salvador-dali.org\\\/wp-content\\\/uploads\\\/2025\\\/05\\\/FestivalAcusticaxWeb_noticies_home_200_1024.jpg\",\"width\":137,\"height\":91,\"caption\":\"Presentation of Ac\u00fastica 2011\"},{\"@type\":\"BreadcrumbList\",\"@id\":\"https:\\\/\\\/www.salvador-dali.org\\\/en\\\/dali-foundation\\\/news\\\/salvador-dali-sings\\\/#breadcrumb\",\"itemListElement\":[{\"@type\":\"ListItem\",\"position\":1,\"name\":\"Inici\",\"item\":\"https:\\\/\\\/www.salvador-dali.org\\\/en\\\/\"},{\"@type\":\"ListItem\",\"position\":2,\"name\":\"Salvador Dal\u00ed sings\"}]},{\"@type\":\"WebSite\",\"@id\":\"https:\\\/\\\/www.salvador-dali.org\\\/en\\\/#website\",\"url\":\"https:\\\/\\\/www.salvador-dali.org\\\/en\\\/\",\"name\":\"Fundaci\u00f3 Gala - Salvador Dal\u00ed\",\"description\":\"\",\"publisher\":{\"@id\":\"https:\\\/\\\/www.salvador-dali.org\\\/en\\\/#organization\"},\"potentialAction\":[{\"@type\":\"SearchAction\",\"target\":{\"@type\":\"EntryPoint\",\"urlTemplate\":\"https:\\\/\\\/www.salvador-dali.org\\\/en\\\/?s={search_term_string}\"},\"query-input\":{\"@type\":\"PropertyValueSpecification\",\"valueRequired\":true,\"valueName\":\"search_term_string\"}}],\"inLanguage\":\"en-US\"},{\"@type\":\"Organization\",\"@id\":\"https:\\\/\\\/www.salvador-dali.org\\\/en\\\/#organization\",\"name\":\"Fundaci\u00f3 Gala - Salvador Dal\u00ed\",\"url\":\"https:\\\/\\\/www.salvador-dali.org\\\/en\\\/\",\"logo\":{\"@type\":\"ImageObject\",\"inLanguage\":\"en-US\",\"@id\":\"https:\\\/\\\/www.salvador-dali.org\\\/en\\\/#\\\/schema\\\/logo\\\/image\\\/\",\"url\":\"https:\\\/\\\/www.salvador-dali.org\\\/wp-content\\\/uploads\\\/2025\\\/04\\\/fundacio-gala-salvador-dali.png\",\"contentUrl\":\"https:\\\/\\\/www.salvador-dali.org\\\/wp-content\\\/uploads\\\/2025\\\/04\\\/fundacio-gala-salvador-dali.png\",\"width\":240,\"height\":240,\"caption\":\"Fundaci\u00f3 Gala - Salvador Dal\u00ed\"},\"image\":{\"@id\":\"https:\\\/\\\/www.salvador-dali.org\\\/en\\\/#\\\/schema\\\/logo\\\/image\\\/\"},\"sameAs\":[\"https:\\\/\\\/www.facebook.com\\\/MuseusDali\",\"https:\\\/\\\/x.com\\\/MuseuDali\",\"https:\\\/\\\/www.youtube.com\\\/user\\\/FundacioDali\",\"https:\\\/\\\/www.flickr.com\\\/fundacio_dali\\\/\",\"https:\\\/\\\/instagram.com\\\/museudali\"]}]}<\/script>\n<!-- \/ Yoast SEO plugin. -->","yoast_head_json":{"title":"Salvador Dal\u00ed sings - Fundaci\u00f3 Gala - Salvador Dal\u00ed","robots":{"index":"index","follow":"follow","max-snippet":"max-snippet:-1","max-image-preview":"max-image-preview:large","max-video-preview":"max-video-preview:-1"},"canonical":"https:\/\/www.salvador-dali.org\/en\/dali-foundation\/news\/salvador-dali-sings\/","og_locale":"en_US","og_type":"article","og_title":"Salvador Dal\u00ed sings - Fundaci\u00f3 Gala - Salvador Dal\u00ed","og_description":"The Ac\u00fastica Festival presented on 10 June at the Dal\u00ed Theatre-Museum the special production that is to commemorate its 10th anniversary. The event was led by journalist Manel Fuentes, while Montse Aguer, Director of the Centre for Dalinian Studies, the Directors of the show, Xavi Pascual and Pep Blay, and various other personalities also took [&hellip;]","og_url":"https:\/\/www.salvador-dali.org\/en\/dali-foundation\/news\/salvador-dali-sings\/","og_site_name":"Fundaci\u00f3 Gala - Salvador Dal\u00ed","article_publisher":"https:\/\/www.facebook.com\/MuseusDali","article_modified_time":"2025-06-26T08:20:15+00:00","og_image":[{"width":137,"height":91,"url":"https:\/\/www.salvador-dali.org\/wp-content\/uploads\/2025\/05\/FestivalAcusticaxWeb_noticies_home_200_1024.jpg","type":"image\/jpeg"}],"twitter_card":"summary_large_image","twitter_site":"@MuseuDali","twitter_misc":{"Est. reading time":"1 minute"},"schema":{"@context":"https:\/\/schema.org","@graph":[{"@type":"WebPage","@id":"https:\/\/www.salvador-dali.org\/en\/dali-foundation\/news\/salvador-dali-sings\/","url":"https:\/\/www.salvador-dali.org\/en\/dali-foundation\/news\/salvador-dali-sings\/","name":"Salvador Dal\u00ed sings - Fundaci\u00f3 Gala - Salvador Dal\u00ed","isPartOf":{"@id":"https:\/\/www.salvador-dali.org\/en\/#website"},"primaryImageOfPage":{"@id":"https:\/\/www.salvador-dali.org\/en\/dali-foundation\/news\/salvador-dali-sings\/#primaryimage"},"image":{"@id":"https:\/\/www.salvador-dali.org\/en\/dali-foundation\/news\/salvador-dali-sings\/#primaryimage"},"thumbnailUrl":"https:\/\/www.salvador-dali.org\/wp-content\/uploads\/2025\/05\/FestivalAcusticaxWeb_noticies_home_200_1024.jpg","datePublished":"2011-09-01T22:00:00+00:00","dateModified":"2025-06-26T08:20:15+00:00","breadcrumb":{"@id":"https:\/\/www.salvador-dali.org\/en\/dali-foundation\/news\/salvador-dali-sings\/#breadcrumb"},"inLanguage":"en-US","potentialAction":[{"@type":"ReadAction","target":["https:\/\/www.salvador-dali.org\/en\/dali-foundation\/news\/salvador-dali-sings\/"]}]},{"@type":"ImageObject","inLanguage":"en-US","@id":"https:\/\/www.salvador-dali.org\/en\/dali-foundation\/news\/salvador-dali-sings\/#primaryimage","url":"https:\/\/www.salvador-dali.org\/wp-content\/uploads\/2025\/05\/FestivalAcusticaxWeb_noticies_home_200_1024.jpg","contentUrl":"https:\/\/www.salvador-dali.org\/wp-content\/uploads\/2025\/05\/FestivalAcusticaxWeb_noticies_home_200_1024.jpg","width":137,"height":91,"caption":"Presentation of Ac\u00fastica 2011"},{"@type":"BreadcrumbList","@id":"https:\/\/www.salvador-dali.org\/en\/dali-foundation\/news\/salvador-dali-sings\/#breadcrumb","itemListElement":[{"@type":"ListItem","position":1,"name":"Inici","item":"https:\/\/www.salvador-dali.org\/en\/"},{"@type":"ListItem","position":2,"name":"Salvador Dal\u00ed sings"}]},{"@type":"WebSite","@id":"https:\/\/www.salvador-dali.org\/en\/#website","url":"https:\/\/www.salvador-dali.org\/en\/","name":"Fundaci\u00f3 Gala - Salvador Dal\u00ed","description":"","publisher":{"@id":"https:\/\/www.salvador-dali.org\/en\/#organization"},"potentialAction":[{"@type":"SearchAction","target":{"@type":"EntryPoint","urlTemplate":"https:\/\/www.salvador-dali.org\/en\/?s={search_term_string}"},"query-input":{"@type":"PropertyValueSpecification","valueRequired":true,"valueName":"search_term_string"}}],"inLanguage":"en-US"},{"@type":"Organization","@id":"https:\/\/www.salvador-dali.org\/en\/#organization","name":"Fundaci\u00f3 Gala - Salvador Dal\u00ed","url":"https:\/\/www.salvador-dali.org\/en\/","logo":{"@type":"ImageObject","inLanguage":"en-US","@id":"https:\/\/www.salvador-dali.org\/en\/#\/schema\/logo\/image\/","url":"https:\/\/www.salvador-dali.org\/wp-content\/uploads\/2025\/04\/fundacio-gala-salvador-dali.png","contentUrl":"https:\/\/www.salvador-dali.org\/wp-content\/uploads\/2025\/04\/fundacio-gala-salvador-dali.png","width":240,"height":240,"caption":"Fundaci\u00f3 Gala - Salvador Dal\u00ed"},"image":{"@id":"https:\/\/www.salvador-dali.org\/en\/#\/schema\/logo\/image\/"},"sameAs":["https:\/\/www.facebook.com\/MuseusDali","https:\/\/x.com\/MuseuDali","https:\/\/www.youtube.com\/user\/FundacioDali","https:\/\/www.flickr.com\/fundacio_dali\/","https:\/\/instagram.com\/museudali"]}]}},"_links":{"self":[{"href":"https:\/\/www.salvador-dali.org\/en\/wp-json\/wp\/v2\/noticia\/9226","targetHints":{"allow":["GET"]}}],"collection":[{"href":"https:\/\/www.salvador-dali.org\/en\/wp-json\/wp\/v2\/noticia"}],"about":[{"href":"https:\/\/www.salvador-dali.org\/en\/wp-json\/wp\/v2\/types\/noticia"}],"wp:featuredmedia":[{"embeddable":true,"href":"https:\/\/www.salvador-dali.org\/en\/wp-json\/wp\/v2\/media\/4618"}],"wp:attachment":[{"href":"https:\/\/www.salvador-dali.org\/en\/wp-json\/wp\/v2\/media?parent=9226"}],"wp:term":[{"taxonomy":"categoria-actualitat","embeddable":true,"href":"https:\/\/www.salvador-dali.org\/en\/wp-json\/wp\/v2\/categoria-actualitat?post=9226"}],"curies":[{"name":"wp","href":"https:\/\/api.w.org\/{rel}","templated":true}]}}