{"id":9409,"date":"2009-03-23T00:00:00","date_gmt":"2009-03-22T22:00:00","guid":{"rendered":"https:\/\/www.salvador-dali.org\/fundacio-dali\/noticia\/presentacio-de-la-memoria-2008-i-darrera-adquisicio\/"},"modified":"2025-06-26T10:20:17","modified_gmt":"2025-06-26T08:20:17","slug":"the-annual-report-and-the-last-acquisition","status":"publish","type":"noticia","link":"https:\/\/www.salvador-dali.org\/en\/dali-foundation\/news\/the-annual-report-and-the-last-acquisition\/","title":{"rendered":"The Annual Report and the last acquisition"},"content":{"rendered":"<p>The Gala-Salvador Dal\u00ed Foundation presented its Annual Report corresponding to year 2008. The Foundation also showed the media the very last acquisition, three drawings for <em>50 Secrets of Magic Craftsmanship<\/em>.<\/p>\n<p>Download the <a href=\"\/media\/upload\/arxius\/memories\/DaliANG08.pdf\">Annual Report 2008<\/a> in English\/French.<\/p>\n","protected":false},"excerpt":{"rendered":"<p>The Gala-Salvador Dal\u00ed Foundation presented its Annual Report corresponding to year 2008. The Foundation also showed the media the very last acquisition, three drawings for 50 Secrets of Magic Craftsmanship. Download the Annual Report 2008 in English\/French.<\/p>\n","protected":false},"featured_media":0,"menu_order":0,"template":"","format":"standard","meta":{"_acf_changed":false,"_coblocks_attr":"","_coblocks_dimensions":"","_coblocks_responsive_height":"","_coblocks_accordion_ie_support":""},"categoria-actualitat":[101,104,106],"class_list":["post-9409","noticia","type-noticia","status-publish","format-standard","hentry","categoria-actualitat-adquisitions","categoria-actualitat-gala-salvador-dali-foundation","categoria-actualitat-publications"],"acf":[],"yoast_head":"<!-- This site is optimized with the Yoast SEO plugin v27.5 - https:\/\/yoast.com\/product\/yoast-seo-wordpress\/ -->\n<title>The Annual Report and the last acquisition - Fundaci\u00f3 Gala - Salvador Dal\u00ed<\/title>\n<meta name=\"robots\" content=\"index, follow, max-snippet:-1, max-image-preview:large, max-video-preview:-1\" \/>\n<link rel=\"canonical\" href=\"https:\/\/www.salvador-dali.org\/en\/dali-foundation\/news\/the-annual-report-and-the-last-acquisition\/\" \/>\n<meta property=\"og:locale\" content=\"en_US\" \/>\n<meta property=\"og:type\" content=\"article\" \/>\n<meta property=\"og:title\" content=\"The Annual Report and the last acquisition - Fundaci\u00f3 Gala - Salvador Dal\u00ed\" \/>\n<meta property=\"og:description\" content=\"The Gala-Salvador Dal\u00ed Foundation presented its Annual Report corresponding to year 2008. The Foundation also showed the media the very last acquisition, three drawings for 50 Secrets of Magic Craftsmanship. Download the Annual Report 2008 in English\/French.\" \/>\n<meta property=\"og:url\" content=\"https:\/\/www.salvador-dali.org\/en\/dali-foundation\/news\/the-annual-report-and-the-last-acquisition\/\" \/>\n<meta property=\"og:site_name\" content=\"Fundaci\u00f3 Gala - Salvador Dal\u00ed\" \/>\n<meta property=\"article:publisher\" content=\"https:\/\/www.facebook.com\/MuseusDali\" \/>\n<meta property=\"article:modified_time\" content=\"2025-06-26T08:20:17+00:00\" \/>\n<meta name=\"twitter:card\" content=\"summary_large_image\" \/>\n<meta name=\"twitter:site\" content=\"@MuseuDali\" \/>\n<script type=\"application\/ld+json\" class=\"yoast-schema-graph\">{\"@context\":\"https:\\\/\\\/schema.org\",\"@graph\":[{\"@type\":\"WebPage\",\"@id\":\"https:\\\/\\\/www.salvador-dali.org\\\/en\\\/dali-foundation\\\/news\\\/the-annual-report-and-the-last-acquisition\\\/\",\"url\":\"https:\\\/\\\/www.salvador-dali.org\\\/en\\\/dali-foundation\\\/news\\\/the-annual-report-and-the-last-acquisition\\\/\",\"name\":\"The Annual Report and the last acquisition - Fundaci\u00f3 Gala - Salvador Dal\u00ed\",\"isPartOf\":{\"@id\":\"https:\\\/\\\/www.salvador-dali.org\\\/en\\\/#website\"},\"datePublished\":\"2009-03-22T22:00:00+00:00\",\"dateModified\":\"2025-06-26T08:20:17+00:00\",\"breadcrumb\":{\"@id\":\"https:\\\/\\\/www.salvador-dali.org\\\/en\\\/dali-foundation\\\/news\\\/the-annual-report-and-the-last-acquisition\\\/#breadcrumb\"},\"inLanguage\":\"en-US\",\"potentialAction\":[{\"@type\":\"ReadAction\",\"target\":[\"https:\\\/\\\/www.salvador-dali.org\\\/en\\\/dali-foundation\\\/news\\\/the-annual-report-and-the-last-acquisition\\\/\"]}]},{\"@type\":\"BreadcrumbList\",\"@id\":\"https:\\\/\\\/www.salvador-dali.org\\\/en\\\/dali-foundation\\\/news\\\/the-annual-report-and-the-last-acquisition\\\/#breadcrumb\",\"itemListElement\":[{\"@type\":\"ListItem\",\"position\":1,\"name\":\"Inici\",\"item\":\"https:\\\/\\\/www.salvador-dali.org\\\/en\\\/\"},{\"@type\":\"ListItem\",\"position\":2,\"name\":\"The Annual Report and the last acquisition\"}]},{\"@type\":\"WebSite\",\"@id\":\"https:\\\/\\\/www.salvador-dali.org\\\/en\\\/#website\",\"url\":\"https:\\\/\\\/www.salvador-dali.org\\\/en\\\/\",\"name\":\"Fundaci\u00f3 Gala - Salvador Dal\u00ed\",\"description\":\"\",\"publisher\":{\"@id\":\"https:\\\/\\\/www.salvador-dali.org\\\/en\\\/#organization\"},\"potentialAction\":[{\"@type\":\"SearchAction\",\"target\":{\"@type\":\"EntryPoint\",\"urlTemplate\":\"https:\\\/\\\/www.salvador-dali.org\\\/en\\\/?s={search_term_string}\"},\"query-input\":{\"@type\":\"PropertyValueSpecification\",\"valueRequired\":true,\"valueName\":\"search_term_string\"}}],\"inLanguage\":\"en-US\"},{\"@type\":\"Organization\",\"@id\":\"https:\\\/\\\/www.salvador-dali.org\\\/en\\\/#organization\",\"name\":\"Fundaci\u00f3 Gala - Salvador Dal\u00ed\",\"url\":\"https:\\\/\\\/www.salvador-dali.org\\\/en\\\/\",\"logo\":{\"@type\":\"ImageObject\",\"inLanguage\":\"en-US\",\"@id\":\"https:\\\/\\\/www.salvador-dali.org\\\/en\\\/#\\\/schema\\\/logo\\\/image\\\/\",\"url\":\"https:\\\/\\\/www.salvador-dali.org\\\/wp-content\\\/uploads\\\/2025\\\/04\\\/fundacio-gala-salvador-dali.png\",\"contentUrl\":\"https:\\\/\\\/www.salvador-dali.org\\\/wp-content\\\/uploads\\\/2025\\\/04\\\/fundacio-gala-salvador-dali.png\",\"width\":240,\"height\":240,\"caption\":\"Fundaci\u00f3 Gala - Salvador Dal\u00ed\"},\"image\":{\"@id\":\"https:\\\/\\\/www.salvador-dali.org\\\/en\\\/#\\\/schema\\\/logo\\\/image\\\/\"},\"sameAs\":[\"https:\\\/\\\/www.facebook.com\\\/MuseusDali\",\"https:\\\/\\\/x.com\\\/MuseuDali\",\"https:\\\/\\\/www.youtube.com\\\/user\\\/FundacioDali\",\"https:\\\/\\\/www.flickr.com\\\/fundacio_dali\\\/\",\"https:\\\/\\\/instagram.com\\\/museudali\"]}]}<\/script>\n<!-- \/ Yoast SEO plugin. -->","yoast_head_json":{"title":"The Annual Report and the last acquisition - Fundaci\u00f3 Gala - Salvador Dal\u00ed","robots":{"index":"index","follow":"follow","max-snippet":"max-snippet:-1","max-image-preview":"max-image-preview:large","max-video-preview":"max-video-preview:-1"},"canonical":"https:\/\/www.salvador-dali.org\/en\/dali-foundation\/news\/the-annual-report-and-the-last-acquisition\/","og_locale":"en_US","og_type":"article","og_title":"The Annual Report and the last acquisition - Fundaci\u00f3 Gala - Salvador Dal\u00ed","og_description":"The Gala-Salvador Dal\u00ed Foundation presented its Annual Report corresponding to year 2008. The Foundation also showed the media the very last acquisition, three drawings for 50 Secrets of Magic Craftsmanship. Download the Annual Report 2008 in English\/French.","og_url":"https:\/\/www.salvador-dali.org\/en\/dali-foundation\/news\/the-annual-report-and-the-last-acquisition\/","og_site_name":"Fundaci\u00f3 Gala - Salvador Dal\u00ed","article_publisher":"https:\/\/www.facebook.com\/MuseusDali","article_modified_time":"2025-06-26T08:20:17+00:00","twitter_card":"summary_large_image","twitter_site":"@MuseuDali","schema":{"@context":"https:\/\/schema.org","@graph":[{"@type":"WebPage","@id":"https:\/\/www.salvador-dali.org\/en\/dali-foundation\/news\/the-annual-report-and-the-last-acquisition\/","url":"https:\/\/www.salvador-dali.org\/en\/dali-foundation\/news\/the-annual-report-and-the-last-acquisition\/","name":"The Annual Report and the last acquisition - Fundaci\u00f3 Gala - Salvador Dal\u00ed","isPartOf":{"@id":"https:\/\/www.salvador-dali.org\/en\/#website"},"datePublished":"2009-03-22T22:00:00+00:00","dateModified":"2025-06-26T08:20:17+00:00","breadcrumb":{"@id":"https:\/\/www.salvador-dali.org\/en\/dali-foundation\/news\/the-annual-report-and-the-last-acquisition\/#breadcrumb"},"inLanguage":"en-US","potentialAction":[{"@type":"ReadAction","target":["https:\/\/www.salvador-dali.org\/en\/dali-foundation\/news\/the-annual-report-and-the-last-acquisition\/"]}]},{"@type":"BreadcrumbList","@id":"https:\/\/www.salvador-dali.org\/en\/dali-foundation\/news\/the-annual-report-and-the-last-acquisition\/#breadcrumb","itemListElement":[{"@type":"ListItem","position":1,"name":"Inici","item":"https:\/\/www.salvador-dali.org\/en\/"},{"@type":"ListItem","position":2,"name":"The Annual Report and the last acquisition"}]},{"@type":"WebSite","@id":"https:\/\/www.salvador-dali.org\/en\/#website","url":"https:\/\/www.salvador-dali.org\/en\/","name":"Fundaci\u00f3 Gala - Salvador Dal\u00ed","description":"","publisher":{"@id":"https:\/\/www.salvador-dali.org\/en\/#organization"},"potentialAction":[{"@type":"SearchAction","target":{"@type":"EntryPoint","urlTemplate":"https:\/\/www.salvador-dali.org\/en\/?s={search_term_string}"},"query-input":{"@type":"PropertyValueSpecification","valueRequired":true,"valueName":"search_term_string"}}],"inLanguage":"en-US"},{"@type":"Organization","@id":"https:\/\/www.salvador-dali.org\/en\/#organization","name":"Fundaci\u00f3 Gala - Salvador Dal\u00ed","url":"https:\/\/www.salvador-dali.org\/en\/","logo":{"@type":"ImageObject","inLanguage":"en-US","@id":"https:\/\/www.salvador-dali.org\/en\/#\/schema\/logo\/image\/","url":"https:\/\/www.salvador-dali.org\/wp-content\/uploads\/2025\/04\/fundacio-gala-salvador-dali.png","contentUrl":"https:\/\/www.salvador-dali.org\/wp-content\/uploads\/2025\/04\/fundacio-gala-salvador-dali.png","width":240,"height":240,"caption":"Fundaci\u00f3 Gala - Salvador Dal\u00ed"},"image":{"@id":"https:\/\/www.salvador-dali.org\/en\/#\/schema\/logo\/image\/"},"sameAs":["https:\/\/www.facebook.com\/MuseusDali","https:\/\/x.com\/MuseuDali","https:\/\/www.youtube.com\/user\/FundacioDali","https:\/\/www.flickr.com\/fundacio_dali\/","https:\/\/instagram.com\/museudali"]}]}},"_links":{"self":[{"href":"https:\/\/www.salvador-dali.org\/en\/wp-json\/wp\/v2\/noticia\/9409","targetHints":{"allow":["GET"]}}],"collection":[{"href":"https:\/\/www.salvador-dali.org\/en\/wp-json\/wp\/v2\/noticia"}],"about":[{"href":"https:\/\/www.salvador-dali.org\/en\/wp-json\/wp\/v2\/types\/noticia"}],"wp:attachment":[{"href":"https:\/\/www.salvador-dali.org\/en\/wp-json\/wp\/v2\/media?parent=9409"}],"wp:term":[{"taxonomy":"categoria-actualitat","embeddable":true,"href":"https:\/\/www.salvador-dali.org\/en\/wp-json\/wp\/v2\/categoria-actualitat?post=9409"}],"curies":[{"name":"wp","href":"https:\/\/api.w.org\/{rel}","templated":true}]}}