{"id":8608,"date":"2022-09-20T00:00:00","date_gmt":"2022-09-19T22:00:00","guid":{"rendered":"https:\/\/www.salvador-dali.org\/fundacio-dali\/noticia\/dali-cibernetic-a-l-ideal-barcelona\/"},"modified":"2025-06-26T10:11:19","modified_gmt":"2025-06-26T08:11:19","slug":"dali-cibernetico-en-el-ideal-barcelona","status":"publish","type":"noticia","link":"https:\/\/www.salvador-dali.org\/es\/fundacion-dali\/noticia\/dali-cibernetico-en-el-ideal-barcelona\/","title":{"rendered":"Dal\u00ed cibern\u00e9tico en el IDEAL Barcelona"},"content":{"rendered":"<p>El proyecto <a href=\"https:\/\/idealbarcelona.com\/es\/agenda\/dali-cibernetico\/\"><strong><em>DAL\u00cd CIBERN\u00c9TICO<\/em><\/strong><\/a> abre sus puertas en el IDEAL Barcelona el 20 de septiembre de 2022\u00a0con\u00a0un\u00a0recorrido emocionante por las obras m\u00e1s reconocidas del pintor ampurdan\u00e9s\u00a0desde una perspectiva completamente nueva. Un\u00a0viaje inmersivo por la mente del artista\u00a0que nos permite descubrir como la genialidad\u00a0de su obra es el resultado de un pensamiento abierto, ambicioso, provocador y tambi\u00e9n\u00a0cient\u00edfico.\u00a0El universo po\u00e9tico y on\u00edrico daliniano se experimenta a trav\u00e9s de\u00a0proyecciones de gran formato, instalaciones interactivas, hologramas, realidad virtual e\u00a0inteligencia artificial.<\/p>\n<p>Es una coproducci\u00f3n internacional de\u00a0Layers of Reality\u00a0y\u00a0Exhibition Hub, bajo licencia de la Fundaci\u00f3n Dal\u00ed, que tiene prevista una\u00a0gira internacional durante los pr\u00f3ximos 4 a\u00f1os a m\u00e1s de 30 ciudades, entre las cuales hay Londres, Bruselas, Z\u00farich, Budapest, M\u00fanich, Tur\u00edn, Roma, Colonia, Par\u00eds, Bristol, Dubl\u00edn, Manchester, Amberes, Valencia y Bilbao. Se est\u00e1 trabajando en un futuro recorrido por Am\u00e9rica y Asia-Pac\u00edfico.<\/p>\n<p>Aqu\u00ed pod\u00e9is ver\u00a0el <a href=\"https:\/\/www.youtube.com\/watch?v=0NcFNt0sMKk\">v\u00eddeo de presentaci\u00f3n<\/a>.<\/p>\n<p><strong>Experiencia inmersiva de nueva generaci\u00f3n \u00fanica en el mundo<\/strong><\/p>\n<p>Adem\u00e1s del recorrido que contiene proyecciones de gran formato, instalaciones interactivas y hologramas con una duraci\u00f3n total de 90 minutos, <em>DAL\u00cd CIBERN\u00c9TICO<\/em> permitir\u00e1, por primera vez en la historia, que los visitantes de un\u00a0centro expositivo entren en el metaverso daliniano de forma colectiva. Una experiencia de\u00a0realidad\u00a0virtual con total libertad de movimientos\u00a0que invitar\u00e1 a los visitantes a pasar quince\u00a0minutos en el universo digital de Dal\u00ed. Cada visitante podr\u00e1 personalizar un avatar digital para pasearse f\u00edsicamente de forma\u00a0colectiva con sus acompa\u00f1antes a trav\u00e9s de un espacio virtual donde las obras m\u00e1s\u00a0reconocidas de Dal\u00ed cobrar\u00e1n vida para sumergirles en un viaje imposible a\u00a0cuatro entornos dalinianos por excelencia: el mar, el cielo, el desierto y el vac\u00edo.<\/p>\n<p><strong>Dal\u00ed, el primer artista digital de la historia<\/strong><\/p>\n<p>Salvador Dal\u00ed fue pionero en la utilizaci\u00f3n de herramientas digitales para crear sus obras. Su\u00a0obsesi\u00f3n por la tecnolog\u00eda le llev\u00f3 a trabajar con los primeros ordenadores y las\u00a0primeras m\u00e1quinas de pensar para ir m\u00e1s all\u00e1 de los l\u00edmites de la realidad que nos\u00a0envuelve, de ah\u00ed el t\u00edtulo <em>Dal\u00ed cibern\u00e9tico<\/em>. De joven, afirmaba que el arte le resultaba anacr\u00f3nico i preve\u00eda que\u00a0ser\u00eda \u00absustituido por formas m\u00e1s fecundas, a\u00fan imposibles de imaginar,\u00a0completamente fuera del l\u00edmite de las bellas artes y absolutamente de acuerdo con nuestra\u00a0\u00e9poca\u00bb. Dal\u00ed y su obra adelantaron lo que hoy a\u00fan estamos explorando bajo la categor\u00eda\u00a0gen\u00e9rica de las artes digitales de vanguarda y la inmersividad de la realidad ampliada.<\/p>\n<p><strong>Un proyecto licenciado por la Fundaci\u00f3 Gala-Salvador Dal\u00ed<\/strong><\/p>\n<p>La Fundaci\u00f3n Dal\u00ed ha trabajado durante los \u00faltimos a\u00f1os para establecer la autorizaci\u00f3n de las obras de Dal\u00ed en el \u00e1mbito de las artes digitales. El equipo del IDEAL ha estado trabajando junto con la direcci\u00f3n art\u00edstica de la Fundaci\u00f3n desde\u00a0hace casi dos a\u00f1os en la elaboraci\u00f3n de los contenidos y la curador\u00eda de este proyecto. Ha podido descubrir documentaci\u00f3n y aproximaciones al pensamiento daliniano que hasta ahora han permanecido pr\u00e1cticamente in\u00e9ditas para el gran p\u00fablico.<\/p>\n<p><strong>Un equipo art\u00edstico de primer nivel<\/strong><\/p>\n<p>La experiencia inmersiva\u00a0sobre Dal\u00ed y la cibern\u00e9tica cuenta con un equipo de artistas, estudios y expertos de\u00a0proximidad que garantizan el m\u00e1ximo nivel de innovaci\u00f3n y excelencia art\u00edstica. La curador\u00eda de la exposici\u00f3n ha ido a cargo de Imma Fondevila\u00a0y\u00a0Anna Pou,\u00a0que han trabajado\u00a0estrechamente con el Centro de Estudios Dalinianos de la\u00a0Fundaci\u00f3n Dal\u00ed.<\/p>\n<p>Las instalaciones que ocupar\u00e1n los 2.000 metros cuadrados de espacio expositivo son una\u00a0producci\u00f3n de\u00a0Layers of Reality\u00a0para IDEAL Barcelona en colaboraci\u00f3n con artistas\u00a0digitales y estudios como\u00a0Antiloop, Blit Studio, Tururut, Burzon Comenge, entre otros. La\u00a0banda sonora estar\u00e1 compuesta por Rafel Plana.<\/p>\n<p><strong>IDEAL BARCELONA<\/strong><\/p>\n<p>Es el primer centro de Artes Digitales del sur de Europa y cuenta con\u00a02.000 metros cuadrados para la exhibici\u00f3n, producci\u00f3n y formaci\u00f3n en las artes digitales. Desde\u00a0su inauguraci\u00f3n lo han visitado m\u00e1s de 400.000 personas, a pesar de las dificultades generadas\u00a0por las restricciones a causa del covid-19.<\/p>\n<p>El IDEAL es el lugar donde se encuentran el futuro de los museos y el futuro de los cines. Un centro\u00a0de cultura digital que experimenta con la inmersividad a partir de proyecciones\u00a0audiovisuales, realidad augmentada, realidad virtual y holograf\u00eda para crear una nueva relaci\u00f3n\u00a0entre el arte y la sociedad. La programaci\u00f3n generalista del centro ha contado con Monet, la experiencia\u00a0inmersiva, Barcelona Memoria Fotogr\u00e1fica, Klimt, la experiencia inmersiva y\u00a0Frida Kahlo, la vida de un mito. En cuanto al \u00e1mbito de las nuevas creaciones en artes digitales, IDEAL se estren\u00f3 con\u00a0Poetic Artificial Intelligence creada por el prestigioso estudio de arte digital OUCHH.<\/p>\n<p><strong>Layers of Reality<\/strong><\/p>\n<p>Layers of Reality se fund\u00f3 en 2017 con el objetivo de convertirse en un\u00a0estudio de producci\u00f3n de contenidos de realidad ampliada de referencia. En 2019 inaugur\u00f3 su centro de creaci\u00f3n y exhibici\u00f3n de referencia, IDEAL Barcelona y\u00a0recientemente, en marzo, inaugur\u00f3 MAD (Madrid Artes Digitales)\u00a0en Matadero. Entre las producciones m\u00e1s relevantes de Layers of Reality destacan Klimt, la experiencia inmersiva (con Exhibition Hub) y Frida Kahlo, la vida de un mito (con Frida Kahlo Corp.)<\/p>\n","protected":false},"excerpt":{"rendered":"<p>El proyecto DAL\u00cd CIBERN\u00c9TICO abre sus puertas en el IDEAL Barcelona el 20 de septiembre de 2022\u00a0con\u00a0un\u00a0recorrido emocionante por las obras m\u00e1s reconocidas del pintor ampurdan\u00e9s\u00a0desde una perspectiva completamente nueva. Un\u00a0viaje inmersivo por la mente del artista\u00a0que nos permite descubrir como la genialidad\u00a0de su obra es el resultado de un pensamiento abierto, ambicioso, provocador y [&hellip;]<\/p>\n","protected":false},"featured_media":5751,"menu_order":0,"template":"","format":"standard","meta":{"_acf_changed":false,"_coblocks_attr":"","_coblocks_dimensions":"","_coblocks_responsive_height":"","_coblocks_accordion_ie_support":""},"categoria-actualitat":[117,118],"class_list":["post-8608","noticia","type-noticia","status-publish","format-standard","has-post-thumbnail","hentry","categoria-actualitat-exposiciones","categoria-actualitat-fundacion-gala-salvador-dali"],"acf":[],"yoast_head":"<!-- This site is optimized with the Yoast SEO plugin v27.5 - https:\/\/yoast.com\/product\/yoast-seo-wordpress\/ -->\n<title>Dal\u00ed cibern\u00e9tico en el IDEAL Barcelona - Fundaci\u00f3 Gala - Salvador Dal\u00ed<\/title>\n<meta name=\"robots\" content=\"index, follow, max-snippet:-1, max-image-preview:large, max-video-preview:-1\" \/>\n<link rel=\"canonical\" href=\"https:\/\/www.salvador-dali.org\/es\/fundacion-dali\/noticia\/dali-cibernetico-en-el-ideal-barcelona\/\" \/>\n<meta property=\"og:locale\" content=\"es_ES\" \/>\n<meta property=\"og:type\" content=\"article\" \/>\n<meta property=\"og:title\" content=\"Dal\u00ed cibern\u00e9tico en el IDEAL Barcelona - Fundaci\u00f3 Gala - Salvador Dal\u00ed\" \/>\n<meta property=\"og:description\" content=\"El proyecto DAL\u00cd CIBERN\u00c9TICO abre sus puertas en el IDEAL Barcelona el 20 de septiembre de 2022\u00a0con\u00a0un\u00a0recorrido emocionante por las obras m\u00e1s reconocidas del pintor ampurdan\u00e9s\u00a0desde una perspectiva completamente nueva. Un\u00a0viaje inmersivo por la mente del artista\u00a0que nos permite descubrir como la genialidad\u00a0de su obra es el resultado de un pensamiento abierto, ambicioso, provocador y [&hellip;]\" \/>\n<meta property=\"og:url\" content=\"https:\/\/www.salvador-dali.org\/es\/fundacion-dali\/noticia\/dali-cibernetico-en-el-ideal-barcelona\/\" \/>\n<meta property=\"og:site_name\" content=\"Fundaci\u00f3 Gala - Salvador Dal\u00ed\" \/>\n<meta property=\"article:publisher\" content=\"https:\/\/www.facebook.com\/MuseusDali\" \/>\n<meta property=\"article:modified_time\" content=\"2025-06-26T08:11:19+00:00\" \/>\n<meta property=\"og:image\" content=\"https:\/\/www.salvador-dali.org\/wp-content\/uploads\/2025\/05\/i0057galaplacidia_166358122077_1024.jpg\" \/>\n\t<meta property=\"og:image:width\" content=\"800\" \/>\n\t<meta property=\"og:image:height\" content=\"954\" \/>\n\t<meta property=\"og:image:type\" content=\"image\/jpeg\" \/>\n<meta name=\"twitter:card\" content=\"summary_large_image\" \/>\n<meta name=\"twitter:site\" content=\"@MuseuDali\" \/>\n<meta name=\"twitter:label1\" content=\"Tiempo de lectura\" \/>\n\t<meta name=\"twitter:data1\" content=\"5 minutos\" \/>\n<script type=\"application\/ld+json\" class=\"yoast-schema-graph\">{\"@context\":\"https:\\\/\\\/schema.org\",\"@graph\":[{\"@type\":\"WebPage\",\"@id\":\"https:\\\/\\\/www.salvador-dali.org\\\/es\\\/fundacion-dali\\\/noticia\\\/dali-cibernetico-en-el-ideal-barcelona\\\/\",\"url\":\"https:\\\/\\\/www.salvador-dali.org\\\/es\\\/fundacion-dali\\\/noticia\\\/dali-cibernetico-en-el-ideal-barcelona\\\/\",\"name\":\"Dal\u00ed cibern\u00e9tico en el IDEAL Barcelona - Fundaci\u00f3 Gala - Salvador Dal\u00ed\",\"isPartOf\":{\"@id\":\"https:\\\/\\\/www.salvador-dali.org\\\/es\\\/#website\"},\"primaryImageOfPage\":{\"@id\":\"https:\\\/\\\/www.salvador-dali.org\\\/es\\\/fundacion-dali\\\/noticia\\\/dali-cibernetico-en-el-ideal-barcelona\\\/#primaryimage\"},\"image\":{\"@id\":\"https:\\\/\\\/www.salvador-dali.org\\\/es\\\/fundacion-dali\\\/noticia\\\/dali-cibernetico-en-el-ideal-barcelona\\\/#primaryimage\"},\"thumbnailUrl\":\"https:\\\/\\\/www.salvador-dali.org\\\/wp-content\\\/uploads\\\/2025\\\/05\\\/i0057galaplacidia_166358122077_1024.jpg\",\"datePublished\":\"2022-09-19T22:00:00+00:00\",\"dateModified\":\"2025-06-26T08:11:19+00:00\",\"breadcrumb\":{\"@id\":\"https:\\\/\\\/www.salvador-dali.org\\\/es\\\/fundacion-dali\\\/noticia\\\/dali-cibernetico-en-el-ideal-barcelona\\\/#breadcrumb\"},\"inLanguage\":\"es\",\"potentialAction\":[{\"@type\":\"ReadAction\",\"target\":[\"https:\\\/\\\/www.salvador-dali.org\\\/es\\\/fundacion-dali\\\/noticia\\\/dali-cibernetico-en-el-ideal-barcelona\\\/\"]}]},{\"@type\":\"ImageObject\",\"inLanguage\":\"es\",\"@id\":\"https:\\\/\\\/www.salvador-dali.org\\\/es\\\/fundacion-dali\\\/noticia\\\/dali-cibernetico-en-el-ideal-barcelona\\\/#primaryimage\",\"url\":\"https:\\\/\\\/www.salvador-dali.org\\\/wp-content\\\/uploads\\\/2025\\\/05\\\/i0057galaplacidia_166358122077_1024.jpg\",\"contentUrl\":\"https:\\\/\\\/www.salvador-dali.org\\\/wp-content\\\/uploads\\\/2025\\\/05\\\/i0057galaplacidia_166358122077_1024.jpg\",\"width\":800,\"height\":954,\"caption\":\"Gala Plac\u00eddia\"},{\"@type\":\"BreadcrumbList\",\"@id\":\"https:\\\/\\\/www.salvador-dali.org\\\/es\\\/fundacion-dali\\\/noticia\\\/dali-cibernetico-en-el-ideal-barcelona\\\/#breadcrumb\",\"itemListElement\":[{\"@type\":\"ListItem\",\"position\":1,\"name\":\"Inici\",\"item\":\"https:\\\/\\\/www.salvador-dali.org\\\/es\\\/\"},{\"@type\":\"ListItem\",\"position\":2,\"name\":\"Dal\u00ed cibern\u00e9tico en el IDEAL Barcelona\"}]},{\"@type\":\"WebSite\",\"@id\":\"https:\\\/\\\/www.salvador-dali.org\\\/es\\\/#website\",\"url\":\"https:\\\/\\\/www.salvador-dali.org\\\/es\\\/\",\"name\":\"Fundaci\u00f3 Gala - Salvador Dal\u00ed\",\"description\":\"\",\"publisher\":{\"@id\":\"https:\\\/\\\/www.salvador-dali.org\\\/es\\\/#organization\"},\"potentialAction\":[{\"@type\":\"SearchAction\",\"target\":{\"@type\":\"EntryPoint\",\"urlTemplate\":\"https:\\\/\\\/www.salvador-dali.org\\\/es\\\/?s={search_term_string}\"},\"query-input\":{\"@type\":\"PropertyValueSpecification\",\"valueRequired\":true,\"valueName\":\"search_term_string\"}}],\"inLanguage\":\"es\"},{\"@type\":\"Organization\",\"@id\":\"https:\\\/\\\/www.salvador-dali.org\\\/es\\\/#organization\",\"name\":\"Fundaci\u00f3 Gala - Salvador Dal\u00ed\",\"url\":\"https:\\\/\\\/www.salvador-dali.org\\\/es\\\/\",\"logo\":{\"@type\":\"ImageObject\",\"inLanguage\":\"es\",\"@id\":\"https:\\\/\\\/www.salvador-dali.org\\\/es\\\/#\\\/schema\\\/logo\\\/image\\\/\",\"url\":\"https:\\\/\\\/www.salvador-dali.org\\\/wp-content\\\/uploads\\\/2025\\\/04\\\/fundacio-gala-salvador-dali.png\",\"contentUrl\":\"https:\\\/\\\/www.salvador-dali.org\\\/wp-content\\\/uploads\\\/2025\\\/04\\\/fundacio-gala-salvador-dali.png\",\"width\":240,\"height\":240,\"caption\":\"Fundaci\u00f3 Gala - Salvador Dal\u00ed\"},\"image\":{\"@id\":\"https:\\\/\\\/www.salvador-dali.org\\\/es\\\/#\\\/schema\\\/logo\\\/image\\\/\"},\"sameAs\":[\"https:\\\/\\\/www.facebook.com\\\/MuseusDali\",\"https:\\\/\\\/x.com\\\/MuseuDali\",\"https:\\\/\\\/www.youtube.com\\\/user\\\/FundacioDali\",\"https:\\\/\\\/www.flickr.com\\\/fundacio_dali\\\/\",\"https:\\\/\\\/instagram.com\\\/museudali\"]}]}<\/script>\n<!-- \/ Yoast SEO plugin. -->","yoast_head_json":{"title":"Dal\u00ed cibern\u00e9tico en el IDEAL Barcelona - Fundaci\u00f3 Gala - Salvador Dal\u00ed","robots":{"index":"index","follow":"follow","max-snippet":"max-snippet:-1","max-image-preview":"max-image-preview:large","max-video-preview":"max-video-preview:-1"},"canonical":"https:\/\/www.salvador-dali.org\/es\/fundacion-dali\/noticia\/dali-cibernetico-en-el-ideal-barcelona\/","og_locale":"es_ES","og_type":"article","og_title":"Dal\u00ed cibern\u00e9tico en el IDEAL Barcelona - Fundaci\u00f3 Gala - Salvador Dal\u00ed","og_description":"El proyecto DAL\u00cd CIBERN\u00c9TICO abre sus puertas en el IDEAL Barcelona el 20 de septiembre de 2022\u00a0con\u00a0un\u00a0recorrido emocionante por las obras m\u00e1s reconocidas del pintor ampurdan\u00e9s\u00a0desde una perspectiva completamente nueva. Un\u00a0viaje inmersivo por la mente del artista\u00a0que nos permite descubrir como la genialidad\u00a0de su obra es el resultado de un pensamiento abierto, ambicioso, provocador y [&hellip;]","og_url":"https:\/\/www.salvador-dali.org\/es\/fundacion-dali\/noticia\/dali-cibernetico-en-el-ideal-barcelona\/","og_site_name":"Fundaci\u00f3 Gala - Salvador Dal\u00ed","article_publisher":"https:\/\/www.facebook.com\/MuseusDali","article_modified_time":"2025-06-26T08:11:19+00:00","og_image":[{"width":800,"height":954,"url":"https:\/\/www.salvador-dali.org\/wp-content\/uploads\/2025\/05\/i0057galaplacidia_166358122077_1024.jpg","type":"image\/jpeg"}],"twitter_card":"summary_large_image","twitter_site":"@MuseuDali","twitter_misc":{"Tiempo de lectura":"5 minutos"},"schema":{"@context":"https:\/\/schema.org","@graph":[{"@type":"WebPage","@id":"https:\/\/www.salvador-dali.org\/es\/fundacion-dali\/noticia\/dali-cibernetico-en-el-ideal-barcelona\/","url":"https:\/\/www.salvador-dali.org\/es\/fundacion-dali\/noticia\/dali-cibernetico-en-el-ideal-barcelona\/","name":"Dal\u00ed cibern\u00e9tico en el IDEAL Barcelona - Fundaci\u00f3 Gala - Salvador Dal\u00ed","isPartOf":{"@id":"https:\/\/www.salvador-dali.org\/es\/#website"},"primaryImageOfPage":{"@id":"https:\/\/www.salvador-dali.org\/es\/fundacion-dali\/noticia\/dali-cibernetico-en-el-ideal-barcelona\/#primaryimage"},"image":{"@id":"https:\/\/www.salvador-dali.org\/es\/fundacion-dali\/noticia\/dali-cibernetico-en-el-ideal-barcelona\/#primaryimage"},"thumbnailUrl":"https:\/\/www.salvador-dali.org\/wp-content\/uploads\/2025\/05\/i0057galaplacidia_166358122077_1024.jpg","datePublished":"2022-09-19T22:00:00+00:00","dateModified":"2025-06-26T08:11:19+00:00","breadcrumb":{"@id":"https:\/\/www.salvador-dali.org\/es\/fundacion-dali\/noticia\/dali-cibernetico-en-el-ideal-barcelona\/#breadcrumb"},"inLanguage":"es","potentialAction":[{"@type":"ReadAction","target":["https:\/\/www.salvador-dali.org\/es\/fundacion-dali\/noticia\/dali-cibernetico-en-el-ideal-barcelona\/"]}]},{"@type":"ImageObject","inLanguage":"es","@id":"https:\/\/www.salvador-dali.org\/es\/fundacion-dali\/noticia\/dali-cibernetico-en-el-ideal-barcelona\/#primaryimage","url":"https:\/\/www.salvador-dali.org\/wp-content\/uploads\/2025\/05\/i0057galaplacidia_166358122077_1024.jpg","contentUrl":"https:\/\/www.salvador-dali.org\/wp-content\/uploads\/2025\/05\/i0057galaplacidia_166358122077_1024.jpg","width":800,"height":954,"caption":"Gala Plac\u00eddia"},{"@type":"BreadcrumbList","@id":"https:\/\/www.salvador-dali.org\/es\/fundacion-dali\/noticia\/dali-cibernetico-en-el-ideal-barcelona\/#breadcrumb","itemListElement":[{"@type":"ListItem","position":1,"name":"Inici","item":"https:\/\/www.salvador-dali.org\/es\/"},{"@type":"ListItem","position":2,"name":"Dal\u00ed cibern\u00e9tico en el IDEAL Barcelona"}]},{"@type":"WebSite","@id":"https:\/\/www.salvador-dali.org\/es\/#website","url":"https:\/\/www.salvador-dali.org\/es\/","name":"Fundaci\u00f3 Gala - Salvador Dal\u00ed","description":"","publisher":{"@id":"https:\/\/www.salvador-dali.org\/es\/#organization"},"potentialAction":[{"@type":"SearchAction","target":{"@type":"EntryPoint","urlTemplate":"https:\/\/www.salvador-dali.org\/es\/?s={search_term_string}"},"query-input":{"@type":"PropertyValueSpecification","valueRequired":true,"valueName":"search_term_string"}}],"inLanguage":"es"},{"@type":"Organization","@id":"https:\/\/www.salvador-dali.org\/es\/#organization","name":"Fundaci\u00f3 Gala - Salvador Dal\u00ed","url":"https:\/\/www.salvador-dali.org\/es\/","logo":{"@type":"ImageObject","inLanguage":"es","@id":"https:\/\/www.salvador-dali.org\/es\/#\/schema\/logo\/image\/","url":"https:\/\/www.salvador-dali.org\/wp-content\/uploads\/2025\/04\/fundacio-gala-salvador-dali.png","contentUrl":"https:\/\/www.salvador-dali.org\/wp-content\/uploads\/2025\/04\/fundacio-gala-salvador-dali.png","width":240,"height":240,"caption":"Fundaci\u00f3 Gala - Salvador Dal\u00ed"},"image":{"@id":"https:\/\/www.salvador-dali.org\/es\/#\/schema\/logo\/image\/"},"sameAs":["https:\/\/www.facebook.com\/MuseusDali","https:\/\/x.com\/MuseuDali","https:\/\/www.youtube.com\/user\/FundacioDali","https:\/\/www.flickr.com\/fundacio_dali\/","https:\/\/instagram.com\/museudali"]}]}},"_links":{"self":[{"href":"https:\/\/www.salvador-dali.org\/es\/wp-json\/wp\/v2\/noticia\/8608","targetHints":{"allow":["GET"]}}],"collection":[{"href":"https:\/\/www.salvador-dali.org\/es\/wp-json\/wp\/v2\/noticia"}],"about":[{"href":"https:\/\/www.salvador-dali.org\/es\/wp-json\/wp\/v2\/types\/noticia"}],"wp:featuredmedia":[{"embeddable":true,"href":"https:\/\/www.salvador-dali.org\/es\/wp-json\/wp\/v2\/media\/5751"}],"wp:attachment":[{"href":"https:\/\/www.salvador-dali.org\/es\/wp-json\/wp\/v2\/media?parent=8608"}],"wp:term":[{"taxonomy":"categoria-actualitat","embeddable":true,"href":"https:\/\/www.salvador-dali.org\/es\/wp-json\/wp\/v2\/categoria-actualitat?post=8608"}],"curies":[{"name":"wp","href":"https:\/\/api.w.org\/{rel}","templated":true}]}}