{"id":8693,"date":"2021-01-08T00:00:00","date_gmt":"2021-01-07T22:00:00","guid":{"rendered":"https:\/\/www.salvador-dali.org\/fundacio-dali\/noticia\/els-museus-dali-reben-un-82-de-visitants-menys-el-2020\/"},"modified":"2025-06-26T10:11:22","modified_gmt":"2025-06-26T08:11:22","slug":"los-museos-dali-reciben-un-82-de-visitantes-menos-en-2020","status":"publish","type":"noticia","link":"https:\/\/www.salvador-dali.org\/es\/fundacion-dali\/noticia\/los-museos-dali-reciben-un-82-de-visitantes-menos-en-2020\/","title":{"rendered":"Los Museos Dal\u00ed reciben un 82% de visitantes menos en 2020"},"content":{"rendered":"<p>Durante el 2020, en que la pandemia ha condicionado su funcionamiento habitual, los tres Museos Dal\u00ed han recibido un total de <strong>190.213 visitantes<\/strong>, un 82,06% menos que el a\u00f1o anterior. Como consecuencia de las medidas adoptadas por las autoridades sanitarias, los tres centros han abierto un 55% menos de d\u00edas que el a\u00f1o anterior y con un aforo limitado al 30% de su capacidad.<\/p>\n<p>La Fundaci\u00f3n Dal\u00ed considera que la apertura de los museos, que se ha adaptado a la evoluci\u00f3n de la pandemia, ha cumplido las expectativas de los visitantes, que han valorado positivamente su experiencia art\u00edstica y han agradecido las estrictas medidas anti-covid adoptadas, seg\u00fan una encuesta que llevada a cabo por el Grup de Recerca del Laboratori Multidisciplinar de Recerca en Turisme (LMRT) de la Universitat de Girona.<\/p>\n<p>Los tres museos han vuelto a cerrar despu\u00e9s del D\u00eda de Reyes y tienen prevista su reapertura en Semana Santa, si las condiciones epidemiol\u00f3gicas lo permiten.<\/p>\n<p>Los visitantes de 2020 se han repartido de la siguiente manera:<\/p>\n<p>&#8211; Teatro-Museo Dal\u00ed, Figueres (abierto durante 6 meses y medio): <strong>123.062 visitantes<\/strong>, un 85% menos que en 2019.<\/p>\n<p>&#8211; Castillo Gala Dal\u00ed de P\u00fabol (abierto durante 4 meses): <strong>18.225 visitantes<\/strong>, un 78% menos que en 2019.<\/p>\n<p>&#8211;\u00a0Casa Salvador Dal\u00ed de Portlligat (abierta durante 5 meses): <strong>48.926 visitantes<\/strong>, un 69% menos que en 2019.<\/p>\n<p>Los ingresos por taquilla han ca\u00eddo un 83% respecto a 2019, un punto m\u00e1s que las entradas vendidas puesto que se ampli\u00f3 la gratuidad hasta los 14 a\u00f1os y al personal implicado en la crisis sanitaria.<\/p>\n<p>Por procedencia, la proporci\u00f3n de visitantes se mantiene en relaci\u00f3n con los a\u00f1os anteriores. Los porcentajes de los 3 or\u00edgenes principales son: 32% franceses, 24% catalanes y 20% el resto de Espa\u00f1a. En cuanto a los grupos, destaca la ca\u00edda de los procedentes de Rusia ya que la pandemia ha hecho imposible viajar en esta modalidad.<\/p>\n<p>A pesar de la pandemia, la Fundaci\u00f3n Dal\u00ed ha mantenido una actividad expositiva significativa. Hasta que la crisis sanitaria no precipit\u00f3 su cierre, la exposici\u00f3n <em>Salvador Dal\u00ed. Magic art<\/em> celebrada en Mosc\u00fa recibi\u00f3 500.000 visitantes en menos de tres meses. A\u00fan con las restricciones impuestas por las autoridades sanitarias francesas, la exposici\u00f3n multimedia inmersiva <em>Dal\u00ed. El enigma sin fin<\/em> ha sido recibida con mucho \u00e9xito en la cantera de piedra de Baux-de-Provence, un proyecto innovador que se exhibir\u00e1 en los Ateliers de Lumi\u00e8res de Par\u00eds a partir del 29 de enero.<\/p>\n<p>En el Teatro-Museo Dal\u00ed, se han podido ver dos nuevas propuestas expositivas: <a href=\"https:\/\/exhibitions.salvador-dali.org\/es\/dali-el-surrealisme-soc-jo-paisatges-fora-del-temps\/\"><em>Dal\u00ed: \u00a1el surrealismo soy yo! Paisajes fuera del tiempo<\/em><\/a> durante el verano de 2020, y una presentaci\u00f3n de la obra <a href=\"\/es\/obra\/catalogo-razonado-pinturas\/obra\/597\/galarina\"><em>Galarina <\/em><\/a>coincidiendo con los 500 a\u00f1os de la muerte de Rafael Sanzio (en el marco de la muestra <a href=\"\/es\/actualidad\/monografico-dali-rafael\/\"><em>Dal\u00ed-Rafael, Una enso\u00f1aci\u00f3n prolongada<\/em><\/a> inaugurada en 2019). En el Castillo Gala Dal\u00ed se ha podido ver <a href=\"https:\/\/exhibitions.salvador-dali.org\/es\/galadalidior-de-arte-y-moda\/\"><em>Gala\/Dal\u00ed\/Dior: de arte y de moda<\/em><\/a>.<\/p>\n<p>Durante el confinamiento, la Fundaci\u00f3n Dal\u00ed ha puesto en marcha una renovada <a href=\"\/es\/museos\/teatro-museo-dali-de-figueres\/visita-virtual\/\">visita virtual<\/a> al Teatro-Museo en cuatro idiomas (catal\u00e1n, castellano, franc\u00e9s e ingl\u00e9s), basada en una tecnolog\u00eda innovadora, que ha recibido 780.200 visitas y una valoraci\u00f3n muy positiva.<\/p>\n","protected":false},"excerpt":{"rendered":"<p>Durante el 2020, en que la pandemia ha condicionado su funcionamiento habitual, los tres Museos Dal\u00ed han recibido un total de 190.213 visitantes, un 82,06% menos que el a\u00f1o anterior. Como consecuencia de las medidas adoptadas por las autoridades sanitarias, los tres centros han abierto un 55% menos de d\u00edas que el a\u00f1o anterior y [&hellip;]<\/p>\n","protected":false},"featured_media":5600,"menu_order":0,"template":"","format":"standard","meta":{"_acf_changed":false,"_coblocks_attr":"","_coblocks_dimensions":"","_coblocks_responsive_height":"","_coblocks_accordion_ie_support":""},"categoria-actualitat":[],"class_list":["post-8693","noticia","type-noticia","status-publish","format-standard","has-post-thumbnail","hentry"],"acf":[],"yoast_head":"<!-- This site is optimized with the Yoast SEO plugin v27.5 - https:\/\/yoast.com\/product\/yoast-seo-wordpress\/ -->\n<title>Los Museos Dal\u00ed reciben un 82% de visitantes menos en 2020 - Fundaci\u00f3 Gala - Salvador Dal\u00ed<\/title>\n<meta name=\"robots\" content=\"index, follow, max-snippet:-1, max-image-preview:large, max-video-preview:-1\" \/>\n<link rel=\"canonical\" href=\"https:\/\/www.salvador-dali.org\/es\/fundacion-dali\/noticia\/los-museos-dali-reciben-un-82-de-visitantes-menos-en-2020\/\" \/>\n<meta property=\"og:locale\" content=\"es_ES\" \/>\n<meta property=\"og:type\" content=\"article\" \/>\n<meta property=\"og:title\" content=\"Los Museos Dal\u00ed reciben un 82% de visitantes menos en 2020 - Fundaci\u00f3 Gala - Salvador Dal\u00ed\" \/>\n<meta property=\"og:description\" content=\"Durante el 2020, en que la pandemia ha condicionado su funcionamiento habitual, los tres Museos Dal\u00ed han recibido un total de 190.213 visitantes, un 82,06% menos que el a\u00f1o anterior. Como consecuencia de las medidas adoptadas por las autoridades sanitarias, los tres centros han abierto un 55% menos de d\u00edas que el a\u00f1o anterior y [&hellip;]\" \/>\n<meta property=\"og:url\" content=\"https:\/\/www.salvador-dali.org\/es\/fundacion-dali\/noticia\/los-museos-dali-reciben-un-82-de-visitantes-menos-en-2020\/\" \/>\n<meta property=\"og:site_name\" content=\"Fundaci\u00f3 Gala - Salvador Dal\u00ed\" \/>\n<meta property=\"article:publisher\" content=\"https:\/\/www.facebook.com\/MuseusDali\" \/>\n<meta property=\"article:modified_time\" content=\"2025-06-26T08:11:22+00:00\" \/>\n<meta property=\"og:image\" content=\"https:\/\/www.salvador-dali.org\/wp-content\/uploads\/2025\/05\/fotojosepalgans_saladeltresor2_161010845377_1024.jpg\" \/>\n\t<meta property=\"og:image:width\" content=\"1024\" \/>\n\t<meta property=\"og:image:height\" content=\"683\" \/>\n\t<meta property=\"og:image:type\" content=\"image\/jpeg\" \/>\n<meta name=\"twitter:card\" content=\"summary_large_image\" \/>\n<meta name=\"twitter:site\" content=\"@MuseuDali\" \/>\n<meta name=\"twitter:label1\" content=\"Tiempo de lectura\" \/>\n\t<meta name=\"twitter:data1\" content=\"3 minutos\" \/>\n<script type=\"application\/ld+json\" class=\"yoast-schema-graph\">{\"@context\":\"https:\\\/\\\/schema.org\",\"@graph\":[{\"@type\":\"WebPage\",\"@id\":\"https:\\\/\\\/www.salvador-dali.org\\\/es\\\/fundacion-dali\\\/noticia\\\/los-museos-dali-reciben-un-82-de-visitantes-menos-en-2020\\\/\",\"url\":\"https:\\\/\\\/www.salvador-dali.org\\\/es\\\/fundacion-dali\\\/noticia\\\/los-museos-dali-reciben-un-82-de-visitantes-menos-en-2020\\\/\",\"name\":\"Los Museos Dal\u00ed reciben un 82% de visitantes menos en 2020 - Fundaci\u00f3 Gala - Salvador Dal\u00ed\",\"isPartOf\":{\"@id\":\"https:\\\/\\\/www.salvador-dali.org\\\/es\\\/#website\"},\"primaryImageOfPage\":{\"@id\":\"https:\\\/\\\/www.salvador-dali.org\\\/es\\\/fundacion-dali\\\/noticia\\\/los-museos-dali-reciben-un-82-de-visitantes-menos-en-2020\\\/#primaryimage\"},\"image\":{\"@id\":\"https:\\\/\\\/www.salvador-dali.org\\\/es\\\/fundacion-dali\\\/noticia\\\/los-museos-dali-reciben-un-82-de-visitantes-menos-en-2020\\\/#primaryimage\"},\"thumbnailUrl\":\"https:\\\/\\\/www.salvador-dali.org\\\/wp-content\\\/uploads\\\/2025\\\/05\\\/fotojosepalgans_saladeltresor2_161010845377_1024.jpg\",\"datePublished\":\"2021-01-07T22:00:00+00:00\",\"dateModified\":\"2025-06-26T08:11:22+00:00\",\"breadcrumb\":{\"@id\":\"https:\\\/\\\/www.salvador-dali.org\\\/es\\\/fundacion-dali\\\/noticia\\\/los-museos-dali-reciben-un-82-de-visitantes-menos-en-2020\\\/#breadcrumb\"},\"inLanguage\":\"es\",\"potentialAction\":[{\"@type\":\"ReadAction\",\"target\":[\"https:\\\/\\\/www.salvador-dali.org\\\/es\\\/fundacion-dali\\\/noticia\\\/los-museos-dali-reciben-un-82-de-visitantes-menos-en-2020\\\/\"]}]},{\"@type\":\"ImageObject\",\"inLanguage\":\"es\",\"@id\":\"https:\\\/\\\/www.salvador-dali.org\\\/es\\\/fundacion-dali\\\/noticia\\\/los-museos-dali-reciben-un-82-de-visitantes-menos-en-2020\\\/#primaryimage\",\"url\":\"https:\\\/\\\/www.salvador-dali.org\\\/wp-content\\\/uploads\\\/2025\\\/05\\\/fotojosepalgans_saladeltresor2_161010845377_1024.jpg\",\"contentUrl\":\"https:\\\/\\\/www.salvador-dali.org\\\/wp-content\\\/uploads\\\/2025\\\/05\\\/fotojosepalgans_saladeltresor2_161010845377_1024.jpg\",\"width\":1024,\"height\":683,\"caption\":\"Sala del Tesoro. Foto Josep Algans\"},{\"@type\":\"BreadcrumbList\",\"@id\":\"https:\\\/\\\/www.salvador-dali.org\\\/es\\\/fundacion-dali\\\/noticia\\\/los-museos-dali-reciben-un-82-de-visitantes-menos-en-2020\\\/#breadcrumb\",\"itemListElement\":[{\"@type\":\"ListItem\",\"position\":1,\"name\":\"Inici\",\"item\":\"https:\\\/\\\/www.salvador-dali.org\\\/es\\\/\"},{\"@type\":\"ListItem\",\"position\":2,\"name\":\"Los Museos Dal\u00ed reciben un 82% de visitantes menos en 2020\"}]},{\"@type\":\"WebSite\",\"@id\":\"https:\\\/\\\/www.salvador-dali.org\\\/es\\\/#website\",\"url\":\"https:\\\/\\\/www.salvador-dali.org\\\/es\\\/\",\"name\":\"Fundaci\u00f3 Gala - Salvador Dal\u00ed\",\"description\":\"\",\"publisher\":{\"@id\":\"https:\\\/\\\/www.salvador-dali.org\\\/es\\\/#organization\"},\"potentialAction\":[{\"@type\":\"SearchAction\",\"target\":{\"@type\":\"EntryPoint\",\"urlTemplate\":\"https:\\\/\\\/www.salvador-dali.org\\\/es\\\/?s={search_term_string}\"},\"query-input\":{\"@type\":\"PropertyValueSpecification\",\"valueRequired\":true,\"valueName\":\"search_term_string\"}}],\"inLanguage\":\"es\"},{\"@type\":\"Organization\",\"@id\":\"https:\\\/\\\/www.salvador-dali.org\\\/es\\\/#organization\",\"name\":\"Fundaci\u00f3 Gala - Salvador Dal\u00ed\",\"url\":\"https:\\\/\\\/www.salvador-dali.org\\\/es\\\/\",\"logo\":{\"@type\":\"ImageObject\",\"inLanguage\":\"es\",\"@id\":\"https:\\\/\\\/www.salvador-dali.org\\\/es\\\/#\\\/schema\\\/logo\\\/image\\\/\",\"url\":\"https:\\\/\\\/www.salvador-dali.org\\\/wp-content\\\/uploads\\\/2025\\\/04\\\/fundacio-gala-salvador-dali.png\",\"contentUrl\":\"https:\\\/\\\/www.salvador-dali.org\\\/wp-content\\\/uploads\\\/2025\\\/04\\\/fundacio-gala-salvador-dali.png\",\"width\":240,\"height\":240,\"caption\":\"Fundaci\u00f3 Gala - Salvador Dal\u00ed\"},\"image\":{\"@id\":\"https:\\\/\\\/www.salvador-dali.org\\\/es\\\/#\\\/schema\\\/logo\\\/image\\\/\"},\"sameAs\":[\"https:\\\/\\\/www.facebook.com\\\/MuseusDali\",\"https:\\\/\\\/x.com\\\/MuseuDali\",\"https:\\\/\\\/www.youtube.com\\\/user\\\/FundacioDali\",\"https:\\\/\\\/www.flickr.com\\\/fundacio_dali\\\/\",\"https:\\\/\\\/instagram.com\\\/museudali\"]}]}<\/script>\n<!-- \/ Yoast SEO plugin. -->","yoast_head_json":{"title":"Los Museos Dal\u00ed reciben un 82% de visitantes menos en 2020 - Fundaci\u00f3 Gala - Salvador Dal\u00ed","robots":{"index":"index","follow":"follow","max-snippet":"max-snippet:-1","max-image-preview":"max-image-preview:large","max-video-preview":"max-video-preview:-1"},"canonical":"https:\/\/www.salvador-dali.org\/es\/fundacion-dali\/noticia\/los-museos-dali-reciben-un-82-de-visitantes-menos-en-2020\/","og_locale":"es_ES","og_type":"article","og_title":"Los Museos Dal\u00ed reciben un 82% de visitantes menos en 2020 - Fundaci\u00f3 Gala - Salvador Dal\u00ed","og_description":"Durante el 2020, en que la pandemia ha condicionado su funcionamiento habitual, los tres Museos Dal\u00ed han recibido un total de 190.213 visitantes, un 82,06% menos que el a\u00f1o anterior. Como consecuencia de las medidas adoptadas por las autoridades sanitarias, los tres centros han abierto un 55% menos de d\u00edas que el a\u00f1o anterior y [&hellip;]","og_url":"https:\/\/www.salvador-dali.org\/es\/fundacion-dali\/noticia\/los-museos-dali-reciben-un-82-de-visitantes-menos-en-2020\/","og_site_name":"Fundaci\u00f3 Gala - Salvador Dal\u00ed","article_publisher":"https:\/\/www.facebook.com\/MuseusDali","article_modified_time":"2025-06-26T08:11:22+00:00","og_image":[{"width":1024,"height":683,"url":"https:\/\/www.salvador-dali.org\/wp-content\/uploads\/2025\/05\/fotojosepalgans_saladeltresor2_161010845377_1024.jpg","type":"image\/jpeg"}],"twitter_card":"summary_large_image","twitter_site":"@MuseuDali","twitter_misc":{"Tiempo de lectura":"3 minutos"},"schema":{"@context":"https:\/\/schema.org","@graph":[{"@type":"WebPage","@id":"https:\/\/www.salvador-dali.org\/es\/fundacion-dali\/noticia\/los-museos-dali-reciben-un-82-de-visitantes-menos-en-2020\/","url":"https:\/\/www.salvador-dali.org\/es\/fundacion-dali\/noticia\/los-museos-dali-reciben-un-82-de-visitantes-menos-en-2020\/","name":"Los Museos Dal\u00ed reciben un 82% de visitantes menos en 2020 - Fundaci\u00f3 Gala - Salvador Dal\u00ed","isPartOf":{"@id":"https:\/\/www.salvador-dali.org\/es\/#website"},"primaryImageOfPage":{"@id":"https:\/\/www.salvador-dali.org\/es\/fundacion-dali\/noticia\/los-museos-dali-reciben-un-82-de-visitantes-menos-en-2020\/#primaryimage"},"image":{"@id":"https:\/\/www.salvador-dali.org\/es\/fundacion-dali\/noticia\/los-museos-dali-reciben-un-82-de-visitantes-menos-en-2020\/#primaryimage"},"thumbnailUrl":"https:\/\/www.salvador-dali.org\/wp-content\/uploads\/2025\/05\/fotojosepalgans_saladeltresor2_161010845377_1024.jpg","datePublished":"2021-01-07T22:00:00+00:00","dateModified":"2025-06-26T08:11:22+00:00","breadcrumb":{"@id":"https:\/\/www.salvador-dali.org\/es\/fundacion-dali\/noticia\/los-museos-dali-reciben-un-82-de-visitantes-menos-en-2020\/#breadcrumb"},"inLanguage":"es","potentialAction":[{"@type":"ReadAction","target":["https:\/\/www.salvador-dali.org\/es\/fundacion-dali\/noticia\/los-museos-dali-reciben-un-82-de-visitantes-menos-en-2020\/"]}]},{"@type":"ImageObject","inLanguage":"es","@id":"https:\/\/www.salvador-dali.org\/es\/fundacion-dali\/noticia\/los-museos-dali-reciben-un-82-de-visitantes-menos-en-2020\/#primaryimage","url":"https:\/\/www.salvador-dali.org\/wp-content\/uploads\/2025\/05\/fotojosepalgans_saladeltresor2_161010845377_1024.jpg","contentUrl":"https:\/\/www.salvador-dali.org\/wp-content\/uploads\/2025\/05\/fotojosepalgans_saladeltresor2_161010845377_1024.jpg","width":1024,"height":683,"caption":"Sala del Tesoro. Foto Josep Algans"},{"@type":"BreadcrumbList","@id":"https:\/\/www.salvador-dali.org\/es\/fundacion-dali\/noticia\/los-museos-dali-reciben-un-82-de-visitantes-menos-en-2020\/#breadcrumb","itemListElement":[{"@type":"ListItem","position":1,"name":"Inici","item":"https:\/\/www.salvador-dali.org\/es\/"},{"@type":"ListItem","position":2,"name":"Los Museos Dal\u00ed reciben un 82% de visitantes menos en 2020"}]},{"@type":"WebSite","@id":"https:\/\/www.salvador-dali.org\/es\/#website","url":"https:\/\/www.salvador-dali.org\/es\/","name":"Fundaci\u00f3 Gala - Salvador Dal\u00ed","description":"","publisher":{"@id":"https:\/\/www.salvador-dali.org\/es\/#organization"},"potentialAction":[{"@type":"SearchAction","target":{"@type":"EntryPoint","urlTemplate":"https:\/\/www.salvador-dali.org\/es\/?s={search_term_string}"},"query-input":{"@type":"PropertyValueSpecification","valueRequired":true,"valueName":"search_term_string"}}],"inLanguage":"es"},{"@type":"Organization","@id":"https:\/\/www.salvador-dali.org\/es\/#organization","name":"Fundaci\u00f3 Gala - Salvador Dal\u00ed","url":"https:\/\/www.salvador-dali.org\/es\/","logo":{"@type":"ImageObject","inLanguage":"es","@id":"https:\/\/www.salvador-dali.org\/es\/#\/schema\/logo\/image\/","url":"https:\/\/www.salvador-dali.org\/wp-content\/uploads\/2025\/04\/fundacio-gala-salvador-dali.png","contentUrl":"https:\/\/www.salvador-dali.org\/wp-content\/uploads\/2025\/04\/fundacio-gala-salvador-dali.png","width":240,"height":240,"caption":"Fundaci\u00f3 Gala - Salvador Dal\u00ed"},"image":{"@id":"https:\/\/www.salvador-dali.org\/es\/#\/schema\/logo\/image\/"},"sameAs":["https:\/\/www.facebook.com\/MuseusDali","https:\/\/x.com\/MuseuDali","https:\/\/www.youtube.com\/user\/FundacioDali","https:\/\/www.flickr.com\/fundacio_dali\/","https:\/\/instagram.com\/museudali"]}]}},"_links":{"self":[{"href":"https:\/\/www.salvador-dali.org\/es\/wp-json\/wp\/v2\/noticia\/8693","targetHints":{"allow":["GET"]}}],"collection":[{"href":"https:\/\/www.salvador-dali.org\/es\/wp-json\/wp\/v2\/noticia"}],"about":[{"href":"https:\/\/www.salvador-dali.org\/es\/wp-json\/wp\/v2\/types\/noticia"}],"wp:featuredmedia":[{"embeddable":true,"href":"https:\/\/www.salvador-dali.org\/es\/wp-json\/wp\/v2\/media\/5600"}],"wp:attachment":[{"href":"https:\/\/www.salvador-dali.org\/es\/wp-json\/wp\/v2\/media?parent=8693"}],"wp:term":[{"taxonomy":"categoria-actualitat","embeddable":true,"href":"https:\/\/www.salvador-dali.org\/es\/wp-json\/wp\/v2\/categoria-actualitat?post=8693"}],"curies":[{"name":"wp","href":"https:\/\/api.w.org\/{rel}","templated":true}]}}