{"id":8825,"date":"2017-09-06T00:00:00","date_gmt":"2017-09-05T22:00:00","guid":{"rendered":"https:\/\/www.salvador-dali.org\/fundacio-dali\/noticia\/salvador-dali-no-es-el-pare-de-pilar-abel\/"},"modified":"2025-06-26T10:11:25","modified_gmt":"2025-06-26T08:11:25","slug":"salvador-dali-no-es-el-padre-de-pilar-abel","status":"publish","type":"noticia","link":"https:\/\/www.salvador-dali.org\/es\/fundacion-dali\/noticia\/salvador-dali-no-es-el-padre-de-pilar-abel\/","title":{"rendered":"Salvador Dal\u00ed no es el padre de Pilar Abel"},"content":{"rendered":"<p>La Fundaci\u00f3 Gala-Salvador Dal\u00ed informa de que ha recibido los resultados de las pruebas de ADN de Salvador Dal\u00ed que demuestran que Pilar Abel <strong>no<\/strong> es hija biol\u00f3gica de Salvador Dal\u00ed.<\/p>\n<p>El Juzgado de 1\u00aa Instancia n\u00ba 11 de Madrid ha dado traslado a los letrados de la Fundaci\u00f3 Gala-Salvador Dal\u00ed (el despacho Roca Junyent) del dictamen emitido por el Instituto Nacional de Toxicolog\u00eda y Ciencias Forenses en el que, tras analizar las muestras biol\u00f3gicas de Pilar Abel Mart\u00ednez y las obtenidas en la exhumaci\u00f3n de los restos mortales de Salvador Dal\u00ed, concluye que los resultados obtenidos \u00ab<em>permiten excluir a Salvador Dal\u00ed como padre biol\u00f3gico de Mar\u00eda Pilar Abel Mart\u00ednez<\/em>\u00ab.<\/p>\n<p>Esta conclusi\u00f3n no es ninguna sorpresa para la Fundaci\u00f3n, puesto que en ning\u00fan momento ha habido indicio alguno de la veracidad de una pretendida paternidad. La inusual e injustificada decisi\u00f3n judicial de practicar la exhumaci\u00f3n se confirma como totalmente inadecuada y desproporcionada, poniendo en evidencia su total improcedencia y la inutilidad de los costes y perjuicios de todo tipo que ha ocasionado, respecto a los cuales la Fundaci\u00f3n reitera la expresa reserva de acciones.<\/p>\n<p>La Fundaci\u00f3n se alegra de que con este dictamen se ponga fin a una absurda y artificial pol\u00e9mica, y de que la figura de Salvador Dal\u00ed quede definitivamente excluida de unas pretensiones totalmente infundadas. La Fundaci\u00f3n Dal\u00ed se alegra asimismo de poder centrarse de nuevo en la gesti\u00f3n de su extraordinario legado art\u00edstico y en la divulgaci\u00f3n de la obra y la figura de Salvador Dal\u00ed.<\/p>\n<p>Pr\u00f3ximamente se restituir\u00e1n los restos mortales de Salvador Dal\u00ed. Se informar\u00e1 oportunamente cuando est\u00e9n reubicados.<\/p>\n<p>No se har\u00e1n declaraciones.<\/p>\n","protected":false},"excerpt":{"rendered":"<p>La Fundaci\u00f3 Gala-Salvador Dal\u00ed informa de que ha recibido los resultados de las pruebas de ADN de Salvador Dal\u00ed que demuestran que Pilar Abel no es hija biol\u00f3gica de Salvador Dal\u00ed. El Juzgado de 1\u00aa Instancia n\u00ba 11 de Madrid ha dado traslado a los letrados de la Fundaci\u00f3 Gala-Salvador Dal\u00ed (el despacho Roca Junyent) [&hellip;]<\/p>\n","protected":false},"featured_media":5360,"menu_order":0,"template":"","format":"standard","meta":{"_acf_changed":false,"_coblocks_attr":"","_coblocks_dimensions":"","_coblocks_responsive_height":"","_coblocks_accordion_ie_support":""},"categoria-actualitat":[118],"class_list":["post-8825","noticia","type-noticia","status-publish","format-standard","has-post-thumbnail","hentry","categoria-actualitat-fundacion-gala-salvador-dali"],"acf":[],"yoast_head":"<!-- This site is optimized with the Yoast SEO plugin v27.5 - https:\/\/yoast.com\/product\/yoast-seo-wordpress\/ -->\n<title>Salvador Dal\u00ed no es el padre de Pilar Abel - Fundaci\u00f3 Gala - Salvador Dal\u00ed<\/title>\n<meta name=\"robots\" content=\"index, follow, max-snippet:-1, max-image-preview:large, max-video-preview:-1\" \/>\n<link rel=\"canonical\" href=\"https:\/\/www.salvador-dali.org\/es\/fundacion-dali\/noticia\/salvador-dali-no-es-el-padre-de-pilar-abel\/\" \/>\n<meta property=\"og:locale\" content=\"es_ES\" \/>\n<meta property=\"og:type\" content=\"article\" \/>\n<meta property=\"og:title\" content=\"Salvador Dal\u00ed no es el padre de Pilar Abel - Fundaci\u00f3 Gala - Salvador Dal\u00ed\" \/>\n<meta property=\"og:description\" content=\"La Fundaci\u00f3 Gala-Salvador Dal\u00ed informa de que ha recibido los resultados de las pruebas de ADN de Salvador Dal\u00ed que demuestran que Pilar Abel no es hija biol\u00f3gica de Salvador Dal\u00ed. El Juzgado de 1\u00aa Instancia n\u00ba 11 de Madrid ha dado traslado a los letrados de la Fundaci\u00f3 Gala-Salvador Dal\u00ed (el despacho Roca Junyent) [&hellip;]\" \/>\n<meta property=\"og:url\" content=\"https:\/\/www.salvador-dali.org\/es\/fundacion-dali\/noticia\/salvador-dali-no-es-el-padre-de-pilar-abel\/\" \/>\n<meta property=\"og:site_name\" content=\"Fundaci\u00f3 Gala - Salvador Dal\u00ed\" \/>\n<meta property=\"article:publisher\" content=\"https:\/\/www.facebook.com\/MuseusDali\" \/>\n<meta property=\"article:modified_time\" content=\"2025-06-26T08:11:25+00:00\" \/>\n<meta property=\"og:image\" content=\"https:\/\/www.salvador-dali.org\/wp-content\/uploads\/2025\/05\/5079_150471731177_1024.jpg\" \/>\n\t<meta property=\"og:image:width\" content=\"925\" \/>\n\t<meta property=\"og:image:height\" content=\"1405\" \/>\n\t<meta property=\"og:image:type\" content=\"image\/jpeg\" \/>\n<meta name=\"twitter:card\" content=\"summary_large_image\" \/>\n<meta name=\"twitter:site\" content=\"@MuseuDali\" \/>\n<meta name=\"twitter:label1\" content=\"Tiempo de lectura\" \/>\n\t<meta name=\"twitter:data1\" content=\"1 minuto\" \/>\n<script type=\"application\/ld+json\" class=\"yoast-schema-graph\">{\"@context\":\"https:\\\/\\\/schema.org\",\"@graph\":[{\"@type\":\"WebPage\",\"@id\":\"https:\\\/\\\/www.salvador-dali.org\\\/es\\\/fundacion-dali\\\/noticia\\\/salvador-dali-no-es-el-padre-de-pilar-abel\\\/\",\"url\":\"https:\\\/\\\/www.salvador-dali.org\\\/es\\\/fundacion-dali\\\/noticia\\\/salvador-dali-no-es-el-padre-de-pilar-abel\\\/\",\"name\":\"Salvador Dal\u00ed no es el padre de Pilar Abel - Fundaci\u00f3 Gala - Salvador Dal\u00ed\",\"isPartOf\":{\"@id\":\"https:\\\/\\\/www.salvador-dali.org\\\/es\\\/#website\"},\"primaryImageOfPage\":{\"@id\":\"https:\\\/\\\/www.salvador-dali.org\\\/es\\\/fundacion-dali\\\/noticia\\\/salvador-dali-no-es-el-padre-de-pilar-abel\\\/#primaryimage\"},\"image\":{\"@id\":\"https:\\\/\\\/www.salvador-dali.org\\\/es\\\/fundacion-dali\\\/noticia\\\/salvador-dali-no-es-el-padre-de-pilar-abel\\\/#primaryimage\"},\"thumbnailUrl\":\"https:\\\/\\\/www.salvador-dali.org\\\/wp-content\\\/uploads\\\/2025\\\/05\\\/5079_150471731177_1024.jpg\",\"datePublished\":\"2017-09-05T22:00:00+00:00\",\"dateModified\":\"2025-06-26T08:11:25+00:00\",\"breadcrumb\":{\"@id\":\"https:\\\/\\\/www.salvador-dali.org\\\/es\\\/fundacion-dali\\\/noticia\\\/salvador-dali-no-es-el-padre-de-pilar-abel\\\/#breadcrumb\"},\"inLanguage\":\"es\",\"potentialAction\":[{\"@type\":\"ReadAction\",\"target\":[\"https:\\\/\\\/www.salvador-dali.org\\\/es\\\/fundacion-dali\\\/noticia\\\/salvador-dali-no-es-el-padre-de-pilar-abel\\\/\"]}]},{\"@type\":\"ImageObject\",\"inLanguage\":\"es\",\"@id\":\"https:\\\/\\\/www.salvador-dali.org\\\/es\\\/fundacion-dali\\\/noticia\\\/salvador-dali-no-es-el-padre-de-pilar-abel\\\/#primaryimage\",\"url\":\"https:\\\/\\\/www.salvador-dali.org\\\/wp-content\\\/uploads\\\/2025\\\/05\\\/5079_150471731177_1024.jpg\",\"contentUrl\":\"https:\\\/\\\/www.salvador-dali.org\\\/wp-content\\\/uploads\\\/2025\\\/05\\\/5079_150471731177_1024.jpg\",\"width\":925,\"height\":1405,\"caption\":\"Salvador Dal\u00ed retratado por Ricardo Sans\"},{\"@type\":\"BreadcrumbList\",\"@id\":\"https:\\\/\\\/www.salvador-dali.org\\\/es\\\/fundacion-dali\\\/noticia\\\/salvador-dali-no-es-el-padre-de-pilar-abel\\\/#breadcrumb\",\"itemListElement\":[{\"@type\":\"ListItem\",\"position\":1,\"name\":\"Inici\",\"item\":\"https:\\\/\\\/www.salvador-dali.org\\\/es\\\/\"},{\"@type\":\"ListItem\",\"position\":2,\"name\":\"Salvador Dal\u00ed no es el padre de Pilar Abel\"}]},{\"@type\":\"WebSite\",\"@id\":\"https:\\\/\\\/www.salvador-dali.org\\\/es\\\/#website\",\"url\":\"https:\\\/\\\/www.salvador-dali.org\\\/es\\\/\",\"name\":\"Fundaci\u00f3 Gala - Salvador Dal\u00ed\",\"description\":\"\",\"publisher\":{\"@id\":\"https:\\\/\\\/www.salvador-dali.org\\\/es\\\/#organization\"},\"potentialAction\":[{\"@type\":\"SearchAction\",\"target\":{\"@type\":\"EntryPoint\",\"urlTemplate\":\"https:\\\/\\\/www.salvador-dali.org\\\/es\\\/?s={search_term_string}\"},\"query-input\":{\"@type\":\"PropertyValueSpecification\",\"valueRequired\":true,\"valueName\":\"search_term_string\"}}],\"inLanguage\":\"es\"},{\"@type\":\"Organization\",\"@id\":\"https:\\\/\\\/www.salvador-dali.org\\\/es\\\/#organization\",\"name\":\"Fundaci\u00f3 Gala - Salvador Dal\u00ed\",\"url\":\"https:\\\/\\\/www.salvador-dali.org\\\/es\\\/\",\"logo\":{\"@type\":\"ImageObject\",\"inLanguage\":\"es\",\"@id\":\"https:\\\/\\\/www.salvador-dali.org\\\/es\\\/#\\\/schema\\\/logo\\\/image\\\/\",\"url\":\"https:\\\/\\\/www.salvador-dali.org\\\/wp-content\\\/uploads\\\/2025\\\/04\\\/fundacio-gala-salvador-dali.png\",\"contentUrl\":\"https:\\\/\\\/www.salvador-dali.org\\\/wp-content\\\/uploads\\\/2025\\\/04\\\/fundacio-gala-salvador-dali.png\",\"width\":240,\"height\":240,\"caption\":\"Fundaci\u00f3 Gala - Salvador Dal\u00ed\"},\"image\":{\"@id\":\"https:\\\/\\\/www.salvador-dali.org\\\/es\\\/#\\\/schema\\\/logo\\\/image\\\/\"},\"sameAs\":[\"https:\\\/\\\/www.facebook.com\\\/MuseusDali\",\"https:\\\/\\\/x.com\\\/MuseuDali\",\"https:\\\/\\\/www.youtube.com\\\/user\\\/FundacioDali\",\"https:\\\/\\\/www.flickr.com\\\/fundacio_dali\\\/\",\"https:\\\/\\\/instagram.com\\\/museudali\"]}]}<\/script>\n<!-- \/ Yoast SEO plugin. -->","yoast_head_json":{"title":"Salvador Dal\u00ed no es el padre de Pilar Abel - Fundaci\u00f3 Gala - Salvador Dal\u00ed","robots":{"index":"index","follow":"follow","max-snippet":"max-snippet:-1","max-image-preview":"max-image-preview:large","max-video-preview":"max-video-preview:-1"},"canonical":"https:\/\/www.salvador-dali.org\/es\/fundacion-dali\/noticia\/salvador-dali-no-es-el-padre-de-pilar-abel\/","og_locale":"es_ES","og_type":"article","og_title":"Salvador Dal\u00ed no es el padre de Pilar Abel - Fundaci\u00f3 Gala - Salvador Dal\u00ed","og_description":"La Fundaci\u00f3 Gala-Salvador Dal\u00ed informa de que ha recibido los resultados de las pruebas de ADN de Salvador Dal\u00ed que demuestran que Pilar Abel no es hija biol\u00f3gica de Salvador Dal\u00ed. El Juzgado de 1\u00aa Instancia n\u00ba 11 de Madrid ha dado traslado a los letrados de la Fundaci\u00f3 Gala-Salvador Dal\u00ed (el despacho Roca Junyent) [&hellip;]","og_url":"https:\/\/www.salvador-dali.org\/es\/fundacion-dali\/noticia\/salvador-dali-no-es-el-padre-de-pilar-abel\/","og_site_name":"Fundaci\u00f3 Gala - Salvador Dal\u00ed","article_publisher":"https:\/\/www.facebook.com\/MuseusDali","article_modified_time":"2025-06-26T08:11:25+00:00","og_image":[{"width":925,"height":1405,"url":"https:\/\/www.salvador-dali.org\/wp-content\/uploads\/2025\/05\/5079_150471731177_1024.jpg","type":"image\/jpeg"}],"twitter_card":"summary_large_image","twitter_site":"@MuseuDali","twitter_misc":{"Tiempo de lectura":"1 minuto"},"schema":{"@context":"https:\/\/schema.org","@graph":[{"@type":"WebPage","@id":"https:\/\/www.salvador-dali.org\/es\/fundacion-dali\/noticia\/salvador-dali-no-es-el-padre-de-pilar-abel\/","url":"https:\/\/www.salvador-dali.org\/es\/fundacion-dali\/noticia\/salvador-dali-no-es-el-padre-de-pilar-abel\/","name":"Salvador Dal\u00ed no es el padre de Pilar Abel - Fundaci\u00f3 Gala - Salvador Dal\u00ed","isPartOf":{"@id":"https:\/\/www.salvador-dali.org\/es\/#website"},"primaryImageOfPage":{"@id":"https:\/\/www.salvador-dali.org\/es\/fundacion-dali\/noticia\/salvador-dali-no-es-el-padre-de-pilar-abel\/#primaryimage"},"image":{"@id":"https:\/\/www.salvador-dali.org\/es\/fundacion-dali\/noticia\/salvador-dali-no-es-el-padre-de-pilar-abel\/#primaryimage"},"thumbnailUrl":"https:\/\/www.salvador-dali.org\/wp-content\/uploads\/2025\/05\/5079_150471731177_1024.jpg","datePublished":"2017-09-05T22:00:00+00:00","dateModified":"2025-06-26T08:11:25+00:00","breadcrumb":{"@id":"https:\/\/www.salvador-dali.org\/es\/fundacion-dali\/noticia\/salvador-dali-no-es-el-padre-de-pilar-abel\/#breadcrumb"},"inLanguage":"es","potentialAction":[{"@type":"ReadAction","target":["https:\/\/www.salvador-dali.org\/es\/fundacion-dali\/noticia\/salvador-dali-no-es-el-padre-de-pilar-abel\/"]}]},{"@type":"ImageObject","inLanguage":"es","@id":"https:\/\/www.salvador-dali.org\/es\/fundacion-dali\/noticia\/salvador-dali-no-es-el-padre-de-pilar-abel\/#primaryimage","url":"https:\/\/www.salvador-dali.org\/wp-content\/uploads\/2025\/05\/5079_150471731177_1024.jpg","contentUrl":"https:\/\/www.salvador-dali.org\/wp-content\/uploads\/2025\/05\/5079_150471731177_1024.jpg","width":925,"height":1405,"caption":"Salvador Dal\u00ed retratado por Ricardo Sans"},{"@type":"BreadcrumbList","@id":"https:\/\/www.salvador-dali.org\/es\/fundacion-dali\/noticia\/salvador-dali-no-es-el-padre-de-pilar-abel\/#breadcrumb","itemListElement":[{"@type":"ListItem","position":1,"name":"Inici","item":"https:\/\/www.salvador-dali.org\/es\/"},{"@type":"ListItem","position":2,"name":"Salvador Dal\u00ed no es el padre de Pilar Abel"}]},{"@type":"WebSite","@id":"https:\/\/www.salvador-dali.org\/es\/#website","url":"https:\/\/www.salvador-dali.org\/es\/","name":"Fundaci\u00f3 Gala - Salvador Dal\u00ed","description":"","publisher":{"@id":"https:\/\/www.salvador-dali.org\/es\/#organization"},"potentialAction":[{"@type":"SearchAction","target":{"@type":"EntryPoint","urlTemplate":"https:\/\/www.salvador-dali.org\/es\/?s={search_term_string}"},"query-input":{"@type":"PropertyValueSpecification","valueRequired":true,"valueName":"search_term_string"}}],"inLanguage":"es"},{"@type":"Organization","@id":"https:\/\/www.salvador-dali.org\/es\/#organization","name":"Fundaci\u00f3 Gala - Salvador Dal\u00ed","url":"https:\/\/www.salvador-dali.org\/es\/","logo":{"@type":"ImageObject","inLanguage":"es","@id":"https:\/\/www.salvador-dali.org\/es\/#\/schema\/logo\/image\/","url":"https:\/\/www.salvador-dali.org\/wp-content\/uploads\/2025\/04\/fundacio-gala-salvador-dali.png","contentUrl":"https:\/\/www.salvador-dali.org\/wp-content\/uploads\/2025\/04\/fundacio-gala-salvador-dali.png","width":240,"height":240,"caption":"Fundaci\u00f3 Gala - Salvador Dal\u00ed"},"image":{"@id":"https:\/\/www.salvador-dali.org\/es\/#\/schema\/logo\/image\/"},"sameAs":["https:\/\/www.facebook.com\/MuseusDali","https:\/\/x.com\/MuseuDali","https:\/\/www.youtube.com\/user\/FundacioDali","https:\/\/www.flickr.com\/fundacio_dali\/","https:\/\/instagram.com\/museudali"]}]}},"_links":{"self":[{"href":"https:\/\/www.salvador-dali.org\/es\/wp-json\/wp\/v2\/noticia\/8825","targetHints":{"allow":["GET"]}}],"collection":[{"href":"https:\/\/www.salvador-dali.org\/es\/wp-json\/wp\/v2\/noticia"}],"about":[{"href":"https:\/\/www.salvador-dali.org\/es\/wp-json\/wp\/v2\/types\/noticia"}],"wp:featuredmedia":[{"embeddable":true,"href":"https:\/\/www.salvador-dali.org\/es\/wp-json\/wp\/v2\/media\/5360"}],"wp:attachment":[{"href":"https:\/\/www.salvador-dali.org\/es\/wp-json\/wp\/v2\/media?parent=8825"}],"wp:term":[{"taxonomy":"categoria-actualitat","embeddable":true,"href":"https:\/\/www.salvador-dali.org\/es\/wp-json\/wp\/v2\/categoria-actualitat?post=8825"}],"curies":[{"name":"wp","href":"https:\/\/api.w.org\/{rel}","templated":true}]}}