{"id":8936,"date":"2016-02-12T00:00:00","date_gmt":"2016-02-11T22:00:00","guid":{"rendered":"https:\/\/www.salvador-dali.org\/fundacio-dali\/noticia\/la-casa-dali-de-portlligat-reobre-les-seves-portes\/"},"modified":"2025-06-26T10:11:27","modified_gmt":"2025-06-26T08:11:27","slug":"la-casa-dali-de-portlligat-reabre-sus-puertas","status":"publish","type":"noticia","link":"https:\/\/www.salvador-dali.org\/es\/fundacion-dali\/noticia\/la-casa-dali-de-portlligat-reabre-sus-puertas\/","title":{"rendered":"La Casa Dal\u00ed de Portlligat reabre sus puertas"},"content":{"rendered":"<p>El d\u00eda 12 de febrero\u00a0la Casa Salvador Dal\u00ed de <strong>Portlligat <\/strong>ha reabierto\u00a0sus puertas despu\u00e9s del mes de cierre habitual.<\/p>\n<p><a href=\"\/museus\/casa-salvador-dali-portlligat\/es_index\/\">Aqu\u00ed <\/a>encontrar\u00e9is\u00a0informaci\u00f3n sobre horarios\u00a0y precios\u00a0y podr\u00e9is hacer la reserva para visitarla.<\/p>\n<p>Recordamos\u00a0que la casa\u00a0ampli\u00f3 el espacio visitable\u00a0de 2.400 m\u00b2\u00a0en la zona del olivar. Gracias a la recuperaci\u00f3n\u00a0y rehabilitaci\u00f3n llevada\u00a0 a cabo por la Fundaci\u00f3n en este olivar, el circuito de visita a la casa-museo se ampl\u00eda en 167 metros lineales del recorrido de sus patios\u00a0y jardines, se crea un nuevo \u00e1mbito para audiovisuales\u00a0y actividades pedag\u00f3gicas\u00a0y se habilita un mirador sobre la bah\u00eda de Portlligat\u00a0con diversas zonas de descanso para la contemplaci\u00f3n\u00a0y disfrute del paisaje.<\/p>\n","protected":false},"excerpt":{"rendered":"<p>El d\u00eda 12 de febrero\u00a0la Casa Salvador Dal\u00ed de Portlligat ha reabierto\u00a0sus puertas despu\u00e9s del mes de cierre habitual. Aqu\u00ed encontrar\u00e9is\u00a0informaci\u00f3n sobre horarios\u00a0y precios\u00a0y podr\u00e9is hacer la reserva para visitarla. Recordamos\u00a0que la casa\u00a0ampli\u00f3 el espacio visitable\u00a0de 2.400 m\u00b2\u00a0en la zona del olivar. Gracias a la recuperaci\u00f3n\u00a0y rehabilitaci\u00f3n llevada\u00a0 a cabo por la Fundaci\u00f3n en este [&hellip;]<\/p>\n","protected":false},"featured_media":5157,"menu_order":0,"template":"","format":"standard","meta":{"_acf_changed":false,"_coblocks_attr":"","_coblocks_dimensions":"","_coblocks_responsive_height":"","_coblocks_accordion_ie_support":""},"categoria-actualitat":[119],"class_list":["post-8936","noticia","type-noticia","status-publish","format-standard","has-post-thumbnail","hentry","categoria-actualitat-museos"],"acf":[],"yoast_head":"<!-- This site is optimized with the Yoast SEO plugin v27.4 - https:\/\/yoast.com\/product\/yoast-seo-wordpress\/ -->\n<title>La Casa Dal\u00ed de Portlligat reabre sus puertas - Fundaci\u00f3 Gala - Salvador Dal\u00ed<\/title>\n<meta name=\"robots\" content=\"index, follow, max-snippet:-1, max-image-preview:large, max-video-preview:-1\" \/>\n<link rel=\"canonical\" href=\"https:\/\/www.salvador-dali.org\/es\/fundacion-dali\/noticia\/la-casa-dali-de-portlligat-reabre-sus-puertas\/\" \/>\n<meta property=\"og:locale\" content=\"es_ES\" \/>\n<meta property=\"og:type\" content=\"article\" \/>\n<meta property=\"og:title\" content=\"La Casa Dal\u00ed de Portlligat reabre sus puertas - Fundaci\u00f3 Gala - Salvador Dal\u00ed\" \/>\n<meta property=\"og:description\" content=\"El d\u00eda 12 de febrero\u00a0la Casa Salvador Dal\u00ed de Portlligat ha reabierto\u00a0sus puertas despu\u00e9s del mes de cierre habitual. Aqu\u00ed encontrar\u00e9is\u00a0informaci\u00f3n sobre horarios\u00a0y precios\u00a0y podr\u00e9is hacer la reserva para visitarla. Recordamos\u00a0que la casa\u00a0ampli\u00f3 el espacio visitable\u00a0de 2.400 m\u00b2\u00a0en la zona del olivar. Gracias a la recuperaci\u00f3n\u00a0y rehabilitaci\u00f3n llevada\u00a0 a cabo por la Fundaci\u00f3n en este [&hellip;]\" \/>\n<meta property=\"og:url\" content=\"https:\/\/www.salvador-dali.org\/es\/fundacion-dali\/noticia\/la-casa-dali-de-portlligat-reabre-sus-puertas\/\" \/>\n<meta property=\"og:site_name\" content=\"Fundaci\u00f3 Gala - Salvador Dal\u00ed\" \/>\n<meta property=\"article:publisher\" content=\"https:\/\/www.facebook.com\/MuseusDali\" \/>\n<meta property=\"article:modified_time\" content=\"2025-06-26T08:11:27+00:00\" \/>\n<meta property=\"og:image\" content=\"https:\/\/www.salvador-dali.org\/wp-content\/uploads\/2025\/05\/pll1_1455618158_1024.jpg\" \/>\n\t<meta property=\"og:image:width\" content=\"1024\" \/>\n\t<meta property=\"og:image:height\" content=\"680\" \/>\n\t<meta property=\"og:image:type\" content=\"image\/jpeg\" \/>\n<meta name=\"twitter:card\" content=\"summary_large_image\" \/>\n<meta name=\"twitter:site\" content=\"@MuseuDali\" \/>\n<meta name=\"twitter:label1\" content=\"Tiempo de lectura\" \/>\n\t<meta name=\"twitter:data1\" content=\"1 minuto\" \/>\n<script type=\"application\/ld+json\" class=\"yoast-schema-graph\">{\"@context\":\"https:\\\/\\\/schema.org\",\"@graph\":[{\"@type\":\"WebPage\",\"@id\":\"https:\\\/\\\/www.salvador-dali.org\\\/es\\\/fundacion-dali\\\/noticia\\\/la-casa-dali-de-portlligat-reabre-sus-puertas\\\/\",\"url\":\"https:\\\/\\\/www.salvador-dali.org\\\/es\\\/fundacion-dali\\\/noticia\\\/la-casa-dali-de-portlligat-reabre-sus-puertas\\\/\",\"name\":\"La Casa Dal\u00ed de Portlligat reabre sus puertas - Fundaci\u00f3 Gala - Salvador Dal\u00ed\",\"isPartOf\":{\"@id\":\"https:\\\/\\\/www.salvador-dali.org\\\/es\\\/#website\"},\"primaryImageOfPage\":{\"@id\":\"https:\\\/\\\/www.salvador-dali.org\\\/es\\\/fundacion-dali\\\/noticia\\\/la-casa-dali-de-portlligat-reabre-sus-puertas\\\/#primaryimage\"},\"image\":{\"@id\":\"https:\\\/\\\/www.salvador-dali.org\\\/es\\\/fundacion-dali\\\/noticia\\\/la-casa-dali-de-portlligat-reabre-sus-puertas\\\/#primaryimage\"},\"thumbnailUrl\":\"https:\\\/\\\/www.salvador-dali.org\\\/wp-content\\\/uploads\\\/2025\\\/05\\\/pll1_1455618158_1024.jpg\",\"datePublished\":\"2016-02-11T22:00:00+00:00\",\"dateModified\":\"2025-06-26T08:11:27+00:00\",\"breadcrumb\":{\"@id\":\"https:\\\/\\\/www.salvador-dali.org\\\/es\\\/fundacion-dali\\\/noticia\\\/la-casa-dali-de-portlligat-reabre-sus-puertas\\\/#breadcrumb\"},\"inLanguage\":\"es\",\"potentialAction\":[{\"@type\":\"ReadAction\",\"target\":[\"https:\\\/\\\/www.salvador-dali.org\\\/es\\\/fundacion-dali\\\/noticia\\\/la-casa-dali-de-portlligat-reabre-sus-puertas\\\/\"]}]},{\"@type\":\"ImageObject\",\"inLanguage\":\"es\",\"@id\":\"https:\\\/\\\/www.salvador-dali.org\\\/es\\\/fundacion-dali\\\/noticia\\\/la-casa-dali-de-portlligat-reabre-sus-puertas\\\/#primaryimage\",\"url\":\"https:\\\/\\\/www.salvador-dali.org\\\/wp-content\\\/uploads\\\/2025\\\/05\\\/pll1_1455618158_1024.jpg\",\"contentUrl\":\"https:\\\/\\\/www.salvador-dali.org\\\/wp-content\\\/uploads\\\/2025\\\/05\\\/pll1_1455618158_1024.jpg\",\"width\":1024,\"height\":680,\"caption\":\"La Casa-Museo Dal\u00ed de Portlligat\"},{\"@type\":\"BreadcrumbList\",\"@id\":\"https:\\\/\\\/www.salvador-dali.org\\\/es\\\/fundacion-dali\\\/noticia\\\/la-casa-dali-de-portlligat-reabre-sus-puertas\\\/#breadcrumb\",\"itemListElement\":[{\"@type\":\"ListItem\",\"position\":1,\"name\":\"Inici\",\"item\":\"https:\\\/\\\/www.salvador-dali.org\\\/es\\\/\"},{\"@type\":\"ListItem\",\"position\":2,\"name\":\"La Casa Dal\u00ed de Portlligat reabre sus puertas\"}]},{\"@type\":\"WebSite\",\"@id\":\"https:\\\/\\\/www.salvador-dali.org\\\/es\\\/#website\",\"url\":\"https:\\\/\\\/www.salvador-dali.org\\\/es\\\/\",\"name\":\"Fundaci\u00f3 Gala - Salvador Dal\u00ed\",\"description\":\"\",\"publisher\":{\"@id\":\"https:\\\/\\\/www.salvador-dali.org\\\/es\\\/#organization\"},\"potentialAction\":[{\"@type\":\"SearchAction\",\"target\":{\"@type\":\"EntryPoint\",\"urlTemplate\":\"https:\\\/\\\/www.salvador-dali.org\\\/es\\\/?s={search_term_string}\"},\"query-input\":{\"@type\":\"PropertyValueSpecification\",\"valueRequired\":true,\"valueName\":\"search_term_string\"}}],\"inLanguage\":\"es\"},{\"@type\":\"Organization\",\"@id\":\"https:\\\/\\\/www.salvador-dali.org\\\/es\\\/#organization\",\"name\":\"Fundaci\u00f3 Gala - Salvador Dal\u00ed\",\"url\":\"https:\\\/\\\/www.salvador-dali.org\\\/es\\\/\",\"logo\":{\"@type\":\"ImageObject\",\"inLanguage\":\"es\",\"@id\":\"https:\\\/\\\/www.salvador-dali.org\\\/es\\\/#\\\/schema\\\/logo\\\/image\\\/\",\"url\":\"https:\\\/\\\/www.salvador-dali.org\\\/wp-content\\\/uploads\\\/2025\\\/04\\\/fundacio-gala-salvador-dali.png\",\"contentUrl\":\"https:\\\/\\\/www.salvador-dali.org\\\/wp-content\\\/uploads\\\/2025\\\/04\\\/fundacio-gala-salvador-dali.png\",\"width\":240,\"height\":240,\"caption\":\"Fundaci\u00f3 Gala - Salvador Dal\u00ed\"},\"image\":{\"@id\":\"https:\\\/\\\/www.salvador-dali.org\\\/es\\\/#\\\/schema\\\/logo\\\/image\\\/\"},\"sameAs\":[\"https:\\\/\\\/www.facebook.com\\\/MuseusDali\",\"https:\\\/\\\/x.com\\\/MuseuDali\",\"https:\\\/\\\/www.youtube.com\\\/user\\\/FundacioDali\",\"https:\\\/\\\/www.flickr.com\\\/fundacio_dali\\\/\",\"https:\\\/\\\/instagram.com\\\/museudali\"]}]}<\/script>\n<!-- \/ Yoast SEO plugin. -->","yoast_head_json":{"title":"La Casa Dal\u00ed de Portlligat reabre sus puertas - Fundaci\u00f3 Gala - Salvador Dal\u00ed","robots":{"index":"index","follow":"follow","max-snippet":"max-snippet:-1","max-image-preview":"max-image-preview:large","max-video-preview":"max-video-preview:-1"},"canonical":"https:\/\/www.salvador-dali.org\/es\/fundacion-dali\/noticia\/la-casa-dali-de-portlligat-reabre-sus-puertas\/","og_locale":"es_ES","og_type":"article","og_title":"La Casa Dal\u00ed de Portlligat reabre sus puertas - Fundaci\u00f3 Gala - Salvador Dal\u00ed","og_description":"El d\u00eda 12 de febrero\u00a0la Casa Salvador Dal\u00ed de Portlligat ha reabierto\u00a0sus puertas despu\u00e9s del mes de cierre habitual. Aqu\u00ed encontrar\u00e9is\u00a0informaci\u00f3n sobre horarios\u00a0y precios\u00a0y podr\u00e9is hacer la reserva para visitarla. Recordamos\u00a0que la casa\u00a0ampli\u00f3 el espacio visitable\u00a0de 2.400 m\u00b2\u00a0en la zona del olivar. Gracias a la recuperaci\u00f3n\u00a0y rehabilitaci\u00f3n llevada\u00a0 a cabo por la Fundaci\u00f3n en este [&hellip;]","og_url":"https:\/\/www.salvador-dali.org\/es\/fundacion-dali\/noticia\/la-casa-dali-de-portlligat-reabre-sus-puertas\/","og_site_name":"Fundaci\u00f3 Gala - Salvador Dal\u00ed","article_publisher":"https:\/\/www.facebook.com\/MuseusDali","article_modified_time":"2025-06-26T08:11:27+00:00","og_image":[{"width":1024,"height":680,"url":"https:\/\/www.salvador-dali.org\/wp-content\/uploads\/2025\/05\/pll1_1455618158_1024.jpg","type":"image\/jpeg"}],"twitter_card":"summary_large_image","twitter_site":"@MuseuDali","twitter_misc":{"Tiempo de lectura":"1 minuto"},"schema":{"@context":"https:\/\/schema.org","@graph":[{"@type":"WebPage","@id":"https:\/\/www.salvador-dali.org\/es\/fundacion-dali\/noticia\/la-casa-dali-de-portlligat-reabre-sus-puertas\/","url":"https:\/\/www.salvador-dali.org\/es\/fundacion-dali\/noticia\/la-casa-dali-de-portlligat-reabre-sus-puertas\/","name":"La Casa Dal\u00ed de Portlligat reabre sus puertas - Fundaci\u00f3 Gala - Salvador Dal\u00ed","isPartOf":{"@id":"https:\/\/www.salvador-dali.org\/es\/#website"},"primaryImageOfPage":{"@id":"https:\/\/www.salvador-dali.org\/es\/fundacion-dali\/noticia\/la-casa-dali-de-portlligat-reabre-sus-puertas\/#primaryimage"},"image":{"@id":"https:\/\/www.salvador-dali.org\/es\/fundacion-dali\/noticia\/la-casa-dali-de-portlligat-reabre-sus-puertas\/#primaryimage"},"thumbnailUrl":"https:\/\/www.salvador-dali.org\/wp-content\/uploads\/2025\/05\/pll1_1455618158_1024.jpg","datePublished":"2016-02-11T22:00:00+00:00","dateModified":"2025-06-26T08:11:27+00:00","breadcrumb":{"@id":"https:\/\/www.salvador-dali.org\/es\/fundacion-dali\/noticia\/la-casa-dali-de-portlligat-reabre-sus-puertas\/#breadcrumb"},"inLanguage":"es","potentialAction":[{"@type":"ReadAction","target":["https:\/\/www.salvador-dali.org\/es\/fundacion-dali\/noticia\/la-casa-dali-de-portlligat-reabre-sus-puertas\/"]}]},{"@type":"ImageObject","inLanguage":"es","@id":"https:\/\/www.salvador-dali.org\/es\/fundacion-dali\/noticia\/la-casa-dali-de-portlligat-reabre-sus-puertas\/#primaryimage","url":"https:\/\/www.salvador-dali.org\/wp-content\/uploads\/2025\/05\/pll1_1455618158_1024.jpg","contentUrl":"https:\/\/www.salvador-dali.org\/wp-content\/uploads\/2025\/05\/pll1_1455618158_1024.jpg","width":1024,"height":680,"caption":"La Casa-Museo Dal\u00ed de Portlligat"},{"@type":"BreadcrumbList","@id":"https:\/\/www.salvador-dali.org\/es\/fundacion-dali\/noticia\/la-casa-dali-de-portlligat-reabre-sus-puertas\/#breadcrumb","itemListElement":[{"@type":"ListItem","position":1,"name":"Inici","item":"https:\/\/www.salvador-dali.org\/es\/"},{"@type":"ListItem","position":2,"name":"La Casa Dal\u00ed de Portlligat reabre sus puertas"}]},{"@type":"WebSite","@id":"https:\/\/www.salvador-dali.org\/es\/#website","url":"https:\/\/www.salvador-dali.org\/es\/","name":"Fundaci\u00f3 Gala - Salvador Dal\u00ed","description":"","publisher":{"@id":"https:\/\/www.salvador-dali.org\/es\/#organization"},"potentialAction":[{"@type":"SearchAction","target":{"@type":"EntryPoint","urlTemplate":"https:\/\/www.salvador-dali.org\/es\/?s={search_term_string}"},"query-input":{"@type":"PropertyValueSpecification","valueRequired":true,"valueName":"search_term_string"}}],"inLanguage":"es"},{"@type":"Organization","@id":"https:\/\/www.salvador-dali.org\/es\/#organization","name":"Fundaci\u00f3 Gala - Salvador Dal\u00ed","url":"https:\/\/www.salvador-dali.org\/es\/","logo":{"@type":"ImageObject","inLanguage":"es","@id":"https:\/\/www.salvador-dali.org\/es\/#\/schema\/logo\/image\/","url":"https:\/\/www.salvador-dali.org\/wp-content\/uploads\/2025\/04\/fundacio-gala-salvador-dali.png","contentUrl":"https:\/\/www.salvador-dali.org\/wp-content\/uploads\/2025\/04\/fundacio-gala-salvador-dali.png","width":240,"height":240,"caption":"Fundaci\u00f3 Gala - Salvador Dal\u00ed"},"image":{"@id":"https:\/\/www.salvador-dali.org\/es\/#\/schema\/logo\/image\/"},"sameAs":["https:\/\/www.facebook.com\/MuseusDali","https:\/\/x.com\/MuseuDali","https:\/\/www.youtube.com\/user\/FundacioDali","https:\/\/www.flickr.com\/fundacio_dali\/","https:\/\/instagram.com\/museudali"]}]}},"_links":{"self":[{"href":"https:\/\/www.salvador-dali.org\/es\/wp-json\/wp\/v2\/noticia\/8936","targetHints":{"allow":["GET"]}}],"collection":[{"href":"https:\/\/www.salvador-dali.org\/es\/wp-json\/wp\/v2\/noticia"}],"about":[{"href":"https:\/\/www.salvador-dali.org\/es\/wp-json\/wp\/v2\/types\/noticia"}],"wp:featuredmedia":[{"embeddable":true,"href":"https:\/\/www.salvador-dali.org\/es\/wp-json\/wp\/v2\/media\/5157"}],"wp:attachment":[{"href":"https:\/\/www.salvador-dali.org\/es\/wp-json\/wp\/v2\/media?parent=8936"}],"wp:term":[{"taxonomy":"categoria-actualitat","embeddable":true,"href":"https:\/\/www.salvador-dali.org\/es\/wp-json\/wp\/v2\/categoria-actualitat?post=8936"}],"curies":[{"name":"wp","href":"https:\/\/api.w.org\/{rel}","templated":true}]}}