{"id":8963,"date":"2015-08-01T00:00:00","date_gmt":"2015-07-31T22:00:00","guid":{"rendered":"https:\/\/www.salvador-dali.org\/fundacio-dali\/noticia\/per-l-acustiqueta-visita-familiar-al-museu\/"},"modified":"2025-06-26T10:11:28","modified_gmt":"2025-06-26T08:11:28","slug":"durante-la-acustiqueta-visita-familiar-al-museo","status":"publish","type":"noticia","link":"https:\/\/www.salvador-dali.org\/es\/fundacion-dali\/noticia\/durante-la-acustiqueta-visita-familiar-al-museo\/","title":{"rendered":"Durante la Acustiqueta: visita familiar al museo"},"content":{"rendered":"<p><strong>La Acustiqueta: visita familiar<\/strong><\/p>\n<p>En el marco del festival Ac\u00fastica, el Teatro-Museo Dal\u00ed de Figueres propone una visita para compartir en familia, que finalizar\u00e1\u00a0con una peque\u00f1a actividad creativa.<\/p>\n<p><strong>Formato<\/strong>: visita familiar<\/p>\n<p><strong>Lugar<\/strong>: Teatro-Museo Dal\u00ed de Figueres<\/p>\n<p><strong>D\u00edas<\/strong>: 28\u00a0y 29 de agosto <strong>COMPLETO<\/strong><\/p>\n<p><strong>Hora<\/strong>:16:30h<\/p>\n<p><strong>Durada<\/strong>: 1h45&#8242;<\/p>\n<p><strong>Edades recomendadas<\/strong>: ni\u00f1os de 5 a 12 a\u00f1os acompa\u00f1ados de un adulto como m\u00ednimo.<\/p>\n<p><strong>Precios<\/strong>:<br \/>\n&#8211; Entrada al museo: gratuita\u00a0hasta 8 a\u00f1os, 5 \u20ac a partir de 9 a\u00f1os. Gratis para los Amics dels Museus Dal\u00ed.<br \/>\n&#8211; Actividad: 5 \u20ac\/persona (ni\u00f1os\u00a0y adultos).<\/p>\n<p><strong>Localidades limitadas <\/strong>(25 personas\/sesi\u00f3n).<\/p>\n<p><strong>Reservas <\/strong>(a partir del 19 de agosto): <a href=\"mailto:difusio(ELIMINAR)@fundaciodali.org\">difusio(ELIMINAR)@fundaciodali.org<\/a>\u00a0y tel\u00e9fono 972 677 518.<\/p>\n","protected":false},"excerpt":{"rendered":"<p>La Acustiqueta: visita familiar En el marco del festival Ac\u00fastica, el Teatro-Museo Dal\u00ed de Figueres propone una visita para compartir en familia, que finalizar\u00e1\u00a0con una peque\u00f1a actividad creativa. Formato: visita familiar Lugar: Teatro-Museo Dal\u00ed de Figueres D\u00edas: 28\u00a0y 29 de agosto COMPLETO Hora:16:30h Durada: 1h45&#8242; Edades recomendadas: ni\u00f1os de 5 a 12 a\u00f1os acompa\u00f1ados de [&hellip;]<\/p>\n","protected":false},"featured_media":5112,"menu_order":0,"template":"","format":"standard","meta":{"_acf_changed":false,"_coblocks_attr":"","_coblocks_dimensions":"","_coblocks_responsive_height":"","_coblocks_accordion_ie_support":""},"categoria-actualitat":[114,119],"class_list":["post-8963","noticia","type-noticia","status-publish","format-standard","has-post-thumbnail","hentry","categoria-actualitat-actividades","categoria-actualitat-museos"],"acf":[],"yoast_head":"<!-- This site is optimized with the Yoast SEO plugin v27.5 - https:\/\/yoast.com\/product\/yoast-seo-wordpress\/ -->\n<title>Durante la Acustiqueta: visita familiar al museo - Fundaci\u00f3 Gala - Salvador Dal\u00ed<\/title>\n<meta name=\"robots\" content=\"index, follow, max-snippet:-1, max-image-preview:large, max-video-preview:-1\" \/>\n<link rel=\"canonical\" href=\"https:\/\/www.salvador-dali.org\/es\/fundacion-dali\/noticia\/durante-la-acustiqueta-visita-familiar-al-museo\/\" \/>\n<meta property=\"og:locale\" content=\"es_ES\" \/>\n<meta property=\"og:type\" content=\"article\" \/>\n<meta property=\"og:title\" content=\"Durante la Acustiqueta: visita familiar al museo - Fundaci\u00f3 Gala - Salvador Dal\u00ed\" \/>\n<meta property=\"og:description\" content=\"La Acustiqueta: visita familiar En el marco del festival Ac\u00fastica, el Teatro-Museo Dal\u00ed de Figueres propone una visita para compartir en familia, que finalizar\u00e1\u00a0con una peque\u00f1a actividad creativa. Formato: visita familiar Lugar: Teatro-Museo Dal\u00ed de Figueres D\u00edas: 28\u00a0y 29 de agosto COMPLETO Hora:16:30h Durada: 1h45&#8242; Edades recomendadas: ni\u00f1os de 5 a 12 a\u00f1os acompa\u00f1ados de [&hellip;]\" \/>\n<meta property=\"og:url\" content=\"https:\/\/www.salvador-dali.org\/es\/fundacion-dali\/noticia\/durante-la-acustiqueta-visita-familiar-al-museo\/\" \/>\n<meta property=\"og:site_name\" content=\"Fundaci\u00f3 Gala - Salvador Dal\u00ed\" \/>\n<meta property=\"article:publisher\" content=\"https:\/\/www.facebook.com\/MuseusDali\" \/>\n<meta property=\"article:modified_time\" content=\"2025-06-26T08:11:28+00:00\" \/>\n<meta property=\"og:image\" content=\"https:\/\/www.salvador-dali.org\/wp-content\/uploads\/2025\/05\/acustiqueta2015_1437727666_1024.jpg\" \/>\n\t<meta property=\"og:image:width\" content=\"1024\" \/>\n\t<meta property=\"og:image:height\" content=\"965\" \/>\n\t<meta property=\"og:image:type\" content=\"image\/jpeg\" \/>\n<meta name=\"twitter:card\" content=\"summary_large_image\" \/>\n<meta name=\"twitter:site\" content=\"@MuseuDali\" \/>\n<meta name=\"twitter:label1\" content=\"Tiempo de lectura\" \/>\n\t<meta name=\"twitter:data1\" content=\"1 minuto\" \/>\n<script type=\"application\/ld+json\" class=\"yoast-schema-graph\">{\"@context\":\"https:\\\/\\\/schema.org\",\"@graph\":[{\"@type\":\"WebPage\",\"@id\":\"https:\\\/\\\/www.salvador-dali.org\\\/es\\\/fundacion-dali\\\/noticia\\\/durante-la-acustiqueta-visita-familiar-al-museo\\\/\",\"url\":\"https:\\\/\\\/www.salvador-dali.org\\\/es\\\/fundacion-dali\\\/noticia\\\/durante-la-acustiqueta-visita-familiar-al-museo\\\/\",\"name\":\"Durante la Acustiqueta: visita familiar al museo - Fundaci\u00f3 Gala - Salvador Dal\u00ed\",\"isPartOf\":{\"@id\":\"https:\\\/\\\/www.salvador-dali.org\\\/es\\\/#website\"},\"primaryImageOfPage\":{\"@id\":\"https:\\\/\\\/www.salvador-dali.org\\\/es\\\/fundacion-dali\\\/noticia\\\/durante-la-acustiqueta-visita-familiar-al-museo\\\/#primaryimage\"},\"image\":{\"@id\":\"https:\\\/\\\/www.salvador-dali.org\\\/es\\\/fundacion-dali\\\/noticia\\\/durante-la-acustiqueta-visita-familiar-al-museo\\\/#primaryimage\"},\"thumbnailUrl\":\"https:\\\/\\\/www.salvador-dali.org\\\/wp-content\\\/uploads\\\/2025\\\/05\\\/acustiqueta2015_1437727666_1024.jpg\",\"datePublished\":\"2015-07-31T22:00:00+00:00\",\"dateModified\":\"2025-06-26T08:11:28+00:00\",\"breadcrumb\":{\"@id\":\"https:\\\/\\\/www.salvador-dali.org\\\/es\\\/fundacion-dali\\\/noticia\\\/durante-la-acustiqueta-visita-familiar-al-museo\\\/#breadcrumb\"},\"inLanguage\":\"es\",\"potentialAction\":[{\"@type\":\"ReadAction\",\"target\":[\"https:\\\/\\\/www.salvador-dali.org\\\/es\\\/fundacion-dali\\\/noticia\\\/durante-la-acustiqueta-visita-familiar-al-museo\\\/\"]}]},{\"@type\":\"ImageObject\",\"inLanguage\":\"es\",\"@id\":\"https:\\\/\\\/www.salvador-dali.org\\\/es\\\/fundacion-dali\\\/noticia\\\/durante-la-acustiqueta-visita-familiar-al-museo\\\/#primaryimage\",\"url\":\"https:\\\/\\\/www.salvador-dali.org\\\/wp-content\\\/uploads\\\/2025\\\/05\\\/acustiqueta2015_1437727666_1024.jpg\",\"contentUrl\":\"https:\\\/\\\/www.salvador-dali.org\\\/wp-content\\\/uploads\\\/2025\\\/05\\\/acustiqueta2015_1437727666_1024.jpg\",\"width\":1024,\"height\":965,\"caption\":\"Actividad del Servicio Educativo\"},{\"@type\":\"BreadcrumbList\",\"@id\":\"https:\\\/\\\/www.salvador-dali.org\\\/es\\\/fundacion-dali\\\/noticia\\\/durante-la-acustiqueta-visita-familiar-al-museo\\\/#breadcrumb\",\"itemListElement\":[{\"@type\":\"ListItem\",\"position\":1,\"name\":\"Inici\",\"item\":\"https:\\\/\\\/www.salvador-dali.org\\\/es\\\/\"},{\"@type\":\"ListItem\",\"position\":2,\"name\":\"Durante la Acustiqueta: visita familiar al museo\"}]},{\"@type\":\"WebSite\",\"@id\":\"https:\\\/\\\/www.salvador-dali.org\\\/es\\\/#website\",\"url\":\"https:\\\/\\\/www.salvador-dali.org\\\/es\\\/\",\"name\":\"Fundaci\u00f3 Gala - Salvador Dal\u00ed\",\"description\":\"\",\"publisher\":{\"@id\":\"https:\\\/\\\/www.salvador-dali.org\\\/es\\\/#organization\"},\"potentialAction\":[{\"@type\":\"SearchAction\",\"target\":{\"@type\":\"EntryPoint\",\"urlTemplate\":\"https:\\\/\\\/www.salvador-dali.org\\\/es\\\/?s={search_term_string}\"},\"query-input\":{\"@type\":\"PropertyValueSpecification\",\"valueRequired\":true,\"valueName\":\"search_term_string\"}}],\"inLanguage\":\"es\"},{\"@type\":\"Organization\",\"@id\":\"https:\\\/\\\/www.salvador-dali.org\\\/es\\\/#organization\",\"name\":\"Fundaci\u00f3 Gala - Salvador Dal\u00ed\",\"url\":\"https:\\\/\\\/www.salvador-dali.org\\\/es\\\/\",\"logo\":{\"@type\":\"ImageObject\",\"inLanguage\":\"es\",\"@id\":\"https:\\\/\\\/www.salvador-dali.org\\\/es\\\/#\\\/schema\\\/logo\\\/image\\\/\",\"url\":\"https:\\\/\\\/www.salvador-dali.org\\\/wp-content\\\/uploads\\\/2025\\\/04\\\/fundacio-gala-salvador-dali.png\",\"contentUrl\":\"https:\\\/\\\/www.salvador-dali.org\\\/wp-content\\\/uploads\\\/2025\\\/04\\\/fundacio-gala-salvador-dali.png\",\"width\":240,\"height\":240,\"caption\":\"Fundaci\u00f3 Gala - Salvador Dal\u00ed\"},\"image\":{\"@id\":\"https:\\\/\\\/www.salvador-dali.org\\\/es\\\/#\\\/schema\\\/logo\\\/image\\\/\"},\"sameAs\":[\"https:\\\/\\\/www.facebook.com\\\/MuseusDali\",\"https:\\\/\\\/x.com\\\/MuseuDali\",\"https:\\\/\\\/www.youtube.com\\\/user\\\/FundacioDali\",\"https:\\\/\\\/www.flickr.com\\\/fundacio_dali\\\/\",\"https:\\\/\\\/instagram.com\\\/museudali\"]}]}<\/script>\n<!-- \/ Yoast SEO plugin. -->","yoast_head_json":{"title":"Durante la Acustiqueta: visita familiar al museo - Fundaci\u00f3 Gala - Salvador Dal\u00ed","robots":{"index":"index","follow":"follow","max-snippet":"max-snippet:-1","max-image-preview":"max-image-preview:large","max-video-preview":"max-video-preview:-1"},"canonical":"https:\/\/www.salvador-dali.org\/es\/fundacion-dali\/noticia\/durante-la-acustiqueta-visita-familiar-al-museo\/","og_locale":"es_ES","og_type":"article","og_title":"Durante la Acustiqueta: visita familiar al museo - Fundaci\u00f3 Gala - Salvador Dal\u00ed","og_description":"La Acustiqueta: visita familiar En el marco del festival Ac\u00fastica, el Teatro-Museo Dal\u00ed de Figueres propone una visita para compartir en familia, que finalizar\u00e1\u00a0con una peque\u00f1a actividad creativa. Formato: visita familiar Lugar: Teatro-Museo Dal\u00ed de Figueres D\u00edas: 28\u00a0y 29 de agosto COMPLETO Hora:16:30h Durada: 1h45&#8242; Edades recomendadas: ni\u00f1os de 5 a 12 a\u00f1os acompa\u00f1ados de [&hellip;]","og_url":"https:\/\/www.salvador-dali.org\/es\/fundacion-dali\/noticia\/durante-la-acustiqueta-visita-familiar-al-museo\/","og_site_name":"Fundaci\u00f3 Gala - Salvador Dal\u00ed","article_publisher":"https:\/\/www.facebook.com\/MuseusDali","article_modified_time":"2025-06-26T08:11:28+00:00","og_image":[{"width":1024,"height":965,"url":"https:\/\/www.salvador-dali.org\/wp-content\/uploads\/2025\/05\/acustiqueta2015_1437727666_1024.jpg","type":"image\/jpeg"}],"twitter_card":"summary_large_image","twitter_site":"@MuseuDali","twitter_misc":{"Tiempo de lectura":"1 minuto"},"schema":{"@context":"https:\/\/schema.org","@graph":[{"@type":"WebPage","@id":"https:\/\/www.salvador-dali.org\/es\/fundacion-dali\/noticia\/durante-la-acustiqueta-visita-familiar-al-museo\/","url":"https:\/\/www.salvador-dali.org\/es\/fundacion-dali\/noticia\/durante-la-acustiqueta-visita-familiar-al-museo\/","name":"Durante la Acustiqueta: visita familiar al museo - Fundaci\u00f3 Gala - Salvador Dal\u00ed","isPartOf":{"@id":"https:\/\/www.salvador-dali.org\/es\/#website"},"primaryImageOfPage":{"@id":"https:\/\/www.salvador-dali.org\/es\/fundacion-dali\/noticia\/durante-la-acustiqueta-visita-familiar-al-museo\/#primaryimage"},"image":{"@id":"https:\/\/www.salvador-dali.org\/es\/fundacion-dali\/noticia\/durante-la-acustiqueta-visita-familiar-al-museo\/#primaryimage"},"thumbnailUrl":"https:\/\/www.salvador-dali.org\/wp-content\/uploads\/2025\/05\/acustiqueta2015_1437727666_1024.jpg","datePublished":"2015-07-31T22:00:00+00:00","dateModified":"2025-06-26T08:11:28+00:00","breadcrumb":{"@id":"https:\/\/www.salvador-dali.org\/es\/fundacion-dali\/noticia\/durante-la-acustiqueta-visita-familiar-al-museo\/#breadcrumb"},"inLanguage":"es","potentialAction":[{"@type":"ReadAction","target":["https:\/\/www.salvador-dali.org\/es\/fundacion-dali\/noticia\/durante-la-acustiqueta-visita-familiar-al-museo\/"]}]},{"@type":"ImageObject","inLanguage":"es","@id":"https:\/\/www.salvador-dali.org\/es\/fundacion-dali\/noticia\/durante-la-acustiqueta-visita-familiar-al-museo\/#primaryimage","url":"https:\/\/www.salvador-dali.org\/wp-content\/uploads\/2025\/05\/acustiqueta2015_1437727666_1024.jpg","contentUrl":"https:\/\/www.salvador-dali.org\/wp-content\/uploads\/2025\/05\/acustiqueta2015_1437727666_1024.jpg","width":1024,"height":965,"caption":"Actividad del Servicio Educativo"},{"@type":"BreadcrumbList","@id":"https:\/\/www.salvador-dali.org\/es\/fundacion-dali\/noticia\/durante-la-acustiqueta-visita-familiar-al-museo\/#breadcrumb","itemListElement":[{"@type":"ListItem","position":1,"name":"Inici","item":"https:\/\/www.salvador-dali.org\/es\/"},{"@type":"ListItem","position":2,"name":"Durante la Acustiqueta: visita familiar al museo"}]},{"@type":"WebSite","@id":"https:\/\/www.salvador-dali.org\/es\/#website","url":"https:\/\/www.salvador-dali.org\/es\/","name":"Fundaci\u00f3 Gala - Salvador Dal\u00ed","description":"","publisher":{"@id":"https:\/\/www.salvador-dali.org\/es\/#organization"},"potentialAction":[{"@type":"SearchAction","target":{"@type":"EntryPoint","urlTemplate":"https:\/\/www.salvador-dali.org\/es\/?s={search_term_string}"},"query-input":{"@type":"PropertyValueSpecification","valueRequired":true,"valueName":"search_term_string"}}],"inLanguage":"es"},{"@type":"Organization","@id":"https:\/\/www.salvador-dali.org\/es\/#organization","name":"Fundaci\u00f3 Gala - Salvador Dal\u00ed","url":"https:\/\/www.salvador-dali.org\/es\/","logo":{"@type":"ImageObject","inLanguage":"es","@id":"https:\/\/www.salvador-dali.org\/es\/#\/schema\/logo\/image\/","url":"https:\/\/www.salvador-dali.org\/wp-content\/uploads\/2025\/04\/fundacio-gala-salvador-dali.png","contentUrl":"https:\/\/www.salvador-dali.org\/wp-content\/uploads\/2025\/04\/fundacio-gala-salvador-dali.png","width":240,"height":240,"caption":"Fundaci\u00f3 Gala - Salvador Dal\u00ed"},"image":{"@id":"https:\/\/www.salvador-dali.org\/es\/#\/schema\/logo\/image\/"},"sameAs":["https:\/\/www.facebook.com\/MuseusDali","https:\/\/x.com\/MuseuDali","https:\/\/www.youtube.com\/user\/FundacioDali","https:\/\/www.flickr.com\/fundacio_dali\/","https:\/\/instagram.com\/museudali"]}]}},"_links":{"self":[{"href":"https:\/\/www.salvador-dali.org\/es\/wp-json\/wp\/v2\/noticia\/8963","targetHints":{"allow":["GET"]}}],"collection":[{"href":"https:\/\/www.salvador-dali.org\/es\/wp-json\/wp\/v2\/noticia"}],"about":[{"href":"https:\/\/www.salvador-dali.org\/es\/wp-json\/wp\/v2\/types\/noticia"}],"wp:featuredmedia":[{"embeddable":true,"href":"https:\/\/www.salvador-dali.org\/es\/wp-json\/wp\/v2\/media\/5112"}],"wp:attachment":[{"href":"https:\/\/www.salvador-dali.org\/es\/wp-json\/wp\/v2\/media?parent=8963"}],"wp:term":[{"taxonomy":"categoria-actualitat","embeddable":true,"href":"https:\/\/www.salvador-dali.org\/es\/wp-json\/wp\/v2\/categoria-actualitat?post=8963"}],"curies":[{"name":"wp","href":"https:\/\/api.w.org\/{rel}","templated":true}]}}