{"id":9015,"date":"2014-10-29T00:00:00","date_gmt":"2014-10-28T22:00:00","guid":{"rendered":"https:\/\/www.salvador-dali.org\/fundacio-dali\/noticia\/inauguracio-a-moscou-de-l-exposicio-dali-and-media\/"},"modified":"2025-06-26T10:11:29","modified_gmt":"2025-06-26T08:11:29","slug":"inauguracion-en-moscu-de-la-exposicion-dali-and-media","status":"publish","type":"noticia","link":"https:\/\/www.salvador-dali.org\/es\/fundacion-dali\/noticia\/inauguracion-en-moscu-de-la-exposicion-dali-and-media\/","title":{"rendered":"Inauguraci\u00f3n en Mosc\u00fa de la exposici\u00f3n Dal\u00ed and Media"},"content":{"rendered":"<p>La Fundaci\u00f3 Gala-Salvador Dal\u00ed y el Moscow Museum of Modern Art (MMOMA) han inaugurado hoy la exposici\u00f3n <em>Dal\u00ed and Media,<\/em> que podr\u00e1 verse en la capital rusa hasta el 1 de febrero de 2015.<\/p>\n<p>La inauguraci\u00f3n ha sido responsabilidad del director general del MMOMA, Vasili Tsereteli, y ha contado con la presencia de la adjunta al Ministro de Cultura ruso, Elena Borisovna, el director del Departamento de Cultura del gobierno regional de Mosc\u00fa, Anton Valentinovich, el presidente de la Academia de Bellas Artes de Rusia, Zurab Tsereteli, el embajador espa\u00f1ol en Rusia, Jos\u00e9 Ignacio Carbajal G\u00e1rate, el consejero cultural y de cooperaci\u00f3n de la embajada, Manuel Hern\u00e1ndez Gamallo, as\u00ed como personalidades del mundo de la cultura moscovita. En representaci\u00f3n de la Fundaci\u00f3n Dal\u00ed, ha asistido su gerente, Joan Manuel Sevillano Campalans.<\/p>\n<p>La muestra consta de 219 piezas procedentes de los fondos de la Fundaci\u00f3n Dal\u00ed: 205 peri\u00f3dicos y revistas y de 14 \u00f3leos y dibujos. Es una reedici\u00f3n de <em>Dal\u00ed i les revistes, <\/em>exposici\u00f3n comisariada por Montse Aguer en el a\u00f1o 2008 en el Castillo de P\u00fabol, ahora adaptada al museo de arte moderno de Mosc\u00fa. Se centra en la colaboraci\u00f3n de Salvador Dal\u00ed en el mundo de las revistas y la prensa escrita, que es variada y extensa, sin olvidar el papel siempre presente de Gala, de origen ruso, como inefable colaboradora de \u00a0sus m\u00faltiples proyectos.<\/p>\n","protected":false},"excerpt":{"rendered":"<p>La Fundaci\u00f3 Gala-Salvador Dal\u00ed y el Moscow Museum of Modern Art (MMOMA) han inaugurado hoy la exposici\u00f3n Dal\u00ed and Media, que podr\u00e1 verse en la capital rusa hasta el 1 de febrero de 2015. La inauguraci\u00f3n ha sido responsabilidad del director general del MMOMA, Vasili Tsereteli, y ha contado con la presencia de la adjunta [&hellip;]<\/p>\n","protected":false},"featured_media":5027,"menu_order":0,"template":"","format":"standard","meta":{"_acf_changed":false,"_coblocks_attr":"","_coblocks_dimensions":"","_coblocks_responsive_height":"","_coblocks_accordion_ie_support":""},"categoria-actualitat":[117,118],"class_list":["post-9015","noticia","type-noticia","status-publish","format-standard","has-post-thumbnail","hentry","categoria-actualitat-exposiciones","categoria-actualitat-fundacion-gala-salvador-dali"],"acf":[],"yoast_head":"<!-- This site is optimized with the Yoast SEO plugin v27.5 - https:\/\/yoast.com\/product\/yoast-seo-wordpress\/ -->\n<title>Inauguraci\u00f3n en Mosc\u00fa de la exposici\u00f3n Dal\u00ed and Media - Fundaci\u00f3 Gala - Salvador Dal\u00ed<\/title>\n<meta name=\"robots\" content=\"index, follow, max-snippet:-1, max-image-preview:large, max-video-preview:-1\" \/>\n<link rel=\"canonical\" href=\"https:\/\/www.salvador-dali.org\/es\/fundacion-dali\/noticia\/inauguracion-en-moscu-de-la-exposicion-dali-and-media\/\" \/>\n<meta property=\"og:locale\" content=\"es_ES\" \/>\n<meta property=\"og:type\" content=\"article\" \/>\n<meta property=\"og:title\" content=\"Inauguraci\u00f3n en Mosc\u00fa de la exposici\u00f3n Dal\u00ed and Media - Fundaci\u00f3 Gala - Salvador Dal\u00ed\" \/>\n<meta property=\"og:description\" content=\"La Fundaci\u00f3 Gala-Salvador Dal\u00ed y el Moscow Museum of Modern Art (MMOMA) han inaugurado hoy la exposici\u00f3n Dal\u00ed and Media, que podr\u00e1 verse en la capital rusa hasta el 1 de febrero de 2015. La inauguraci\u00f3n ha sido responsabilidad del director general del MMOMA, Vasili Tsereteli, y ha contado con la presencia de la adjunta [&hellip;]\" \/>\n<meta property=\"og:url\" content=\"https:\/\/www.salvador-dali.org\/es\/fundacion-dali\/noticia\/inauguracion-en-moscu-de-la-exposicion-dali-and-media\/\" \/>\n<meta property=\"og:site_name\" content=\"Fundaci\u00f3 Gala - Salvador Dal\u00ed\" \/>\n<meta property=\"article:publisher\" content=\"https:\/\/www.facebook.com\/MuseusDali\" \/>\n<meta property=\"article:modified_time\" content=\"2025-06-26T08:11:29+00:00\" \/>\n<meta property=\"og:image\" content=\"https:\/\/www.salvador-dali.org\/wp-content\/uploads\/2025\/05\/0510_go_1418123157_1024.jpg\" \/>\n\t<meta property=\"og:image:width\" content=\"1024\" \/>\n\t<meta property=\"og:image:height\" content=\"1331\" \/>\n\t<meta property=\"og:image:type\" content=\"image\/jpeg\" \/>\n<meta name=\"twitter:card\" content=\"summary_large_image\" \/>\n<meta name=\"twitter:site\" content=\"@MuseuDali\" \/>\n<meta name=\"twitter:label1\" content=\"Tiempo de lectura\" \/>\n\t<meta name=\"twitter:data1\" content=\"1 minuto\" \/>\n<script type=\"application\/ld+json\" class=\"yoast-schema-graph\">{\"@context\":\"https:\\\/\\\/schema.org\",\"@graph\":[{\"@type\":\"WebPage\",\"@id\":\"https:\\\/\\\/www.salvador-dali.org\\\/es\\\/fundacion-dali\\\/noticia\\\/inauguracion-en-moscu-de-la-exposicion-dali-and-media\\\/\",\"url\":\"https:\\\/\\\/www.salvador-dali.org\\\/es\\\/fundacion-dali\\\/noticia\\\/inauguracion-en-moscu-de-la-exposicion-dali-and-media\\\/\",\"name\":\"Inauguraci\u00f3n en Mosc\u00fa de la exposici\u00f3n Dal\u00ed and Media - Fundaci\u00f3 Gala - Salvador Dal\u00ed\",\"isPartOf\":{\"@id\":\"https:\\\/\\\/www.salvador-dali.org\\\/es\\\/#website\"},\"primaryImageOfPage\":{\"@id\":\"https:\\\/\\\/www.salvador-dali.org\\\/es\\\/fundacion-dali\\\/noticia\\\/inauguracion-en-moscu-de-la-exposicion-dali-and-media\\\/#primaryimage\"},\"image\":{\"@id\":\"https:\\\/\\\/www.salvador-dali.org\\\/es\\\/fundacion-dali\\\/noticia\\\/inauguracion-en-moscu-de-la-exposicion-dali-and-media\\\/#primaryimage\"},\"thumbnailUrl\":\"https:\\\/\\\/www.salvador-dali.org\\\/wp-content\\\/uploads\\\/2025\\\/05\\\/0510_go_1418123157_1024.jpg\",\"datePublished\":\"2014-10-28T22:00:00+00:00\",\"dateModified\":\"2025-06-26T08:11:29+00:00\",\"breadcrumb\":{\"@id\":\"https:\\\/\\\/www.salvador-dali.org\\\/es\\\/fundacion-dali\\\/noticia\\\/inauguracion-en-moscu-de-la-exposicion-dali-and-media\\\/#breadcrumb\"},\"inLanguage\":\"es\",\"potentialAction\":[{\"@type\":\"ReadAction\",\"target\":[\"https:\\\/\\\/www.salvador-dali.org\\\/es\\\/fundacion-dali\\\/noticia\\\/inauguracion-en-moscu-de-la-exposicion-dali-and-media\\\/\"]}]},{\"@type\":\"ImageObject\",\"inLanguage\":\"es\",\"@id\":\"https:\\\/\\\/www.salvador-dali.org\\\/es\\\/fundacion-dali\\\/noticia\\\/inauguracion-en-moscu-de-la-exposicion-dali-and-media\\\/#primaryimage\",\"url\":\"https:\\\/\\\/www.salvador-dali.org\\\/wp-content\\\/uploads\\\/2025\\\/05\\\/0510_go_1418123157_1024.jpg\",\"contentUrl\":\"https:\\\/\\\/www.salvador-dali.org\\\/wp-content\\\/uploads\\\/2025\\\/05\\\/0510_go_1418123157_1024.jpg\",\"width\":1024,\"height\":1331,\"caption\":\"Inauguraci\u00f3n en Mosc\u00fa de la exposici\u00f3n Dal\u00ed and media\"},{\"@type\":\"BreadcrumbList\",\"@id\":\"https:\\\/\\\/www.salvador-dali.org\\\/es\\\/fundacion-dali\\\/noticia\\\/inauguracion-en-moscu-de-la-exposicion-dali-and-media\\\/#breadcrumb\",\"itemListElement\":[{\"@type\":\"ListItem\",\"position\":1,\"name\":\"Inici\",\"item\":\"https:\\\/\\\/www.salvador-dali.org\\\/es\\\/\"},{\"@type\":\"ListItem\",\"position\":2,\"name\":\"Inauguraci\u00f3n en Mosc\u00fa de la exposici\u00f3n Dal\u00ed and Media\"}]},{\"@type\":\"WebSite\",\"@id\":\"https:\\\/\\\/www.salvador-dali.org\\\/es\\\/#website\",\"url\":\"https:\\\/\\\/www.salvador-dali.org\\\/es\\\/\",\"name\":\"Fundaci\u00f3 Gala - Salvador Dal\u00ed\",\"description\":\"\",\"publisher\":{\"@id\":\"https:\\\/\\\/www.salvador-dali.org\\\/es\\\/#organization\"},\"potentialAction\":[{\"@type\":\"SearchAction\",\"target\":{\"@type\":\"EntryPoint\",\"urlTemplate\":\"https:\\\/\\\/www.salvador-dali.org\\\/es\\\/?s={search_term_string}\"},\"query-input\":{\"@type\":\"PropertyValueSpecification\",\"valueRequired\":true,\"valueName\":\"search_term_string\"}}],\"inLanguage\":\"es\"},{\"@type\":\"Organization\",\"@id\":\"https:\\\/\\\/www.salvador-dali.org\\\/es\\\/#organization\",\"name\":\"Fundaci\u00f3 Gala - Salvador Dal\u00ed\",\"url\":\"https:\\\/\\\/www.salvador-dali.org\\\/es\\\/\",\"logo\":{\"@type\":\"ImageObject\",\"inLanguage\":\"es\",\"@id\":\"https:\\\/\\\/www.salvador-dali.org\\\/es\\\/#\\\/schema\\\/logo\\\/image\\\/\",\"url\":\"https:\\\/\\\/www.salvador-dali.org\\\/wp-content\\\/uploads\\\/2025\\\/04\\\/fundacio-gala-salvador-dali.png\",\"contentUrl\":\"https:\\\/\\\/www.salvador-dali.org\\\/wp-content\\\/uploads\\\/2025\\\/04\\\/fundacio-gala-salvador-dali.png\",\"width\":240,\"height\":240,\"caption\":\"Fundaci\u00f3 Gala - Salvador Dal\u00ed\"},\"image\":{\"@id\":\"https:\\\/\\\/www.salvador-dali.org\\\/es\\\/#\\\/schema\\\/logo\\\/image\\\/\"},\"sameAs\":[\"https:\\\/\\\/www.facebook.com\\\/MuseusDali\",\"https:\\\/\\\/x.com\\\/MuseuDali\",\"https:\\\/\\\/www.youtube.com\\\/user\\\/FundacioDali\",\"https:\\\/\\\/www.flickr.com\\\/fundacio_dali\\\/\",\"https:\\\/\\\/instagram.com\\\/museudali\"]}]}<\/script>\n<!-- \/ Yoast SEO plugin. -->","yoast_head_json":{"title":"Inauguraci\u00f3n en Mosc\u00fa de la exposici\u00f3n Dal\u00ed and Media - Fundaci\u00f3 Gala - Salvador Dal\u00ed","robots":{"index":"index","follow":"follow","max-snippet":"max-snippet:-1","max-image-preview":"max-image-preview:large","max-video-preview":"max-video-preview:-1"},"canonical":"https:\/\/www.salvador-dali.org\/es\/fundacion-dali\/noticia\/inauguracion-en-moscu-de-la-exposicion-dali-and-media\/","og_locale":"es_ES","og_type":"article","og_title":"Inauguraci\u00f3n en Mosc\u00fa de la exposici\u00f3n Dal\u00ed and Media - Fundaci\u00f3 Gala - Salvador Dal\u00ed","og_description":"La Fundaci\u00f3 Gala-Salvador Dal\u00ed y el Moscow Museum of Modern Art (MMOMA) han inaugurado hoy la exposici\u00f3n Dal\u00ed and Media, que podr\u00e1 verse en la capital rusa hasta el 1 de febrero de 2015. La inauguraci\u00f3n ha sido responsabilidad del director general del MMOMA, Vasili Tsereteli, y ha contado con la presencia de la adjunta [&hellip;]","og_url":"https:\/\/www.salvador-dali.org\/es\/fundacion-dali\/noticia\/inauguracion-en-moscu-de-la-exposicion-dali-and-media\/","og_site_name":"Fundaci\u00f3 Gala - Salvador Dal\u00ed","article_publisher":"https:\/\/www.facebook.com\/MuseusDali","article_modified_time":"2025-06-26T08:11:29+00:00","og_image":[{"width":1024,"height":1331,"url":"https:\/\/www.salvador-dali.org\/wp-content\/uploads\/2025\/05\/0510_go_1418123157_1024.jpg","type":"image\/jpeg"}],"twitter_card":"summary_large_image","twitter_site":"@MuseuDali","twitter_misc":{"Tiempo de lectura":"1 minuto"},"schema":{"@context":"https:\/\/schema.org","@graph":[{"@type":"WebPage","@id":"https:\/\/www.salvador-dali.org\/es\/fundacion-dali\/noticia\/inauguracion-en-moscu-de-la-exposicion-dali-and-media\/","url":"https:\/\/www.salvador-dali.org\/es\/fundacion-dali\/noticia\/inauguracion-en-moscu-de-la-exposicion-dali-and-media\/","name":"Inauguraci\u00f3n en Mosc\u00fa de la exposici\u00f3n Dal\u00ed and Media - Fundaci\u00f3 Gala - Salvador Dal\u00ed","isPartOf":{"@id":"https:\/\/www.salvador-dali.org\/es\/#website"},"primaryImageOfPage":{"@id":"https:\/\/www.salvador-dali.org\/es\/fundacion-dali\/noticia\/inauguracion-en-moscu-de-la-exposicion-dali-and-media\/#primaryimage"},"image":{"@id":"https:\/\/www.salvador-dali.org\/es\/fundacion-dali\/noticia\/inauguracion-en-moscu-de-la-exposicion-dali-and-media\/#primaryimage"},"thumbnailUrl":"https:\/\/www.salvador-dali.org\/wp-content\/uploads\/2025\/05\/0510_go_1418123157_1024.jpg","datePublished":"2014-10-28T22:00:00+00:00","dateModified":"2025-06-26T08:11:29+00:00","breadcrumb":{"@id":"https:\/\/www.salvador-dali.org\/es\/fundacion-dali\/noticia\/inauguracion-en-moscu-de-la-exposicion-dali-and-media\/#breadcrumb"},"inLanguage":"es","potentialAction":[{"@type":"ReadAction","target":["https:\/\/www.salvador-dali.org\/es\/fundacion-dali\/noticia\/inauguracion-en-moscu-de-la-exposicion-dali-and-media\/"]}]},{"@type":"ImageObject","inLanguage":"es","@id":"https:\/\/www.salvador-dali.org\/es\/fundacion-dali\/noticia\/inauguracion-en-moscu-de-la-exposicion-dali-and-media\/#primaryimage","url":"https:\/\/www.salvador-dali.org\/wp-content\/uploads\/2025\/05\/0510_go_1418123157_1024.jpg","contentUrl":"https:\/\/www.salvador-dali.org\/wp-content\/uploads\/2025\/05\/0510_go_1418123157_1024.jpg","width":1024,"height":1331,"caption":"Inauguraci\u00f3n en Mosc\u00fa de la exposici\u00f3n Dal\u00ed and media"},{"@type":"BreadcrumbList","@id":"https:\/\/www.salvador-dali.org\/es\/fundacion-dali\/noticia\/inauguracion-en-moscu-de-la-exposicion-dali-and-media\/#breadcrumb","itemListElement":[{"@type":"ListItem","position":1,"name":"Inici","item":"https:\/\/www.salvador-dali.org\/es\/"},{"@type":"ListItem","position":2,"name":"Inauguraci\u00f3n en Mosc\u00fa de la exposici\u00f3n Dal\u00ed and Media"}]},{"@type":"WebSite","@id":"https:\/\/www.salvador-dali.org\/es\/#website","url":"https:\/\/www.salvador-dali.org\/es\/","name":"Fundaci\u00f3 Gala - Salvador Dal\u00ed","description":"","publisher":{"@id":"https:\/\/www.salvador-dali.org\/es\/#organization"},"potentialAction":[{"@type":"SearchAction","target":{"@type":"EntryPoint","urlTemplate":"https:\/\/www.salvador-dali.org\/es\/?s={search_term_string}"},"query-input":{"@type":"PropertyValueSpecification","valueRequired":true,"valueName":"search_term_string"}}],"inLanguage":"es"},{"@type":"Organization","@id":"https:\/\/www.salvador-dali.org\/es\/#organization","name":"Fundaci\u00f3 Gala - Salvador Dal\u00ed","url":"https:\/\/www.salvador-dali.org\/es\/","logo":{"@type":"ImageObject","inLanguage":"es","@id":"https:\/\/www.salvador-dali.org\/es\/#\/schema\/logo\/image\/","url":"https:\/\/www.salvador-dali.org\/wp-content\/uploads\/2025\/04\/fundacio-gala-salvador-dali.png","contentUrl":"https:\/\/www.salvador-dali.org\/wp-content\/uploads\/2025\/04\/fundacio-gala-salvador-dali.png","width":240,"height":240,"caption":"Fundaci\u00f3 Gala - Salvador Dal\u00ed"},"image":{"@id":"https:\/\/www.salvador-dali.org\/es\/#\/schema\/logo\/image\/"},"sameAs":["https:\/\/www.facebook.com\/MuseusDali","https:\/\/x.com\/MuseuDali","https:\/\/www.youtube.com\/user\/FundacioDali","https:\/\/www.flickr.com\/fundacio_dali\/","https:\/\/instagram.com\/museudali"]}]}},"_links":{"self":[{"href":"https:\/\/www.salvador-dali.org\/es\/wp-json\/wp\/v2\/noticia\/9015","targetHints":{"allow":["GET"]}}],"collection":[{"href":"https:\/\/www.salvador-dali.org\/es\/wp-json\/wp\/v2\/noticia"}],"about":[{"href":"https:\/\/www.salvador-dali.org\/es\/wp-json\/wp\/v2\/types\/noticia"}],"wp:featuredmedia":[{"embeddable":true,"href":"https:\/\/www.salvador-dali.org\/es\/wp-json\/wp\/v2\/media\/5027"}],"wp:attachment":[{"href":"https:\/\/www.salvador-dali.org\/es\/wp-json\/wp\/v2\/media?parent=9015"}],"wp:term":[{"taxonomy":"categoria-actualitat","embeddable":true,"href":"https:\/\/www.salvador-dali.org\/es\/wp-json\/wp\/v2\/categoria-actualitat?post=9015"}],"curies":[{"name":"wp","href":"https:\/\/api.w.org\/{rel}","templated":true}]}}