{"id":9228,"date":"2011-09-02T00:00:00","date_gmt":"2011-09-01T22:00:00","guid":{"rendered":"https:\/\/www.salvador-dali.org\/fundacio-dali\/noticia\/salvador-dali-canta-al-festival-acustica\/"},"modified":"2025-06-26T10:11:34","modified_gmt":"2025-06-26T08:11:34","slug":"salvador-dali-canta-en-el-festival-acustica","status":"publish","type":"noticia","link":"https:\/\/www.salvador-dali.org\/es\/fundacion-dali\/noticia\/salvador-dali-canta-en-el-festival-acustica\/","title":{"rendered":"Salvador Dal\u00ed canta en el Festival Ac\u00fastica"},"content":{"rendered":"<p>El <a href=\"http:\/\/www.festivalacustica.cat\">Festival Ac\u00fastica<\/a> present\u00f3 en el Teatro-Museo Dal\u00ed el d\u00eda 10 de junio la producci\u00f3n especial que conmemorar\u00e1\u00a0su 10\u00ba aniversario. El acto\u00a0fue conducido por Manel Fuentes\u00a0y participaron Montse Aguer, directora del Centro de Estudios Dalinianos, los directores del espect\u00e1culo Xavi Pascual\u00a0y Pep Blay, as\u00ed como distintas personalidades. Una actuaci\u00f3n de Gerard Quintana\u00a0clausur\u00f3 la celebraci\u00f3n.<\/p>\n<p>\nEl espect\u00e1culo lleva por t\u00edtulo\u00a0<strong>SALVADOR DAL\u00cd CANTA<\/strong>\u00a0y tendr\u00e1 lugar los d\u00edas 2\u00a0y 3 de septiembre\u00a0en la Pla\u00e7a Gala Dal\u00ed de Figueres.\u00a0Intervendr\u00e1n Albert Pla, Pau Riba, Gerard Quintana, Dolo Beltr\u00e1n, Love of Lesbian, Estrella Morente, Amaral, Ana Torroja, Martirio, Kiko Veneno, Enric Casasses\u00a0y Sol Pic\u00f3, que \u201cdanzar\u00e1\u201d la voz de Dal\u00ed. La orquestra de Pascal Comelade interpretar\u00e1 la m\u00fasica en directo. Los cantantes interpretar\u00e1n textos de Salvador Dal\u00ed cedidos por la Fundaci\u00f3n del artista. El espect\u00e1culo se completar\u00e1\u00a0con v\u00eddeos de Amanda Lear\u00a0y Alice Cooper. El aforo se limita a 600 personas cada uno de los d\u00edas 2\u00a0y 3 de septiembre. Ya pueden adquirirse las entradas a trav\u00e9s de ServiCaixa.<\/p>\n","protected":false},"excerpt":{"rendered":"<p>El Festival Ac\u00fastica present\u00f3 en el Teatro-Museo Dal\u00ed el d\u00eda 10 de junio la producci\u00f3n especial que conmemorar\u00e1\u00a0su 10\u00ba aniversario. El acto\u00a0fue conducido por Manel Fuentes\u00a0y participaron Montse Aguer, directora del Centro de Estudios Dalinianos, los directores del espect\u00e1culo Xavi Pascual\u00a0y Pep Blay, as\u00ed como distintas personalidades. Una actuaci\u00f3n de Gerard Quintana\u00a0clausur\u00f3 la celebraci\u00f3n. El [&hellip;]<\/p>\n","protected":false},"featured_media":4620,"menu_order":0,"template":"","format":"standard","meta":{"_acf_changed":false,"_coblocks_attr":"","_coblocks_dimensions":"","_coblocks_responsive_height":"","_coblocks_accordion_ie_support":""},"categoria-actualitat":[114,119],"class_list":["post-9228","noticia","type-noticia","status-publish","format-standard","has-post-thumbnail","hentry","categoria-actualitat-actividades","categoria-actualitat-museos"],"acf":[],"yoast_head":"<!-- This site is optimized with the Yoast SEO plugin v27.5 - https:\/\/yoast.com\/product\/yoast-seo-wordpress\/ -->\n<title>Salvador Dal\u00ed canta en el Festival Ac\u00fastica - Fundaci\u00f3 Gala - Salvador Dal\u00ed<\/title>\n<meta name=\"robots\" content=\"index, follow, max-snippet:-1, max-image-preview:large, max-video-preview:-1\" \/>\n<link rel=\"canonical\" href=\"https:\/\/www.salvador-dali.org\/es\/fundacion-dali\/noticia\/salvador-dali-canta-en-el-festival-acustica\/\" \/>\n<meta property=\"og:locale\" content=\"es_ES\" \/>\n<meta property=\"og:type\" content=\"article\" \/>\n<meta property=\"og:title\" content=\"Salvador Dal\u00ed canta en el Festival Ac\u00fastica - Fundaci\u00f3 Gala - Salvador Dal\u00ed\" \/>\n<meta property=\"og:description\" content=\"El Festival Ac\u00fastica present\u00f3 en el Teatro-Museo Dal\u00ed el d\u00eda 10 de junio la producci\u00f3n especial que conmemorar\u00e1\u00a0su 10\u00ba aniversario. El acto\u00a0fue conducido por Manel Fuentes\u00a0y participaron Montse Aguer, directora del Centro de Estudios Dalinianos, los directores del espect\u00e1culo Xavi Pascual\u00a0y Pep Blay, as\u00ed como distintas personalidades. Una actuaci\u00f3n de Gerard Quintana\u00a0clausur\u00f3 la celebraci\u00f3n. El [&hellip;]\" \/>\n<meta property=\"og:url\" content=\"https:\/\/www.salvador-dali.org\/es\/fundacion-dali\/noticia\/salvador-dali-canta-en-el-festival-acustica\/\" \/>\n<meta property=\"og:site_name\" content=\"Fundaci\u00f3 Gala - Salvador Dal\u00ed\" \/>\n<meta property=\"article:publisher\" content=\"https:\/\/www.facebook.com\/MuseusDali\" \/>\n<meta property=\"article:modified_time\" content=\"2025-06-26T08:11:34+00:00\" \/>\n<meta property=\"og:image\" content=\"https:\/\/www.salvador-dali.org\/wp-content\/uploads\/2025\/05\/FestivalAcusticaxWeb_noticies_home_200_1024.jpg\" \/>\n\t<meta property=\"og:image:width\" content=\"137\" \/>\n\t<meta property=\"og:image:height\" content=\"91\" \/>\n\t<meta property=\"og:image:type\" content=\"image\/jpeg\" \/>\n<meta name=\"twitter:card\" content=\"summary_large_image\" \/>\n<meta name=\"twitter:site\" content=\"@MuseuDali\" \/>\n<meta name=\"twitter:label1\" content=\"Tiempo de lectura\" \/>\n\t<meta name=\"twitter:data1\" content=\"1 minuto\" \/>\n<script type=\"application\/ld+json\" class=\"yoast-schema-graph\">{\"@context\":\"https:\\\/\\\/schema.org\",\"@graph\":[{\"@type\":\"WebPage\",\"@id\":\"https:\\\/\\\/www.salvador-dali.org\\\/es\\\/fundacion-dali\\\/noticia\\\/salvador-dali-canta-en-el-festival-acustica\\\/\",\"url\":\"https:\\\/\\\/www.salvador-dali.org\\\/es\\\/fundacion-dali\\\/noticia\\\/salvador-dali-canta-en-el-festival-acustica\\\/\",\"name\":\"Salvador Dal\u00ed canta en el Festival Ac\u00fastica - Fundaci\u00f3 Gala - Salvador Dal\u00ed\",\"isPartOf\":{\"@id\":\"https:\\\/\\\/www.salvador-dali.org\\\/es\\\/#website\"},\"primaryImageOfPage\":{\"@id\":\"https:\\\/\\\/www.salvador-dali.org\\\/es\\\/fundacion-dali\\\/noticia\\\/salvador-dali-canta-en-el-festival-acustica\\\/#primaryimage\"},\"image\":{\"@id\":\"https:\\\/\\\/www.salvador-dali.org\\\/es\\\/fundacion-dali\\\/noticia\\\/salvador-dali-canta-en-el-festival-acustica\\\/#primaryimage\"},\"thumbnailUrl\":\"https:\\\/\\\/www.salvador-dali.org\\\/wp-content\\\/uploads\\\/2025\\\/05\\\/FestivalAcusticaxWeb_noticies_home_200_1024.jpg\",\"datePublished\":\"2011-09-01T22:00:00+00:00\",\"dateModified\":\"2025-06-26T08:11:34+00:00\",\"breadcrumb\":{\"@id\":\"https:\\\/\\\/www.salvador-dali.org\\\/es\\\/fundacion-dali\\\/noticia\\\/salvador-dali-canta-en-el-festival-acustica\\\/#breadcrumb\"},\"inLanguage\":\"es\",\"potentialAction\":[{\"@type\":\"ReadAction\",\"target\":[\"https:\\\/\\\/www.salvador-dali.org\\\/es\\\/fundacion-dali\\\/noticia\\\/salvador-dali-canta-en-el-festival-acustica\\\/\"]}]},{\"@type\":\"ImageObject\",\"inLanguage\":\"es\",\"@id\":\"https:\\\/\\\/www.salvador-dali.org\\\/es\\\/fundacion-dali\\\/noticia\\\/salvador-dali-canta-en-el-festival-acustica\\\/#primaryimage\",\"url\":\"https:\\\/\\\/www.salvador-dali.org\\\/wp-content\\\/uploads\\\/2025\\\/05\\\/FestivalAcusticaxWeb_noticies_home_200_1024.jpg\",\"contentUrl\":\"https:\\\/\\\/www.salvador-dali.org\\\/wp-content\\\/uploads\\\/2025\\\/05\\\/FestivalAcusticaxWeb_noticies_home_200_1024.jpg\",\"width\":137,\"height\":91,\"caption\":\"Presentaci\u00f3n de la Ac\u00fastica 2011\"},{\"@type\":\"BreadcrumbList\",\"@id\":\"https:\\\/\\\/www.salvador-dali.org\\\/es\\\/fundacion-dali\\\/noticia\\\/salvador-dali-canta-en-el-festival-acustica\\\/#breadcrumb\",\"itemListElement\":[{\"@type\":\"ListItem\",\"position\":1,\"name\":\"Inici\",\"item\":\"https:\\\/\\\/www.salvador-dali.org\\\/es\\\/\"},{\"@type\":\"ListItem\",\"position\":2,\"name\":\"Salvador Dal\u00ed canta en el Festival Ac\u00fastica\"}]},{\"@type\":\"WebSite\",\"@id\":\"https:\\\/\\\/www.salvador-dali.org\\\/es\\\/#website\",\"url\":\"https:\\\/\\\/www.salvador-dali.org\\\/es\\\/\",\"name\":\"Fundaci\u00f3 Gala - Salvador Dal\u00ed\",\"description\":\"\",\"publisher\":{\"@id\":\"https:\\\/\\\/www.salvador-dali.org\\\/es\\\/#organization\"},\"potentialAction\":[{\"@type\":\"SearchAction\",\"target\":{\"@type\":\"EntryPoint\",\"urlTemplate\":\"https:\\\/\\\/www.salvador-dali.org\\\/es\\\/?s={search_term_string}\"},\"query-input\":{\"@type\":\"PropertyValueSpecification\",\"valueRequired\":true,\"valueName\":\"search_term_string\"}}],\"inLanguage\":\"es\"},{\"@type\":\"Organization\",\"@id\":\"https:\\\/\\\/www.salvador-dali.org\\\/es\\\/#organization\",\"name\":\"Fundaci\u00f3 Gala - Salvador Dal\u00ed\",\"url\":\"https:\\\/\\\/www.salvador-dali.org\\\/es\\\/\",\"logo\":{\"@type\":\"ImageObject\",\"inLanguage\":\"es\",\"@id\":\"https:\\\/\\\/www.salvador-dali.org\\\/es\\\/#\\\/schema\\\/logo\\\/image\\\/\",\"url\":\"https:\\\/\\\/www.salvador-dali.org\\\/wp-content\\\/uploads\\\/2025\\\/04\\\/fundacio-gala-salvador-dali.png\",\"contentUrl\":\"https:\\\/\\\/www.salvador-dali.org\\\/wp-content\\\/uploads\\\/2025\\\/04\\\/fundacio-gala-salvador-dali.png\",\"width\":240,\"height\":240,\"caption\":\"Fundaci\u00f3 Gala - Salvador Dal\u00ed\"},\"image\":{\"@id\":\"https:\\\/\\\/www.salvador-dali.org\\\/es\\\/#\\\/schema\\\/logo\\\/image\\\/\"},\"sameAs\":[\"https:\\\/\\\/www.facebook.com\\\/MuseusDali\",\"https:\\\/\\\/x.com\\\/MuseuDali\",\"https:\\\/\\\/www.youtube.com\\\/user\\\/FundacioDali\",\"https:\\\/\\\/www.flickr.com\\\/fundacio_dali\\\/\",\"https:\\\/\\\/instagram.com\\\/museudali\"]}]}<\/script>\n<!-- \/ Yoast SEO plugin. -->","yoast_head_json":{"title":"Salvador Dal\u00ed canta en el Festival Ac\u00fastica - Fundaci\u00f3 Gala - Salvador Dal\u00ed","robots":{"index":"index","follow":"follow","max-snippet":"max-snippet:-1","max-image-preview":"max-image-preview:large","max-video-preview":"max-video-preview:-1"},"canonical":"https:\/\/www.salvador-dali.org\/es\/fundacion-dali\/noticia\/salvador-dali-canta-en-el-festival-acustica\/","og_locale":"es_ES","og_type":"article","og_title":"Salvador Dal\u00ed canta en el Festival Ac\u00fastica - Fundaci\u00f3 Gala - Salvador Dal\u00ed","og_description":"El Festival Ac\u00fastica present\u00f3 en el Teatro-Museo Dal\u00ed el d\u00eda 10 de junio la producci\u00f3n especial que conmemorar\u00e1\u00a0su 10\u00ba aniversario. El acto\u00a0fue conducido por Manel Fuentes\u00a0y participaron Montse Aguer, directora del Centro de Estudios Dalinianos, los directores del espect\u00e1culo Xavi Pascual\u00a0y Pep Blay, as\u00ed como distintas personalidades. Una actuaci\u00f3n de Gerard Quintana\u00a0clausur\u00f3 la celebraci\u00f3n. El [&hellip;]","og_url":"https:\/\/www.salvador-dali.org\/es\/fundacion-dali\/noticia\/salvador-dali-canta-en-el-festival-acustica\/","og_site_name":"Fundaci\u00f3 Gala - Salvador Dal\u00ed","article_publisher":"https:\/\/www.facebook.com\/MuseusDali","article_modified_time":"2025-06-26T08:11:34+00:00","og_image":[{"width":137,"height":91,"url":"https:\/\/www.salvador-dali.org\/wp-content\/uploads\/2025\/05\/FestivalAcusticaxWeb_noticies_home_200_1024.jpg","type":"image\/jpeg"}],"twitter_card":"summary_large_image","twitter_site":"@MuseuDali","twitter_misc":{"Tiempo de lectura":"1 minuto"},"schema":{"@context":"https:\/\/schema.org","@graph":[{"@type":"WebPage","@id":"https:\/\/www.salvador-dali.org\/es\/fundacion-dali\/noticia\/salvador-dali-canta-en-el-festival-acustica\/","url":"https:\/\/www.salvador-dali.org\/es\/fundacion-dali\/noticia\/salvador-dali-canta-en-el-festival-acustica\/","name":"Salvador Dal\u00ed canta en el Festival Ac\u00fastica - Fundaci\u00f3 Gala - Salvador Dal\u00ed","isPartOf":{"@id":"https:\/\/www.salvador-dali.org\/es\/#website"},"primaryImageOfPage":{"@id":"https:\/\/www.salvador-dali.org\/es\/fundacion-dali\/noticia\/salvador-dali-canta-en-el-festival-acustica\/#primaryimage"},"image":{"@id":"https:\/\/www.salvador-dali.org\/es\/fundacion-dali\/noticia\/salvador-dali-canta-en-el-festival-acustica\/#primaryimage"},"thumbnailUrl":"https:\/\/www.salvador-dali.org\/wp-content\/uploads\/2025\/05\/FestivalAcusticaxWeb_noticies_home_200_1024.jpg","datePublished":"2011-09-01T22:00:00+00:00","dateModified":"2025-06-26T08:11:34+00:00","breadcrumb":{"@id":"https:\/\/www.salvador-dali.org\/es\/fundacion-dali\/noticia\/salvador-dali-canta-en-el-festival-acustica\/#breadcrumb"},"inLanguage":"es","potentialAction":[{"@type":"ReadAction","target":["https:\/\/www.salvador-dali.org\/es\/fundacion-dali\/noticia\/salvador-dali-canta-en-el-festival-acustica\/"]}]},{"@type":"ImageObject","inLanguage":"es","@id":"https:\/\/www.salvador-dali.org\/es\/fundacion-dali\/noticia\/salvador-dali-canta-en-el-festival-acustica\/#primaryimage","url":"https:\/\/www.salvador-dali.org\/wp-content\/uploads\/2025\/05\/FestivalAcusticaxWeb_noticies_home_200_1024.jpg","contentUrl":"https:\/\/www.salvador-dali.org\/wp-content\/uploads\/2025\/05\/FestivalAcusticaxWeb_noticies_home_200_1024.jpg","width":137,"height":91,"caption":"Presentaci\u00f3n de la Ac\u00fastica 2011"},{"@type":"BreadcrumbList","@id":"https:\/\/www.salvador-dali.org\/es\/fundacion-dali\/noticia\/salvador-dali-canta-en-el-festival-acustica\/#breadcrumb","itemListElement":[{"@type":"ListItem","position":1,"name":"Inici","item":"https:\/\/www.salvador-dali.org\/es\/"},{"@type":"ListItem","position":2,"name":"Salvador Dal\u00ed canta en el Festival Ac\u00fastica"}]},{"@type":"WebSite","@id":"https:\/\/www.salvador-dali.org\/es\/#website","url":"https:\/\/www.salvador-dali.org\/es\/","name":"Fundaci\u00f3 Gala - Salvador Dal\u00ed","description":"","publisher":{"@id":"https:\/\/www.salvador-dali.org\/es\/#organization"},"potentialAction":[{"@type":"SearchAction","target":{"@type":"EntryPoint","urlTemplate":"https:\/\/www.salvador-dali.org\/es\/?s={search_term_string}"},"query-input":{"@type":"PropertyValueSpecification","valueRequired":true,"valueName":"search_term_string"}}],"inLanguage":"es"},{"@type":"Organization","@id":"https:\/\/www.salvador-dali.org\/es\/#organization","name":"Fundaci\u00f3 Gala - Salvador Dal\u00ed","url":"https:\/\/www.salvador-dali.org\/es\/","logo":{"@type":"ImageObject","inLanguage":"es","@id":"https:\/\/www.salvador-dali.org\/es\/#\/schema\/logo\/image\/","url":"https:\/\/www.salvador-dali.org\/wp-content\/uploads\/2025\/04\/fundacio-gala-salvador-dali.png","contentUrl":"https:\/\/www.salvador-dali.org\/wp-content\/uploads\/2025\/04\/fundacio-gala-salvador-dali.png","width":240,"height":240,"caption":"Fundaci\u00f3 Gala - Salvador Dal\u00ed"},"image":{"@id":"https:\/\/www.salvador-dali.org\/es\/#\/schema\/logo\/image\/"},"sameAs":["https:\/\/www.facebook.com\/MuseusDali","https:\/\/x.com\/MuseuDali","https:\/\/www.youtube.com\/user\/FundacioDali","https:\/\/www.flickr.com\/fundacio_dali\/","https:\/\/instagram.com\/museudali"]}]}},"_links":{"self":[{"href":"https:\/\/www.salvador-dali.org\/es\/wp-json\/wp\/v2\/noticia\/9228","targetHints":{"allow":["GET"]}}],"collection":[{"href":"https:\/\/www.salvador-dali.org\/es\/wp-json\/wp\/v2\/noticia"}],"about":[{"href":"https:\/\/www.salvador-dali.org\/es\/wp-json\/wp\/v2\/types\/noticia"}],"wp:featuredmedia":[{"embeddable":true,"href":"https:\/\/www.salvador-dali.org\/es\/wp-json\/wp\/v2\/media\/4620"}],"wp:attachment":[{"href":"https:\/\/www.salvador-dali.org\/es\/wp-json\/wp\/v2\/media?parent=9228"}],"wp:term":[{"taxonomy":"categoria-actualitat","embeddable":true,"href":"https:\/\/www.salvador-dali.org\/es\/wp-json\/wp\/v2\/categoria-actualitat?post=9228"}],"curies":[{"name":"wp","href":"https:\/\/api.w.org\/{rel}","templated":true}]}}