{"id":9411,"date":"2009-03-23T00:00:00","date_gmt":"2009-03-22T22:00:00","guid":{"rendered":"https:\/\/www.salvador-dali.org\/fundacio-dali\/noticia\/presentacio-de-la-memoria-2008-i-darrera-adquisicio\/"},"modified":"2025-06-26T10:11:38","modified_gmt":"2025-06-26T08:11:38","slug":"presentacion-de-la-memoria-2008-y-ultima-adquisicion","status":"publish","type":"noticia","link":"https:\/\/www.salvador-dali.org\/es\/fundacion-dali\/noticia\/presentacion-de-la-memoria-2008-y-ultima-adquisicion\/","title":{"rendered":"Presentaci\u00f3n de la memoria 2008 y \u00faltima adquisici\u00f3n"},"content":{"rendered":"<p>Hoy 23 de marzo a las once de la ma\u00f1ana se ha presentado\u00a0en la Sala de las Loggias del Teatro-Museo Dal\u00ed, a Figueres, la Memoria Anual de actividades\u00a0y econ\u00f3mica de la Fundaci\u00f3 Gala-Salvador Dal\u00ed correspondiente al ejercicio 2008, despu\u00e9s que se reunieran el pasado martes d\u00eda 17\u00a0en Figueres los miembros del Patronato en junta ordinaria. Se han responsabilizado de la presentaci\u00f3n del informe a los medios de comunicaci\u00f3n Montse Aguer, directora del Centro de Estudios Dalinianos,\u00a0y Joan Manuel Sevillano, gerente. Asimismo, durante el acto, Antoni Pitxot, director del Teatro-Museo Dal\u00ed, ha presentado la \u00faltima adquisici\u00f3n de obra del artista, tres dibujos que Salvador Dal\u00ed\u00a0realiz\u00f3 para ilustrar el libro <em>50 secretos m\u00e1gicos para pintar<\/em>.<\/p>\n<p>Ver el <a href=\"https:\/\/www.youtube.com\/watch?v=Rx_bPGAAd-o\">v\u00eddeo<\/a> de la presentaci\u00f3n.<\/p>\n<p>Puede consultarse el documento de la <a href=\"\/media\/upload\/arxius\/memories\/memoria08catesp.pdf\">Memoria 2008<\/a> en formato PDF.<\/p>\n","protected":false},"excerpt":{"rendered":"<p>Hoy 23 de marzo a las once de la ma\u00f1ana se ha presentado\u00a0en la Sala de las Loggias del Teatro-Museo Dal\u00ed, a Figueres, la Memoria Anual de actividades\u00a0y econ\u00f3mica de la Fundaci\u00f3 Gala-Salvador Dal\u00ed correspondiente al ejercicio 2008, despu\u00e9s que se reunieran el pasado martes d\u00eda 17\u00a0en Figueres los miembros del Patronato en junta ordinaria. [&hellip;]<\/p>\n","protected":false},"featured_media":0,"menu_order":0,"template":"","format":"standard","meta":{"_acf_changed":false,"_coblocks_attr":"","_coblocks_dimensions":"","_coblocks_responsive_height":"","_coblocks_accordion_ie_support":""},"categoria-actualitat":[115,118,120],"class_list":["post-9411","noticia","type-noticia","status-publish","format-standard","hentry","categoria-actualitat-adquisiciones","categoria-actualitat-fundacion-gala-salvador-dali","categoria-actualitat-publicaciones"],"acf":[],"yoast_head":"<!-- This site is optimized with the Yoast SEO plugin v27.5 - https:\/\/yoast.com\/product\/yoast-seo-wordpress\/ -->\n<title>Presentaci\u00f3n de la memoria 2008 y \u00faltima adquisici\u00f3n - Fundaci\u00f3 Gala - Salvador Dal\u00ed<\/title>\n<meta name=\"robots\" content=\"index, follow, max-snippet:-1, max-image-preview:large, max-video-preview:-1\" \/>\n<link rel=\"canonical\" href=\"https:\/\/www.salvador-dali.org\/es\/fundacion-dali\/noticia\/presentacion-de-la-memoria-2008-y-ultima-adquisicion\/\" \/>\n<meta property=\"og:locale\" content=\"es_ES\" \/>\n<meta property=\"og:type\" content=\"article\" \/>\n<meta property=\"og:title\" content=\"Presentaci\u00f3n de la memoria 2008 y \u00faltima adquisici\u00f3n - Fundaci\u00f3 Gala - Salvador Dal\u00ed\" \/>\n<meta property=\"og:description\" content=\"Hoy 23 de marzo a las once de la ma\u00f1ana se ha presentado\u00a0en la Sala de las Loggias del Teatro-Museo Dal\u00ed, a Figueres, la Memoria Anual de actividades\u00a0y econ\u00f3mica de la Fundaci\u00f3 Gala-Salvador Dal\u00ed correspondiente al ejercicio 2008, despu\u00e9s que se reunieran el pasado martes d\u00eda 17\u00a0en Figueres los miembros del Patronato en junta ordinaria. [&hellip;]\" \/>\n<meta property=\"og:url\" content=\"https:\/\/www.salvador-dali.org\/es\/fundacion-dali\/noticia\/presentacion-de-la-memoria-2008-y-ultima-adquisicion\/\" \/>\n<meta property=\"og:site_name\" content=\"Fundaci\u00f3 Gala - Salvador Dal\u00ed\" \/>\n<meta property=\"article:publisher\" content=\"https:\/\/www.facebook.com\/MuseusDali\" \/>\n<meta property=\"article:modified_time\" content=\"2025-06-26T08:11:38+00:00\" \/>\n<meta name=\"twitter:card\" content=\"summary_large_image\" \/>\n<meta name=\"twitter:site\" content=\"@MuseuDali\" \/>\n<meta name=\"twitter:label1\" content=\"Tiempo de lectura\" \/>\n\t<meta name=\"twitter:data1\" content=\"1 minuto\" \/>\n<script type=\"application\/ld+json\" class=\"yoast-schema-graph\">{\"@context\":\"https:\\\/\\\/schema.org\",\"@graph\":[{\"@type\":\"WebPage\",\"@id\":\"https:\\\/\\\/www.salvador-dali.org\\\/es\\\/fundacion-dali\\\/noticia\\\/presentacion-de-la-memoria-2008-y-ultima-adquisicion\\\/\",\"url\":\"https:\\\/\\\/www.salvador-dali.org\\\/es\\\/fundacion-dali\\\/noticia\\\/presentacion-de-la-memoria-2008-y-ultima-adquisicion\\\/\",\"name\":\"Presentaci\u00f3n de la memoria 2008 y \u00faltima adquisici\u00f3n - Fundaci\u00f3 Gala - Salvador Dal\u00ed\",\"isPartOf\":{\"@id\":\"https:\\\/\\\/www.salvador-dali.org\\\/es\\\/#website\"},\"datePublished\":\"2009-03-22T22:00:00+00:00\",\"dateModified\":\"2025-06-26T08:11:38+00:00\",\"breadcrumb\":{\"@id\":\"https:\\\/\\\/www.salvador-dali.org\\\/es\\\/fundacion-dali\\\/noticia\\\/presentacion-de-la-memoria-2008-y-ultima-adquisicion\\\/#breadcrumb\"},\"inLanguage\":\"es\",\"potentialAction\":[{\"@type\":\"ReadAction\",\"target\":[\"https:\\\/\\\/www.salvador-dali.org\\\/es\\\/fundacion-dali\\\/noticia\\\/presentacion-de-la-memoria-2008-y-ultima-adquisicion\\\/\"]}]},{\"@type\":\"BreadcrumbList\",\"@id\":\"https:\\\/\\\/www.salvador-dali.org\\\/es\\\/fundacion-dali\\\/noticia\\\/presentacion-de-la-memoria-2008-y-ultima-adquisicion\\\/#breadcrumb\",\"itemListElement\":[{\"@type\":\"ListItem\",\"position\":1,\"name\":\"Inici\",\"item\":\"https:\\\/\\\/www.salvador-dali.org\\\/es\\\/\"},{\"@type\":\"ListItem\",\"position\":2,\"name\":\"Presentaci\u00f3n de la memoria 2008 y \u00faltima adquisici\u00f3n\"}]},{\"@type\":\"WebSite\",\"@id\":\"https:\\\/\\\/www.salvador-dali.org\\\/es\\\/#website\",\"url\":\"https:\\\/\\\/www.salvador-dali.org\\\/es\\\/\",\"name\":\"Fundaci\u00f3 Gala - Salvador Dal\u00ed\",\"description\":\"\",\"publisher\":{\"@id\":\"https:\\\/\\\/www.salvador-dali.org\\\/es\\\/#organization\"},\"potentialAction\":[{\"@type\":\"SearchAction\",\"target\":{\"@type\":\"EntryPoint\",\"urlTemplate\":\"https:\\\/\\\/www.salvador-dali.org\\\/es\\\/?s={search_term_string}\"},\"query-input\":{\"@type\":\"PropertyValueSpecification\",\"valueRequired\":true,\"valueName\":\"search_term_string\"}}],\"inLanguage\":\"es\"},{\"@type\":\"Organization\",\"@id\":\"https:\\\/\\\/www.salvador-dali.org\\\/es\\\/#organization\",\"name\":\"Fundaci\u00f3 Gala - Salvador Dal\u00ed\",\"url\":\"https:\\\/\\\/www.salvador-dali.org\\\/es\\\/\",\"logo\":{\"@type\":\"ImageObject\",\"inLanguage\":\"es\",\"@id\":\"https:\\\/\\\/www.salvador-dali.org\\\/es\\\/#\\\/schema\\\/logo\\\/image\\\/\",\"url\":\"https:\\\/\\\/www.salvador-dali.org\\\/wp-content\\\/uploads\\\/2025\\\/04\\\/fundacio-gala-salvador-dali.png\",\"contentUrl\":\"https:\\\/\\\/www.salvador-dali.org\\\/wp-content\\\/uploads\\\/2025\\\/04\\\/fundacio-gala-salvador-dali.png\",\"width\":240,\"height\":240,\"caption\":\"Fundaci\u00f3 Gala - Salvador Dal\u00ed\"},\"image\":{\"@id\":\"https:\\\/\\\/www.salvador-dali.org\\\/es\\\/#\\\/schema\\\/logo\\\/image\\\/\"},\"sameAs\":[\"https:\\\/\\\/www.facebook.com\\\/MuseusDali\",\"https:\\\/\\\/x.com\\\/MuseuDali\",\"https:\\\/\\\/www.youtube.com\\\/user\\\/FundacioDali\",\"https:\\\/\\\/www.flickr.com\\\/fundacio_dali\\\/\",\"https:\\\/\\\/instagram.com\\\/museudali\"]}]}<\/script>\n<!-- \/ Yoast SEO plugin. -->","yoast_head_json":{"title":"Presentaci\u00f3n de la memoria 2008 y \u00faltima adquisici\u00f3n - Fundaci\u00f3 Gala - Salvador Dal\u00ed","robots":{"index":"index","follow":"follow","max-snippet":"max-snippet:-1","max-image-preview":"max-image-preview:large","max-video-preview":"max-video-preview:-1"},"canonical":"https:\/\/www.salvador-dali.org\/es\/fundacion-dali\/noticia\/presentacion-de-la-memoria-2008-y-ultima-adquisicion\/","og_locale":"es_ES","og_type":"article","og_title":"Presentaci\u00f3n de la memoria 2008 y \u00faltima adquisici\u00f3n - Fundaci\u00f3 Gala - Salvador Dal\u00ed","og_description":"Hoy 23 de marzo a las once de la ma\u00f1ana se ha presentado\u00a0en la Sala de las Loggias del Teatro-Museo Dal\u00ed, a Figueres, la Memoria Anual de actividades\u00a0y econ\u00f3mica de la Fundaci\u00f3 Gala-Salvador Dal\u00ed correspondiente al ejercicio 2008, despu\u00e9s que se reunieran el pasado martes d\u00eda 17\u00a0en Figueres los miembros del Patronato en junta ordinaria. [&hellip;]","og_url":"https:\/\/www.salvador-dali.org\/es\/fundacion-dali\/noticia\/presentacion-de-la-memoria-2008-y-ultima-adquisicion\/","og_site_name":"Fundaci\u00f3 Gala - Salvador Dal\u00ed","article_publisher":"https:\/\/www.facebook.com\/MuseusDali","article_modified_time":"2025-06-26T08:11:38+00:00","twitter_card":"summary_large_image","twitter_site":"@MuseuDali","twitter_misc":{"Tiempo de lectura":"1 minuto"},"schema":{"@context":"https:\/\/schema.org","@graph":[{"@type":"WebPage","@id":"https:\/\/www.salvador-dali.org\/es\/fundacion-dali\/noticia\/presentacion-de-la-memoria-2008-y-ultima-adquisicion\/","url":"https:\/\/www.salvador-dali.org\/es\/fundacion-dali\/noticia\/presentacion-de-la-memoria-2008-y-ultima-adquisicion\/","name":"Presentaci\u00f3n de la memoria 2008 y \u00faltima adquisici\u00f3n - Fundaci\u00f3 Gala - Salvador Dal\u00ed","isPartOf":{"@id":"https:\/\/www.salvador-dali.org\/es\/#website"},"datePublished":"2009-03-22T22:00:00+00:00","dateModified":"2025-06-26T08:11:38+00:00","breadcrumb":{"@id":"https:\/\/www.salvador-dali.org\/es\/fundacion-dali\/noticia\/presentacion-de-la-memoria-2008-y-ultima-adquisicion\/#breadcrumb"},"inLanguage":"es","potentialAction":[{"@type":"ReadAction","target":["https:\/\/www.salvador-dali.org\/es\/fundacion-dali\/noticia\/presentacion-de-la-memoria-2008-y-ultima-adquisicion\/"]}]},{"@type":"BreadcrumbList","@id":"https:\/\/www.salvador-dali.org\/es\/fundacion-dali\/noticia\/presentacion-de-la-memoria-2008-y-ultima-adquisicion\/#breadcrumb","itemListElement":[{"@type":"ListItem","position":1,"name":"Inici","item":"https:\/\/www.salvador-dali.org\/es\/"},{"@type":"ListItem","position":2,"name":"Presentaci\u00f3n de la memoria 2008 y \u00faltima adquisici\u00f3n"}]},{"@type":"WebSite","@id":"https:\/\/www.salvador-dali.org\/es\/#website","url":"https:\/\/www.salvador-dali.org\/es\/","name":"Fundaci\u00f3 Gala - Salvador Dal\u00ed","description":"","publisher":{"@id":"https:\/\/www.salvador-dali.org\/es\/#organization"},"potentialAction":[{"@type":"SearchAction","target":{"@type":"EntryPoint","urlTemplate":"https:\/\/www.salvador-dali.org\/es\/?s={search_term_string}"},"query-input":{"@type":"PropertyValueSpecification","valueRequired":true,"valueName":"search_term_string"}}],"inLanguage":"es"},{"@type":"Organization","@id":"https:\/\/www.salvador-dali.org\/es\/#organization","name":"Fundaci\u00f3 Gala - Salvador Dal\u00ed","url":"https:\/\/www.salvador-dali.org\/es\/","logo":{"@type":"ImageObject","inLanguage":"es","@id":"https:\/\/www.salvador-dali.org\/es\/#\/schema\/logo\/image\/","url":"https:\/\/www.salvador-dali.org\/wp-content\/uploads\/2025\/04\/fundacio-gala-salvador-dali.png","contentUrl":"https:\/\/www.salvador-dali.org\/wp-content\/uploads\/2025\/04\/fundacio-gala-salvador-dali.png","width":240,"height":240,"caption":"Fundaci\u00f3 Gala - Salvador Dal\u00ed"},"image":{"@id":"https:\/\/www.salvador-dali.org\/es\/#\/schema\/logo\/image\/"},"sameAs":["https:\/\/www.facebook.com\/MuseusDali","https:\/\/x.com\/MuseuDali","https:\/\/www.youtube.com\/user\/FundacioDali","https:\/\/www.flickr.com\/fundacio_dali\/","https:\/\/instagram.com\/museudali"]}]}},"_links":{"self":[{"href":"https:\/\/www.salvador-dali.org\/es\/wp-json\/wp\/v2\/noticia\/9411","targetHints":{"allow":["GET"]}}],"collection":[{"href":"https:\/\/www.salvador-dali.org\/es\/wp-json\/wp\/v2\/noticia"}],"about":[{"href":"https:\/\/www.salvador-dali.org\/es\/wp-json\/wp\/v2\/types\/noticia"}],"wp:attachment":[{"href":"https:\/\/www.salvador-dali.org\/es\/wp-json\/wp\/v2\/media?parent=9411"}],"wp:term":[{"taxonomy":"categoria-actualitat","embeddable":true,"href":"https:\/\/www.salvador-dali.org\/es\/wp-json\/wp\/v2\/categoria-actualitat?post=9411"}],"curies":[{"name":"wp","href":"https:\/\/api.w.org\/{rel}","templated":true}]}}