{"id":9662,"date":"2004-07-01T00:00:00","date_gmt":"2004-06-30T22:00:00","guid":{"rendered":"https:\/\/www.salvador-dali.org\/fundacio-dali\/noticia\/exposicio-antologica-dali\/"},"modified":"2025-06-26T10:11:45","modified_gmt":"2025-06-26T08:11:45","slug":"exposicion-antologica-dali","status":"publish","type":"noticia","link":"https:\/\/www.salvador-dali.org\/es\/fundacion-dali\/noticia\/exposicion-antologica-dali\/","title":{"rendered":"Exposici\u00f3n antol\u00f3gica \u00abDal\u00ed\u00bb"},"content":{"rendered":"<p>Hoy se ha presentado, en la sede del <a href=\"http:\/\/www.museudelcinema.org\">Museo del Cine<\/a> de Girona, la muestra antol\u00f3gica sobre Salvador Dal\u00ed que se podr\u00e1 ver a partir del 12 de septiembre y hasta enero de 2005 en Palazzo Grassi, Venecia, y posteriormente en el Museo de Arte de Filadelfia.<\/p>\n<p>La presentaci\u00f3n ha ido a cargo del presidente de la Fundaci\u00f3n Gala-Salvador Dal\u00ed, Ramon Boixad\u00f3s, la comisaria del A\u00f1o Dal\u00ed y directora del Centro de Estudios Dalinianos, Montse Aguer, la comisaria de la exposici\u00f3n antol\u00f3gica y experta en el surrealismo, Dawn Ades, y por parte de Palazzo Grassi, su presidente y su director general, Cesare Annibaldi y Giuseppe Doneg\u00e0, respectivamente.<\/p>\n<p>Juntamente con la exposici\u00f3n titulada \u201cDal\u00ed. Cultura de Masas\u201d, la antol\u00f3gica es uno de los proyectos m\u00e1s importantes del centenario. La exposici\u00f3n lleva por t\u00edtulo sencillamente \u201cDal\u00ed\u201d y el montaje va a cargo del arquitecto \u00d2scar Tusquets. Reunir\u00e1 unas 200 obras originales de 130 colecciones de 15 pa\u00edses distintos, algunas de las cuales no hab\u00edan salido de sus museos desde la antol\u00f3gica del a\u00f1o 1983, seg\u00fan se\u00f1al\u00f3 Montse Aguer. Incluso se podr\u00e1n ver dos obras in\u00e9ditas. Algunos de los t\u00edtulos que se expondr\u00e1n son <em>Vista de Cadaqu\u00e9s desde el Pan\u00ed, El sue\u00f1o de Venus, La Desintegraci\u00f3n de la persistencia de la memoria, La Estaci\u00f3n de Perpiny\u00e0, La Madona de Port Lligat, Premonici\u00f3n de la guerra civil, Impresiones de \u00c1frica, Muchacha de Figueres o Autorretrato blando con bacon frito<\/em>. La Fundaci\u00f3n Dal\u00ed presta 23 \u00f3leos, 19 dibujos y documentaci\u00f3n. El museo de Saint Petersburg (Florida) y el Museo Nacional Centro de Arte Reina Sof\u00eda de Madrid son, asimismo, algunos de los prestadores m\u00e1s importantes. Ha supuesto un gran esfuerzo reunir estas piezas, que abarcan desde el a\u00f1o 1917 hasta el 1983. Uno de los principales objetivos es analizar el recorrido art\u00edstico de Dal\u00ed desde sus or\u00edgenes hasta el final de su trayectoria, mostrando no tan s\u00f3lo la producci\u00f3n pict\u00f3rica sino tambi\u00e9n otras facetas como la de escritor, guionista, dise\u00f1ador o escen\u00f3grafo. La muestra empezar\u00e1 por el final, y de esta forma se reivindica el \u00faltimo Dal\u00ed, una \u00e9poca que Dawn Ades sit\u00faa desde 1939 hasta 1983. Montse Aguer, comisaria adjunta de esta exposici\u00f3n, ha destacado la importancia del cat\u00e1logo, editado por Bompiani, que se convertir\u00e1 en un libro de referencia para los estudiosos y, adem\u00e1s, servir\u00e1 para resituar a Dal\u00ed.<\/p>\n<p>Palazzo Grassi es una construcci\u00f3n de 1740 sobre el Gran Canal de Venecia. Fue adquirido por FIAT en el a\u00f1o 1984, y lo convirti\u00f3 en sede de grandes exposiciones internacionales: sobre civilizaciones antiguas, el Renacimiento y artistas del s. XX. A la inauguraci\u00f3n de \u201cDal\u00ed\u201d asistir\u00e1n S. M. Los Reyes de Espa\u00f1a y el presidente de la Rep\u00fablica de Italia, Carlo Azeglio Ciampi.<\/p>\n<p>El Museo del Cine de Girona, que muestra temporalmente \u201cDal\u00ed y las ilusiones \u00f3pticas. Los aliados del pincel\u201d, ha sido el escenario de esta rueda de prensa. Ha coincidido con un viaje de prensa italiana organizado por Palazzo Grassi y la Fundaci\u00f3n Gala-Salvador Dal\u00ed durante los d\u00edas 29 y 30 de junio y 1 de julio, con la colaboraci\u00f3n del Patronat de Turisme Costa Brava Girona y Turisme de Catalunya. Los periodistas, mayoritariamente de Venecia, Roma y Mil\u00e1n, han podido visitar el tri\u00e1ngulo daliniano, as\u00ed como las instalaciones del Castillo de Peralada, el Museo del Empord\u00e0, que actualmente acoge la muestra \u201cEl Pa\u00eds de Dal\u00ed\u201d y, finalmente, la colecci\u00f3n permanente y la exposici\u00f3n temporal del Museo del Cine.<\/p>\n","protected":false},"excerpt":{"rendered":"<p>Hoy se ha presentado, en la sede del Museo del Cine de Girona, la muestra antol\u00f3gica sobre Salvador Dal\u00ed que se podr\u00e1 ver a partir del 12 de septiembre y hasta enero de 2005 en Palazzo Grassi, Venecia, y posteriormente en el Museo de Arte de Filadelfia. La presentaci\u00f3n ha ido a cargo del presidente [&hellip;]<\/p>\n","protected":false},"featured_media":0,"menu_order":0,"template":"","format":"standard","meta":{"_acf_changed":false,"_coblocks_attr":"","_coblocks_dimensions":"","_coblocks_responsive_height":"","_coblocks_accordion_ie_support":""},"categoria-actualitat":[116,117],"class_list":["post-9662","noticia","type-noticia","status-publish","format-standard","hentry","categoria-actualitat-ano-dali","categoria-actualitat-exposiciones"],"acf":[],"yoast_head":"<!-- This site is optimized with the Yoast SEO plugin v27.5 - https:\/\/yoast.com\/product\/yoast-seo-wordpress\/ -->\n<title>Exposici\u00f3n antol\u00f3gica &quot;Dal\u00ed&quot; - Fundaci\u00f3 Gala - Salvador Dal\u00ed<\/title>\n<meta name=\"robots\" content=\"index, follow, max-snippet:-1, max-image-preview:large, max-video-preview:-1\" \/>\n<link rel=\"canonical\" href=\"https:\/\/www.salvador-dali.org\/es\/fundacion-dali\/noticia\/exposicion-antologica-dali\/\" \/>\n<meta property=\"og:locale\" content=\"es_ES\" \/>\n<meta property=\"og:type\" content=\"article\" \/>\n<meta property=\"og:title\" content=\"Exposici\u00f3n antol\u00f3gica &quot;Dal\u00ed&quot; - Fundaci\u00f3 Gala - Salvador Dal\u00ed\" \/>\n<meta property=\"og:description\" content=\"Hoy se ha presentado, en la sede del Museo del Cine de Girona, la muestra antol\u00f3gica sobre Salvador Dal\u00ed que se podr\u00e1 ver a partir del 12 de septiembre y hasta enero de 2005 en Palazzo Grassi, Venecia, y posteriormente en el Museo de Arte de Filadelfia. La presentaci\u00f3n ha ido a cargo del presidente [&hellip;]\" \/>\n<meta property=\"og:url\" content=\"https:\/\/www.salvador-dali.org\/es\/fundacion-dali\/noticia\/exposicion-antologica-dali\/\" \/>\n<meta property=\"og:site_name\" content=\"Fundaci\u00f3 Gala - Salvador Dal\u00ed\" \/>\n<meta property=\"article:publisher\" content=\"https:\/\/www.facebook.com\/MuseusDali\" \/>\n<meta property=\"article:modified_time\" content=\"2025-06-26T08:11:45+00:00\" \/>\n<meta name=\"twitter:card\" content=\"summary_large_image\" \/>\n<meta name=\"twitter:site\" content=\"@MuseuDali\" \/>\n<meta name=\"twitter:label1\" content=\"Tiempo de lectura\" \/>\n\t<meta name=\"twitter:data1\" content=\"3 minutos\" \/>\n<script type=\"application\/ld+json\" class=\"yoast-schema-graph\">{\"@context\":\"https:\\\/\\\/schema.org\",\"@graph\":[{\"@type\":\"WebPage\",\"@id\":\"https:\\\/\\\/www.salvador-dali.org\\\/es\\\/fundacion-dali\\\/noticia\\\/exposicion-antologica-dali\\\/\",\"url\":\"https:\\\/\\\/www.salvador-dali.org\\\/es\\\/fundacion-dali\\\/noticia\\\/exposicion-antologica-dali\\\/\",\"name\":\"Exposici\u00f3n antol\u00f3gica \\\"Dal\u00ed\\\" - Fundaci\u00f3 Gala - Salvador Dal\u00ed\",\"isPartOf\":{\"@id\":\"https:\\\/\\\/www.salvador-dali.org\\\/es\\\/#website\"},\"datePublished\":\"2004-06-30T22:00:00+00:00\",\"dateModified\":\"2025-06-26T08:11:45+00:00\",\"breadcrumb\":{\"@id\":\"https:\\\/\\\/www.salvador-dali.org\\\/es\\\/fundacion-dali\\\/noticia\\\/exposicion-antologica-dali\\\/#breadcrumb\"},\"inLanguage\":\"es\",\"potentialAction\":[{\"@type\":\"ReadAction\",\"target\":[\"https:\\\/\\\/www.salvador-dali.org\\\/es\\\/fundacion-dali\\\/noticia\\\/exposicion-antologica-dali\\\/\"]}]},{\"@type\":\"BreadcrumbList\",\"@id\":\"https:\\\/\\\/www.salvador-dali.org\\\/es\\\/fundacion-dali\\\/noticia\\\/exposicion-antologica-dali\\\/#breadcrumb\",\"itemListElement\":[{\"@type\":\"ListItem\",\"position\":1,\"name\":\"Inici\",\"item\":\"https:\\\/\\\/www.salvador-dali.org\\\/es\\\/\"},{\"@type\":\"ListItem\",\"position\":2,\"name\":\"Exposici\u00f3n antol\u00f3gica \u00abDal\u00ed\u00bb\"}]},{\"@type\":\"WebSite\",\"@id\":\"https:\\\/\\\/www.salvador-dali.org\\\/es\\\/#website\",\"url\":\"https:\\\/\\\/www.salvador-dali.org\\\/es\\\/\",\"name\":\"Fundaci\u00f3 Gala - Salvador Dal\u00ed\",\"description\":\"\",\"publisher\":{\"@id\":\"https:\\\/\\\/www.salvador-dali.org\\\/es\\\/#organization\"},\"potentialAction\":[{\"@type\":\"SearchAction\",\"target\":{\"@type\":\"EntryPoint\",\"urlTemplate\":\"https:\\\/\\\/www.salvador-dali.org\\\/es\\\/?s={search_term_string}\"},\"query-input\":{\"@type\":\"PropertyValueSpecification\",\"valueRequired\":true,\"valueName\":\"search_term_string\"}}],\"inLanguage\":\"es\"},{\"@type\":\"Organization\",\"@id\":\"https:\\\/\\\/www.salvador-dali.org\\\/es\\\/#organization\",\"name\":\"Fundaci\u00f3 Gala - Salvador Dal\u00ed\",\"url\":\"https:\\\/\\\/www.salvador-dali.org\\\/es\\\/\",\"logo\":{\"@type\":\"ImageObject\",\"inLanguage\":\"es\",\"@id\":\"https:\\\/\\\/www.salvador-dali.org\\\/es\\\/#\\\/schema\\\/logo\\\/image\\\/\",\"url\":\"https:\\\/\\\/www.salvador-dali.org\\\/wp-content\\\/uploads\\\/2025\\\/04\\\/fundacio-gala-salvador-dali.png\",\"contentUrl\":\"https:\\\/\\\/www.salvador-dali.org\\\/wp-content\\\/uploads\\\/2025\\\/04\\\/fundacio-gala-salvador-dali.png\",\"width\":240,\"height\":240,\"caption\":\"Fundaci\u00f3 Gala - Salvador Dal\u00ed\"},\"image\":{\"@id\":\"https:\\\/\\\/www.salvador-dali.org\\\/es\\\/#\\\/schema\\\/logo\\\/image\\\/\"},\"sameAs\":[\"https:\\\/\\\/www.facebook.com\\\/MuseusDali\",\"https:\\\/\\\/x.com\\\/MuseuDali\",\"https:\\\/\\\/www.youtube.com\\\/user\\\/FundacioDali\",\"https:\\\/\\\/www.flickr.com\\\/fundacio_dali\\\/\",\"https:\\\/\\\/instagram.com\\\/museudali\"]}]}<\/script>\n<!-- \/ Yoast SEO plugin. -->","yoast_head_json":{"title":"Exposici\u00f3n antol\u00f3gica \"Dal\u00ed\" - Fundaci\u00f3 Gala - Salvador Dal\u00ed","robots":{"index":"index","follow":"follow","max-snippet":"max-snippet:-1","max-image-preview":"max-image-preview:large","max-video-preview":"max-video-preview:-1"},"canonical":"https:\/\/www.salvador-dali.org\/es\/fundacion-dali\/noticia\/exposicion-antologica-dali\/","og_locale":"es_ES","og_type":"article","og_title":"Exposici\u00f3n antol\u00f3gica \"Dal\u00ed\" - Fundaci\u00f3 Gala - Salvador Dal\u00ed","og_description":"Hoy se ha presentado, en la sede del Museo del Cine de Girona, la muestra antol\u00f3gica sobre Salvador Dal\u00ed que se podr\u00e1 ver a partir del 12 de septiembre y hasta enero de 2005 en Palazzo Grassi, Venecia, y posteriormente en el Museo de Arte de Filadelfia. La presentaci\u00f3n ha ido a cargo del presidente [&hellip;]","og_url":"https:\/\/www.salvador-dali.org\/es\/fundacion-dali\/noticia\/exposicion-antologica-dali\/","og_site_name":"Fundaci\u00f3 Gala - Salvador Dal\u00ed","article_publisher":"https:\/\/www.facebook.com\/MuseusDali","article_modified_time":"2025-06-26T08:11:45+00:00","twitter_card":"summary_large_image","twitter_site":"@MuseuDali","twitter_misc":{"Tiempo de lectura":"3 minutos"},"schema":{"@context":"https:\/\/schema.org","@graph":[{"@type":"WebPage","@id":"https:\/\/www.salvador-dali.org\/es\/fundacion-dali\/noticia\/exposicion-antologica-dali\/","url":"https:\/\/www.salvador-dali.org\/es\/fundacion-dali\/noticia\/exposicion-antologica-dali\/","name":"Exposici\u00f3n antol\u00f3gica \"Dal\u00ed\" - Fundaci\u00f3 Gala - Salvador Dal\u00ed","isPartOf":{"@id":"https:\/\/www.salvador-dali.org\/es\/#website"},"datePublished":"2004-06-30T22:00:00+00:00","dateModified":"2025-06-26T08:11:45+00:00","breadcrumb":{"@id":"https:\/\/www.salvador-dali.org\/es\/fundacion-dali\/noticia\/exposicion-antologica-dali\/#breadcrumb"},"inLanguage":"es","potentialAction":[{"@type":"ReadAction","target":["https:\/\/www.salvador-dali.org\/es\/fundacion-dali\/noticia\/exposicion-antologica-dali\/"]}]},{"@type":"BreadcrumbList","@id":"https:\/\/www.salvador-dali.org\/es\/fundacion-dali\/noticia\/exposicion-antologica-dali\/#breadcrumb","itemListElement":[{"@type":"ListItem","position":1,"name":"Inici","item":"https:\/\/www.salvador-dali.org\/es\/"},{"@type":"ListItem","position":2,"name":"Exposici\u00f3n antol\u00f3gica \u00abDal\u00ed\u00bb"}]},{"@type":"WebSite","@id":"https:\/\/www.salvador-dali.org\/es\/#website","url":"https:\/\/www.salvador-dali.org\/es\/","name":"Fundaci\u00f3 Gala - Salvador Dal\u00ed","description":"","publisher":{"@id":"https:\/\/www.salvador-dali.org\/es\/#organization"},"potentialAction":[{"@type":"SearchAction","target":{"@type":"EntryPoint","urlTemplate":"https:\/\/www.salvador-dali.org\/es\/?s={search_term_string}"},"query-input":{"@type":"PropertyValueSpecification","valueRequired":true,"valueName":"search_term_string"}}],"inLanguage":"es"},{"@type":"Organization","@id":"https:\/\/www.salvador-dali.org\/es\/#organization","name":"Fundaci\u00f3 Gala - Salvador Dal\u00ed","url":"https:\/\/www.salvador-dali.org\/es\/","logo":{"@type":"ImageObject","inLanguage":"es","@id":"https:\/\/www.salvador-dali.org\/es\/#\/schema\/logo\/image\/","url":"https:\/\/www.salvador-dali.org\/wp-content\/uploads\/2025\/04\/fundacio-gala-salvador-dali.png","contentUrl":"https:\/\/www.salvador-dali.org\/wp-content\/uploads\/2025\/04\/fundacio-gala-salvador-dali.png","width":240,"height":240,"caption":"Fundaci\u00f3 Gala - Salvador Dal\u00ed"},"image":{"@id":"https:\/\/www.salvador-dali.org\/es\/#\/schema\/logo\/image\/"},"sameAs":["https:\/\/www.facebook.com\/MuseusDali","https:\/\/x.com\/MuseuDali","https:\/\/www.youtube.com\/user\/FundacioDali","https:\/\/www.flickr.com\/fundacio_dali\/","https:\/\/instagram.com\/museudali"]}]}},"_links":{"self":[{"href":"https:\/\/www.salvador-dali.org\/es\/wp-json\/wp\/v2\/noticia\/9662","targetHints":{"allow":["GET"]}}],"collection":[{"href":"https:\/\/www.salvador-dali.org\/es\/wp-json\/wp\/v2\/noticia"}],"about":[{"href":"https:\/\/www.salvador-dali.org\/es\/wp-json\/wp\/v2\/types\/noticia"}],"wp:attachment":[{"href":"https:\/\/www.salvador-dali.org\/es\/wp-json\/wp\/v2\/media?parent=9662"}],"wp:term":[{"taxonomy":"categoria-actualitat","embeddable":true,"href":"https:\/\/www.salvador-dali.org\/es\/wp-json\/wp\/v2\/categoria-actualitat?post=9662"}],"curies":[{"name":"wp","href":"https:\/\/api.w.org\/{rel}","templated":true}]}}