{"id":8824,"date":"2017-09-06T00:00:00","date_gmt":"2017-09-05T22:00:00","guid":{"rendered":"https:\/\/www.salvador-dali.org\/fundacio-dali\/noticia\/salvador-dali-no-es-el-pare-de-pilar-abel\/"},"modified":"2025-06-26T10:47:19","modified_gmt":"2025-06-26T08:47:19","slug":"salvador-dali-n-est-pas-le-pere-de-pilar-abel","status":"publish","type":"noticia","link":"https:\/\/www.salvador-dali.org\/fr\/fondation-dali\/nouvelle\/salvador-dali-n-est-pas-le-pere-de-pilar-abel\/","title":{"rendered":"Salvador Dal\u00ed n&rsquo;est pas le p\u00e8re de Pilar Abel"},"content":{"rendered":"<p>La Fundaci\u00f3 Gala Salvador Dal\u00ed informe qu&rsquo;elle a re\u00e7u les r\u00e9sultats des preuves d&rsquo;ADN qui d\u00e9montrent que Pilar Abel <strong>n&rsquo;est pas<\/strong> la fille biologique de Salvador Dal\u00ed.<\/p>\n<p>Le tribunal de 1\u00e8re Instance n\u00ba 11 de Madrid a inform\u00e9 les avocats de la Fundaci\u00f3 Gala-Salvador Dal\u00ed (cabinet Roca Junyent) de la constatation \u00e9mise par l&rsquo;Institut National de Toxicologie et Sciences M\u00e9dico-L\u00e9gales\u00a0 dans lequel, apr\u00e8s avoir analys\u00e9 les \u00e9chantillons biologiques de Pilar Abel Mart\u00ednez et celles obtenues dans l&rsquo;exhumation des d\u00e9pouilles mortelles de Salvador Dal\u00ed, a conclu que les r\u00e9sultats obtenus \u00ab\u00a0permettent d&rsquo;\u00e9carter Salvador Dal\u00ed comme p\u00e8re biologique de Mar\u00eda Pilar Abel Mart\u00ednez\u00a0\u00bb.<\/p>\n<p>Cette conclusion n&rsquo;est pas surprenante pour la Fondation, puisqu&rsquo;il n&rsquo;y a jamais eu de signes s\u00e9rieux de la v\u00e9rit\u00e9 d&rsquo;une pr\u00e9tendue paternit\u00e9 dans laquelle ni la m\u00eame requ\u00e9rante pourrait y croire. L&rsquo;inhabituelle et injustifi\u00e9e d\u00e9cision judiciaire de pratiquer l&rsquo;exhumation se confirme comme totalement inad\u00e9quate et disproportionn\u00e9e, mettant en \u00e9vidence son irrecevabilit\u00e9 ainsi que l&rsquo;inutilit\u00e9 des co\u00fbts et pr\u00e9judices de toutes sortes occasionn\u00e9es, par rapport auxquels la Fondation r\u00e9affirme la r\u00e9serve d&rsquo;actions.<\/p>\n<p>La Fondation se r\u00e9jouit de mettre fin \u00e0 une absurde et artificielle pol\u00e9mique, et se r\u00e9jouit que la figure de Salvador Dal\u00ed reste d\u00e9finitivement \u00e9cart\u00e9e de pr\u00e9tentions tout \u00e0 fait non fond\u00e9es et de pouvoir se concentrer \u00e0 nouveau \u00e0 la gestion de l&rsquo;h\u00e9ritage extraordinaire du ma\u00eetre.<\/p>\n<p>Prochainement les d\u00e9pouilles seront retourn\u00e9es et la Fondation informera apr\u00e8s sa restitution.<\/p>\n<p>La Fondation ne fera pas de d\u00e9clarations.<\/p>\n","protected":false},"excerpt":{"rendered":"<p>La Fundaci\u00f3 Gala Salvador Dal\u00ed informe qu&rsquo;elle a re\u00e7u les r\u00e9sultats des preuves d&rsquo;ADN qui d\u00e9montrent que Pilar Abel n&rsquo;est pas la fille biologique de Salvador Dal\u00ed. Le tribunal de 1\u00e8re Instance n\u00ba 11 de Madrid a inform\u00e9 les avocats de la Fundaci\u00f3 Gala-Salvador Dal\u00ed (cabinet Roca Junyent) de la constatation \u00e9mise par l&rsquo;Institut National [&hellip;]<\/p>\n","protected":false},"featured_media":5359,"menu_order":0,"template":"","format":"standard","meta":{"_acf_changed":false,"_coblocks_attr":"","_coblocks_dimensions":"","_coblocks_responsive_height":"","_coblocks_accordion_ie_support":""},"categoria-actualitat":[111],"class_list":["post-8824","noticia","type-noticia","status-publish","format-standard","has-post-thumbnail","hentry","categoria-actualitat-fondation-gala-salvador-dali"],"acf":[],"yoast_head":"<!-- This site is optimized with the Yoast SEO plugin v27.5 - https:\/\/yoast.com\/product\/yoast-seo-wordpress\/ -->\n<title>Salvador Dal\u00ed n&#039;est pas le p\u00e8re de Pilar Abel - Fundaci\u00f3 Gala - Salvador Dal\u00ed<\/title>\n<meta name=\"robots\" content=\"index, follow, max-snippet:-1, max-image-preview:large, max-video-preview:-1\" \/>\n<link rel=\"canonical\" href=\"https:\/\/www.salvador-dali.org\/fr\/fondation-dali\/nouvelle\/salvador-dali-n-est-pas-le-pere-de-pilar-abel\/\" \/>\n<meta property=\"og:locale\" content=\"fr_FR\" \/>\n<meta property=\"og:type\" content=\"article\" \/>\n<meta property=\"og:title\" content=\"Salvador Dal\u00ed n&#039;est pas le p\u00e8re de Pilar Abel - Fundaci\u00f3 Gala - Salvador Dal\u00ed\" \/>\n<meta property=\"og:description\" content=\"La Fundaci\u00f3 Gala Salvador Dal\u00ed informe qu&rsquo;elle a re\u00e7u les r\u00e9sultats des preuves d&rsquo;ADN qui d\u00e9montrent que Pilar Abel n&rsquo;est pas la fille biologique de Salvador Dal\u00ed. Le tribunal de 1\u00e8re Instance n\u00ba 11 de Madrid a inform\u00e9 les avocats de la Fundaci\u00f3 Gala-Salvador Dal\u00ed (cabinet Roca Junyent) de la constatation \u00e9mise par l&rsquo;Institut National [&hellip;]\" \/>\n<meta property=\"og:url\" content=\"https:\/\/www.salvador-dali.org\/fr\/fondation-dali\/nouvelle\/salvador-dali-n-est-pas-le-pere-de-pilar-abel\/\" \/>\n<meta property=\"og:site_name\" content=\"Fundaci\u00f3 Gala - Salvador Dal\u00ed\" \/>\n<meta property=\"article:publisher\" content=\"https:\/\/www.facebook.com\/MuseusDali\" \/>\n<meta property=\"article:modified_time\" content=\"2025-06-26T08:47:19+00:00\" \/>\n<meta property=\"og:image\" content=\"https:\/\/www.salvador-dali.org\/wp-content\/uploads\/2025\/05\/5079_150471731177_1024.jpg\" \/>\n\t<meta property=\"og:image:width\" content=\"925\" \/>\n\t<meta property=\"og:image:height\" content=\"1405\" \/>\n\t<meta property=\"og:image:type\" content=\"image\/jpeg\" \/>\n<meta name=\"twitter:card\" content=\"summary_large_image\" \/>\n<meta name=\"twitter:site\" content=\"@MuseuDali\" \/>\n<meta name=\"twitter:label1\" content=\"Dur\u00e9e de lecture estim\u00e9e\" \/>\n\t<meta name=\"twitter:data1\" content=\"1 minute\" \/>\n<script type=\"application\/ld+json\" class=\"yoast-schema-graph\">{\"@context\":\"https:\\\/\\\/schema.org\",\"@graph\":[{\"@type\":\"WebPage\",\"@id\":\"https:\\\/\\\/www.salvador-dali.org\\\/fr\\\/fondation-dali\\\/nouvelle\\\/salvador-dali-n-est-pas-le-pere-de-pilar-abel\\\/\",\"url\":\"https:\\\/\\\/www.salvador-dali.org\\\/fr\\\/fondation-dali\\\/nouvelle\\\/salvador-dali-n-est-pas-le-pere-de-pilar-abel\\\/\",\"name\":\"Salvador Dal\u00ed n'est pas le p\u00e8re de Pilar Abel - Fundaci\u00f3 Gala - Salvador Dal\u00ed\",\"isPartOf\":{\"@id\":\"https:\\\/\\\/www.salvador-dali.org\\\/fr\\\/#website\"},\"primaryImageOfPage\":{\"@id\":\"https:\\\/\\\/www.salvador-dali.org\\\/fr\\\/fondation-dali\\\/nouvelle\\\/salvador-dali-n-est-pas-le-pere-de-pilar-abel\\\/#primaryimage\"},\"image\":{\"@id\":\"https:\\\/\\\/www.salvador-dali.org\\\/fr\\\/fondation-dali\\\/nouvelle\\\/salvador-dali-n-est-pas-le-pere-de-pilar-abel\\\/#primaryimage\"},\"thumbnailUrl\":\"https:\\\/\\\/www.salvador-dali.org\\\/wp-content\\\/uploads\\\/2025\\\/05\\\/5079_150471731177_1024.jpg\",\"datePublished\":\"2017-09-05T22:00:00+00:00\",\"dateModified\":\"2025-06-26T08:47:19+00:00\",\"breadcrumb\":{\"@id\":\"https:\\\/\\\/www.salvador-dali.org\\\/fr\\\/fondation-dali\\\/nouvelle\\\/salvador-dali-n-est-pas-le-pere-de-pilar-abel\\\/#breadcrumb\"},\"inLanguage\":\"fr-FR\",\"potentialAction\":[{\"@type\":\"ReadAction\",\"target\":[\"https:\\\/\\\/www.salvador-dali.org\\\/fr\\\/fondation-dali\\\/nouvelle\\\/salvador-dali-n-est-pas-le-pere-de-pilar-abel\\\/\"]}]},{\"@type\":\"ImageObject\",\"inLanguage\":\"fr-FR\",\"@id\":\"https:\\\/\\\/www.salvador-dali.org\\\/fr\\\/fondation-dali\\\/nouvelle\\\/salvador-dali-n-est-pas-le-pere-de-pilar-abel\\\/#primaryimage\",\"url\":\"https:\\\/\\\/www.salvador-dali.org\\\/wp-content\\\/uploads\\\/2025\\\/05\\\/5079_150471731177_1024.jpg\",\"contentUrl\":\"https:\\\/\\\/www.salvador-dali.org\\\/wp-content\\\/uploads\\\/2025\\\/05\\\/5079_150471731177_1024.jpg\",\"width\":925,\"height\":1405,\"caption\":\"Salvador Dal\u00ed interpr\u00e9t\u00e9 par Ricardo Sans\"},{\"@type\":\"BreadcrumbList\",\"@id\":\"https:\\\/\\\/www.salvador-dali.org\\\/fr\\\/fondation-dali\\\/nouvelle\\\/salvador-dali-n-est-pas-le-pere-de-pilar-abel\\\/#breadcrumb\",\"itemListElement\":[{\"@type\":\"ListItem\",\"position\":1,\"name\":\"Inici\",\"item\":\"https:\\\/\\\/www.salvador-dali.org\\\/fr\\\/\"},{\"@type\":\"ListItem\",\"position\":2,\"name\":\"Salvador Dal\u00ed n&rsquo;est pas le p\u00e8re de Pilar Abel\"}]},{\"@type\":\"WebSite\",\"@id\":\"https:\\\/\\\/www.salvador-dali.org\\\/fr\\\/#website\",\"url\":\"https:\\\/\\\/www.salvador-dali.org\\\/fr\\\/\",\"name\":\"Fundaci\u00f3 Gala - Salvador Dal\u00ed\",\"description\":\"\",\"publisher\":{\"@id\":\"https:\\\/\\\/www.salvador-dali.org\\\/fr\\\/#organization\"},\"potentialAction\":[{\"@type\":\"SearchAction\",\"target\":{\"@type\":\"EntryPoint\",\"urlTemplate\":\"https:\\\/\\\/www.salvador-dali.org\\\/fr\\\/?s={search_term_string}\"},\"query-input\":{\"@type\":\"PropertyValueSpecification\",\"valueRequired\":true,\"valueName\":\"search_term_string\"}}],\"inLanguage\":\"fr-FR\"},{\"@type\":\"Organization\",\"@id\":\"https:\\\/\\\/www.salvador-dali.org\\\/fr\\\/#organization\",\"name\":\"Fundaci\u00f3 Gala - Salvador Dal\u00ed\",\"url\":\"https:\\\/\\\/www.salvador-dali.org\\\/fr\\\/\",\"logo\":{\"@type\":\"ImageObject\",\"inLanguage\":\"fr-FR\",\"@id\":\"https:\\\/\\\/www.salvador-dali.org\\\/fr\\\/#\\\/schema\\\/logo\\\/image\\\/\",\"url\":\"https:\\\/\\\/www.salvador-dali.org\\\/wp-content\\\/uploads\\\/2025\\\/04\\\/fundacio-gala-salvador-dali.png\",\"contentUrl\":\"https:\\\/\\\/www.salvador-dali.org\\\/wp-content\\\/uploads\\\/2025\\\/04\\\/fundacio-gala-salvador-dali.png\",\"width\":240,\"height\":240,\"caption\":\"Fundaci\u00f3 Gala - Salvador Dal\u00ed\"},\"image\":{\"@id\":\"https:\\\/\\\/www.salvador-dali.org\\\/fr\\\/#\\\/schema\\\/logo\\\/image\\\/\"},\"sameAs\":[\"https:\\\/\\\/www.facebook.com\\\/MuseusDali\",\"https:\\\/\\\/x.com\\\/MuseuDali\",\"https:\\\/\\\/www.youtube.com\\\/user\\\/FundacioDali\",\"https:\\\/\\\/www.flickr.com\\\/fundacio_dali\\\/\",\"https:\\\/\\\/instagram.com\\\/museudali\"]}]}<\/script>\n<!-- \/ Yoast SEO plugin. -->","yoast_head_json":{"title":"Salvador Dal\u00ed n'est pas le p\u00e8re de Pilar Abel - Fundaci\u00f3 Gala - Salvador Dal\u00ed","robots":{"index":"index","follow":"follow","max-snippet":"max-snippet:-1","max-image-preview":"max-image-preview:large","max-video-preview":"max-video-preview:-1"},"canonical":"https:\/\/www.salvador-dali.org\/fr\/fondation-dali\/nouvelle\/salvador-dali-n-est-pas-le-pere-de-pilar-abel\/","og_locale":"fr_FR","og_type":"article","og_title":"Salvador Dal\u00ed n'est pas le p\u00e8re de Pilar Abel - Fundaci\u00f3 Gala - Salvador Dal\u00ed","og_description":"La Fundaci\u00f3 Gala Salvador Dal\u00ed informe qu&rsquo;elle a re\u00e7u les r\u00e9sultats des preuves d&rsquo;ADN qui d\u00e9montrent que Pilar Abel n&rsquo;est pas la fille biologique de Salvador Dal\u00ed. Le tribunal de 1\u00e8re Instance n\u00ba 11 de Madrid a inform\u00e9 les avocats de la Fundaci\u00f3 Gala-Salvador Dal\u00ed (cabinet Roca Junyent) de la constatation \u00e9mise par l&rsquo;Institut National [&hellip;]","og_url":"https:\/\/www.salvador-dali.org\/fr\/fondation-dali\/nouvelle\/salvador-dali-n-est-pas-le-pere-de-pilar-abel\/","og_site_name":"Fundaci\u00f3 Gala - Salvador Dal\u00ed","article_publisher":"https:\/\/www.facebook.com\/MuseusDali","article_modified_time":"2025-06-26T08:47:19+00:00","og_image":[{"width":925,"height":1405,"url":"https:\/\/www.salvador-dali.org\/wp-content\/uploads\/2025\/05\/5079_150471731177_1024.jpg","type":"image\/jpeg"}],"twitter_card":"summary_large_image","twitter_site":"@MuseuDali","twitter_misc":{"Dur\u00e9e de lecture estim\u00e9e":"1 minute"},"schema":{"@context":"https:\/\/schema.org","@graph":[{"@type":"WebPage","@id":"https:\/\/www.salvador-dali.org\/fr\/fondation-dali\/nouvelle\/salvador-dali-n-est-pas-le-pere-de-pilar-abel\/","url":"https:\/\/www.salvador-dali.org\/fr\/fondation-dali\/nouvelle\/salvador-dali-n-est-pas-le-pere-de-pilar-abel\/","name":"Salvador Dal\u00ed n'est pas le p\u00e8re de Pilar Abel - Fundaci\u00f3 Gala - Salvador Dal\u00ed","isPartOf":{"@id":"https:\/\/www.salvador-dali.org\/fr\/#website"},"primaryImageOfPage":{"@id":"https:\/\/www.salvador-dali.org\/fr\/fondation-dali\/nouvelle\/salvador-dali-n-est-pas-le-pere-de-pilar-abel\/#primaryimage"},"image":{"@id":"https:\/\/www.salvador-dali.org\/fr\/fondation-dali\/nouvelle\/salvador-dali-n-est-pas-le-pere-de-pilar-abel\/#primaryimage"},"thumbnailUrl":"https:\/\/www.salvador-dali.org\/wp-content\/uploads\/2025\/05\/5079_150471731177_1024.jpg","datePublished":"2017-09-05T22:00:00+00:00","dateModified":"2025-06-26T08:47:19+00:00","breadcrumb":{"@id":"https:\/\/www.salvador-dali.org\/fr\/fondation-dali\/nouvelle\/salvador-dali-n-est-pas-le-pere-de-pilar-abel\/#breadcrumb"},"inLanguage":"fr-FR","potentialAction":[{"@type":"ReadAction","target":["https:\/\/www.salvador-dali.org\/fr\/fondation-dali\/nouvelle\/salvador-dali-n-est-pas-le-pere-de-pilar-abel\/"]}]},{"@type":"ImageObject","inLanguage":"fr-FR","@id":"https:\/\/www.salvador-dali.org\/fr\/fondation-dali\/nouvelle\/salvador-dali-n-est-pas-le-pere-de-pilar-abel\/#primaryimage","url":"https:\/\/www.salvador-dali.org\/wp-content\/uploads\/2025\/05\/5079_150471731177_1024.jpg","contentUrl":"https:\/\/www.salvador-dali.org\/wp-content\/uploads\/2025\/05\/5079_150471731177_1024.jpg","width":925,"height":1405,"caption":"Salvador Dal\u00ed interpr\u00e9t\u00e9 par Ricardo Sans"},{"@type":"BreadcrumbList","@id":"https:\/\/www.salvador-dali.org\/fr\/fondation-dali\/nouvelle\/salvador-dali-n-est-pas-le-pere-de-pilar-abel\/#breadcrumb","itemListElement":[{"@type":"ListItem","position":1,"name":"Inici","item":"https:\/\/www.salvador-dali.org\/fr\/"},{"@type":"ListItem","position":2,"name":"Salvador Dal\u00ed n&rsquo;est pas le p\u00e8re de Pilar Abel"}]},{"@type":"WebSite","@id":"https:\/\/www.salvador-dali.org\/fr\/#website","url":"https:\/\/www.salvador-dali.org\/fr\/","name":"Fundaci\u00f3 Gala - Salvador Dal\u00ed","description":"","publisher":{"@id":"https:\/\/www.salvador-dali.org\/fr\/#organization"},"potentialAction":[{"@type":"SearchAction","target":{"@type":"EntryPoint","urlTemplate":"https:\/\/www.salvador-dali.org\/fr\/?s={search_term_string}"},"query-input":{"@type":"PropertyValueSpecification","valueRequired":true,"valueName":"search_term_string"}}],"inLanguage":"fr-FR"},{"@type":"Organization","@id":"https:\/\/www.salvador-dali.org\/fr\/#organization","name":"Fundaci\u00f3 Gala - Salvador Dal\u00ed","url":"https:\/\/www.salvador-dali.org\/fr\/","logo":{"@type":"ImageObject","inLanguage":"fr-FR","@id":"https:\/\/www.salvador-dali.org\/fr\/#\/schema\/logo\/image\/","url":"https:\/\/www.salvador-dali.org\/wp-content\/uploads\/2025\/04\/fundacio-gala-salvador-dali.png","contentUrl":"https:\/\/www.salvador-dali.org\/wp-content\/uploads\/2025\/04\/fundacio-gala-salvador-dali.png","width":240,"height":240,"caption":"Fundaci\u00f3 Gala - Salvador Dal\u00ed"},"image":{"@id":"https:\/\/www.salvador-dali.org\/fr\/#\/schema\/logo\/image\/"},"sameAs":["https:\/\/www.facebook.com\/MuseusDali","https:\/\/x.com\/MuseuDali","https:\/\/www.youtube.com\/user\/FundacioDali","https:\/\/www.flickr.com\/fundacio_dali\/","https:\/\/instagram.com\/museudali"]}]}},"_links":{"self":[{"href":"https:\/\/www.salvador-dali.org\/fr\/wp-json\/wp\/v2\/noticia\/8824","targetHints":{"allow":["GET"]}}],"collection":[{"href":"https:\/\/www.salvador-dali.org\/fr\/wp-json\/wp\/v2\/noticia"}],"about":[{"href":"https:\/\/www.salvador-dali.org\/fr\/wp-json\/wp\/v2\/types\/noticia"}],"wp:featuredmedia":[{"embeddable":true,"href":"https:\/\/www.salvador-dali.org\/fr\/wp-json\/wp\/v2\/media\/5359"}],"wp:attachment":[{"href":"https:\/\/www.salvador-dali.org\/fr\/wp-json\/wp\/v2\/media?parent=8824"}],"wp:term":[{"taxonomy":"categoria-actualitat","embeddable":true,"href":"https:\/\/www.salvador-dali.org\/fr\/wp-json\/wp\/v2\/categoria-actualitat?post=8824"}],"curies":[{"name":"wp","href":"https:\/\/api.w.org\/{rel}","templated":true}]}}