{"id":9227,"date":"2011-09-02T00:00:00","date_gmt":"2011-09-01T22:00:00","guid":{"rendered":"https:\/\/www.salvador-dali.org\/fundacio-dali\/noticia\/salvador-dali-canta-al-festival-acustica\/"},"modified":"2025-06-26T10:47:25","modified_gmt":"2025-06-26T08:47:25","slug":"salvador-dali-chante","status":"publish","type":"noticia","link":"https:\/\/www.salvador-dali.org\/fr\/fondation-dali\/nouvelle\/salvador-dali-chante\/","title":{"rendered":"Salvador Dal\u00ed chante"},"content":{"rendered":"<p>Le 10 juin dernier, le <a href=\"http:\/\/www.festivalacustica.cat\">Festival Ac\u00fastica<\/a> a pr\u00e9sent\u00e9 au Th\u00e9\u00e2tre-mus\u00e9e Dal\u00ed la production sp\u00e9ciale qui doit en comm\u00e9morer le 10e anniversaire. L\u2019acte a \u00e9t\u00e9 dirig\u00e9 par le journaliste Manel Fuentes, en pr\u00e9sence de Montse Aguer, directrice du Centre d\u2019\u00e9tudes daliniennes, des metteurs en sc\u00e8ne du spectacle, Xavi Pascual et Pep Blay, ainsi que de plusieurs personnalit\u00e9s. Une intervention musicale de Gerard Quintana a conclu la c\u00e9r\u00e9monie.<\/p>\n<p>\nLe spectacle, qui s\u2019intitule <strong>SALVADOR DAL\u00cd CHANTE<\/strong>, aura lieu les 2 et 3 septembre sur la Pla\u00e7a Gala Dal\u00ed de Figueres. Y participeront Albert Pla, Pau Riba, Gerard Quintana, Dolo Beltr\u00e1n, Love of Lesbian, Estrella Morente, Amaral, Ana Torroja, Martirio, Kiko Veneno, Enric Casasses et Sol Pic\u00f3, qui \u00ab dansera \u00bb la voix de Dal\u00ed. L\u2019orchestre de Pascal Comelade interpr\u00e9tera la musique en direct. Les chanteurs interpr\u00e9teront des textes de Salvador Dal\u00ed c\u00e9d\u00e9s par la Fondation de l\u2019artiste. Le spectacle sera compl\u00e9t\u00e9 par des vid\u00e9os d\u2019Amanda Lear et d\u2019Alice Cooper.<\/p>\n<p>Le nombre de places est limit\u00e9 \u00e0 600 pour chaque date, 2 et 3 septembre. Les billets sont d\u2019ores et d\u00e9j\u00e0 en vente par le biais de ServiCaixa.<\/p>\n","protected":false},"excerpt":{"rendered":"<p>Le 10 juin dernier, le Festival Ac\u00fastica a pr\u00e9sent\u00e9 au Th\u00e9\u00e2tre-mus\u00e9e Dal\u00ed la production sp\u00e9ciale qui doit en comm\u00e9morer le 10e anniversaire. L\u2019acte a \u00e9t\u00e9 dirig\u00e9 par le journaliste Manel Fuentes, en pr\u00e9sence de Montse Aguer, directrice du Centre d\u2019\u00e9tudes daliniennes, des metteurs en sc\u00e8ne du spectacle, Xavi Pascual et Pep Blay, ainsi que de [&hellip;]<\/p>\n","protected":false},"featured_media":4619,"menu_order":0,"template":"","format":"standard","meta":{"_acf_changed":false,"_coblocks_attr":"","_coblocks_dimensions":"","_coblocks_responsive_height":"","_coblocks_accordion_ie_support":""},"categoria-actualitat":[107,112],"class_list":["post-9227","noticia","type-noticia","status-publish","format-standard","has-post-thumbnail","hentry","categoria-actualitat-activites","categoria-actualitat-musees"],"acf":[],"yoast_head":"<!-- This site is optimized with the Yoast SEO plugin v27.5 - https:\/\/yoast.com\/product\/yoast-seo-wordpress\/ -->\n<title>Salvador Dal\u00ed chante - Fundaci\u00f3 Gala - Salvador Dal\u00ed<\/title>\n<meta name=\"robots\" content=\"index, follow, max-snippet:-1, max-image-preview:large, max-video-preview:-1\" \/>\n<link rel=\"canonical\" href=\"https:\/\/www.salvador-dali.org\/fr\/fondation-dali\/nouvelle\/salvador-dali-chante\/\" \/>\n<meta property=\"og:locale\" content=\"fr_FR\" \/>\n<meta property=\"og:type\" content=\"article\" \/>\n<meta property=\"og:title\" content=\"Salvador Dal\u00ed chante - Fundaci\u00f3 Gala - Salvador Dal\u00ed\" \/>\n<meta property=\"og:description\" content=\"Le 10 juin dernier, le Festival Ac\u00fastica a pr\u00e9sent\u00e9 au Th\u00e9\u00e2tre-mus\u00e9e Dal\u00ed la production sp\u00e9ciale qui doit en comm\u00e9morer le 10e anniversaire. L\u2019acte a \u00e9t\u00e9 dirig\u00e9 par le journaliste Manel Fuentes, en pr\u00e9sence de Montse Aguer, directrice du Centre d\u2019\u00e9tudes daliniennes, des metteurs en sc\u00e8ne du spectacle, Xavi Pascual et Pep Blay, ainsi que de [&hellip;]\" \/>\n<meta property=\"og:url\" content=\"https:\/\/www.salvador-dali.org\/fr\/fondation-dali\/nouvelle\/salvador-dali-chante\/\" \/>\n<meta property=\"og:site_name\" content=\"Fundaci\u00f3 Gala - Salvador Dal\u00ed\" \/>\n<meta property=\"article:publisher\" content=\"https:\/\/www.facebook.com\/MuseusDali\" \/>\n<meta property=\"article:modified_time\" content=\"2025-06-26T08:47:25+00:00\" \/>\n<meta property=\"og:image\" content=\"https:\/\/www.salvador-dali.org\/wp-content\/uploads\/2025\/05\/FestivalAcusticaxWeb_noticies_home_200_1024.jpg\" \/>\n\t<meta property=\"og:image:width\" content=\"137\" \/>\n\t<meta property=\"og:image:height\" content=\"91\" \/>\n\t<meta property=\"og:image:type\" content=\"image\/jpeg\" \/>\n<meta name=\"twitter:card\" content=\"summary_large_image\" \/>\n<meta name=\"twitter:site\" content=\"@MuseuDali\" \/>\n<meta name=\"twitter:label1\" content=\"Dur\u00e9e de lecture estim\u00e9e\" \/>\n\t<meta name=\"twitter:data1\" content=\"1 minute\" \/>\n<script type=\"application\/ld+json\" class=\"yoast-schema-graph\">{\"@context\":\"https:\\\/\\\/schema.org\",\"@graph\":[{\"@type\":\"WebPage\",\"@id\":\"https:\\\/\\\/www.salvador-dali.org\\\/fr\\\/fondation-dali\\\/nouvelle\\\/salvador-dali-chante\\\/\",\"url\":\"https:\\\/\\\/www.salvador-dali.org\\\/fr\\\/fondation-dali\\\/nouvelle\\\/salvador-dali-chante\\\/\",\"name\":\"Salvador Dal\u00ed chante - Fundaci\u00f3 Gala - Salvador Dal\u00ed\",\"isPartOf\":{\"@id\":\"https:\\\/\\\/www.salvador-dali.org\\\/fr\\\/#website\"},\"primaryImageOfPage\":{\"@id\":\"https:\\\/\\\/www.salvador-dali.org\\\/fr\\\/fondation-dali\\\/nouvelle\\\/salvador-dali-chante\\\/#primaryimage\"},\"image\":{\"@id\":\"https:\\\/\\\/www.salvador-dali.org\\\/fr\\\/fondation-dali\\\/nouvelle\\\/salvador-dali-chante\\\/#primaryimage\"},\"thumbnailUrl\":\"https:\\\/\\\/www.salvador-dali.org\\\/wp-content\\\/uploads\\\/2025\\\/05\\\/FestivalAcusticaxWeb_noticies_home_200_1024.jpg\",\"datePublished\":\"2011-09-01T22:00:00+00:00\",\"dateModified\":\"2025-06-26T08:47:25+00:00\",\"breadcrumb\":{\"@id\":\"https:\\\/\\\/www.salvador-dali.org\\\/fr\\\/fondation-dali\\\/nouvelle\\\/salvador-dali-chante\\\/#breadcrumb\"},\"inLanguage\":\"fr-FR\",\"potentialAction\":[{\"@type\":\"ReadAction\",\"target\":[\"https:\\\/\\\/www.salvador-dali.org\\\/fr\\\/fondation-dali\\\/nouvelle\\\/salvador-dali-chante\\\/\"]}]},{\"@type\":\"ImageObject\",\"inLanguage\":\"fr-FR\",\"@id\":\"https:\\\/\\\/www.salvador-dali.org\\\/fr\\\/fondation-dali\\\/nouvelle\\\/salvador-dali-chante\\\/#primaryimage\",\"url\":\"https:\\\/\\\/www.salvador-dali.org\\\/wp-content\\\/uploads\\\/2025\\\/05\\\/FestivalAcusticaxWeb_noticies_home_200_1024.jpg\",\"contentUrl\":\"https:\\\/\\\/www.salvador-dali.org\\\/wp-content\\\/uploads\\\/2025\\\/05\\\/FestivalAcusticaxWeb_noticies_home_200_1024.jpg\",\"width\":137,\"height\":91,\"caption\":\"Pr\u00e9sentation d\u2019Ac\u00fastica 2011\"},{\"@type\":\"BreadcrumbList\",\"@id\":\"https:\\\/\\\/www.salvador-dali.org\\\/fr\\\/fondation-dali\\\/nouvelle\\\/salvador-dali-chante\\\/#breadcrumb\",\"itemListElement\":[{\"@type\":\"ListItem\",\"position\":1,\"name\":\"Inici\",\"item\":\"https:\\\/\\\/www.salvador-dali.org\\\/fr\\\/\"},{\"@type\":\"ListItem\",\"position\":2,\"name\":\"Salvador Dal\u00ed chante\"}]},{\"@type\":\"WebSite\",\"@id\":\"https:\\\/\\\/www.salvador-dali.org\\\/fr\\\/#website\",\"url\":\"https:\\\/\\\/www.salvador-dali.org\\\/fr\\\/\",\"name\":\"Fundaci\u00f3 Gala - Salvador Dal\u00ed\",\"description\":\"\",\"publisher\":{\"@id\":\"https:\\\/\\\/www.salvador-dali.org\\\/fr\\\/#organization\"},\"potentialAction\":[{\"@type\":\"SearchAction\",\"target\":{\"@type\":\"EntryPoint\",\"urlTemplate\":\"https:\\\/\\\/www.salvador-dali.org\\\/fr\\\/?s={search_term_string}\"},\"query-input\":{\"@type\":\"PropertyValueSpecification\",\"valueRequired\":true,\"valueName\":\"search_term_string\"}}],\"inLanguage\":\"fr-FR\"},{\"@type\":\"Organization\",\"@id\":\"https:\\\/\\\/www.salvador-dali.org\\\/fr\\\/#organization\",\"name\":\"Fundaci\u00f3 Gala - Salvador Dal\u00ed\",\"url\":\"https:\\\/\\\/www.salvador-dali.org\\\/fr\\\/\",\"logo\":{\"@type\":\"ImageObject\",\"inLanguage\":\"fr-FR\",\"@id\":\"https:\\\/\\\/www.salvador-dali.org\\\/fr\\\/#\\\/schema\\\/logo\\\/image\\\/\",\"url\":\"https:\\\/\\\/www.salvador-dali.org\\\/wp-content\\\/uploads\\\/2025\\\/04\\\/fundacio-gala-salvador-dali.png\",\"contentUrl\":\"https:\\\/\\\/www.salvador-dali.org\\\/wp-content\\\/uploads\\\/2025\\\/04\\\/fundacio-gala-salvador-dali.png\",\"width\":240,\"height\":240,\"caption\":\"Fundaci\u00f3 Gala - Salvador Dal\u00ed\"},\"image\":{\"@id\":\"https:\\\/\\\/www.salvador-dali.org\\\/fr\\\/#\\\/schema\\\/logo\\\/image\\\/\"},\"sameAs\":[\"https:\\\/\\\/www.facebook.com\\\/MuseusDali\",\"https:\\\/\\\/x.com\\\/MuseuDali\",\"https:\\\/\\\/www.youtube.com\\\/user\\\/FundacioDali\",\"https:\\\/\\\/www.flickr.com\\\/fundacio_dali\\\/\",\"https:\\\/\\\/instagram.com\\\/museudali\"]}]}<\/script>\n<!-- \/ Yoast SEO plugin. -->","yoast_head_json":{"title":"Salvador Dal\u00ed chante - Fundaci\u00f3 Gala - Salvador Dal\u00ed","robots":{"index":"index","follow":"follow","max-snippet":"max-snippet:-1","max-image-preview":"max-image-preview:large","max-video-preview":"max-video-preview:-1"},"canonical":"https:\/\/www.salvador-dali.org\/fr\/fondation-dali\/nouvelle\/salvador-dali-chante\/","og_locale":"fr_FR","og_type":"article","og_title":"Salvador Dal\u00ed chante - Fundaci\u00f3 Gala - Salvador Dal\u00ed","og_description":"Le 10 juin dernier, le Festival Ac\u00fastica a pr\u00e9sent\u00e9 au Th\u00e9\u00e2tre-mus\u00e9e Dal\u00ed la production sp\u00e9ciale qui doit en comm\u00e9morer le 10e anniversaire. L\u2019acte a \u00e9t\u00e9 dirig\u00e9 par le journaliste Manel Fuentes, en pr\u00e9sence de Montse Aguer, directrice du Centre d\u2019\u00e9tudes daliniennes, des metteurs en sc\u00e8ne du spectacle, Xavi Pascual et Pep Blay, ainsi que de [&hellip;]","og_url":"https:\/\/www.salvador-dali.org\/fr\/fondation-dali\/nouvelle\/salvador-dali-chante\/","og_site_name":"Fundaci\u00f3 Gala - Salvador Dal\u00ed","article_publisher":"https:\/\/www.facebook.com\/MuseusDali","article_modified_time":"2025-06-26T08:47:25+00:00","og_image":[{"width":137,"height":91,"url":"https:\/\/www.salvador-dali.org\/wp-content\/uploads\/2025\/05\/FestivalAcusticaxWeb_noticies_home_200_1024.jpg","type":"image\/jpeg"}],"twitter_card":"summary_large_image","twitter_site":"@MuseuDali","twitter_misc":{"Dur\u00e9e de lecture estim\u00e9e":"1 minute"},"schema":{"@context":"https:\/\/schema.org","@graph":[{"@type":"WebPage","@id":"https:\/\/www.salvador-dali.org\/fr\/fondation-dali\/nouvelle\/salvador-dali-chante\/","url":"https:\/\/www.salvador-dali.org\/fr\/fondation-dali\/nouvelle\/salvador-dali-chante\/","name":"Salvador Dal\u00ed chante - Fundaci\u00f3 Gala - Salvador Dal\u00ed","isPartOf":{"@id":"https:\/\/www.salvador-dali.org\/fr\/#website"},"primaryImageOfPage":{"@id":"https:\/\/www.salvador-dali.org\/fr\/fondation-dali\/nouvelle\/salvador-dali-chante\/#primaryimage"},"image":{"@id":"https:\/\/www.salvador-dali.org\/fr\/fondation-dali\/nouvelle\/salvador-dali-chante\/#primaryimage"},"thumbnailUrl":"https:\/\/www.salvador-dali.org\/wp-content\/uploads\/2025\/05\/FestivalAcusticaxWeb_noticies_home_200_1024.jpg","datePublished":"2011-09-01T22:00:00+00:00","dateModified":"2025-06-26T08:47:25+00:00","breadcrumb":{"@id":"https:\/\/www.salvador-dali.org\/fr\/fondation-dali\/nouvelle\/salvador-dali-chante\/#breadcrumb"},"inLanguage":"fr-FR","potentialAction":[{"@type":"ReadAction","target":["https:\/\/www.salvador-dali.org\/fr\/fondation-dali\/nouvelle\/salvador-dali-chante\/"]}]},{"@type":"ImageObject","inLanguage":"fr-FR","@id":"https:\/\/www.salvador-dali.org\/fr\/fondation-dali\/nouvelle\/salvador-dali-chante\/#primaryimage","url":"https:\/\/www.salvador-dali.org\/wp-content\/uploads\/2025\/05\/FestivalAcusticaxWeb_noticies_home_200_1024.jpg","contentUrl":"https:\/\/www.salvador-dali.org\/wp-content\/uploads\/2025\/05\/FestivalAcusticaxWeb_noticies_home_200_1024.jpg","width":137,"height":91,"caption":"Pr\u00e9sentation d\u2019Ac\u00fastica 2011"},{"@type":"BreadcrumbList","@id":"https:\/\/www.salvador-dali.org\/fr\/fondation-dali\/nouvelle\/salvador-dali-chante\/#breadcrumb","itemListElement":[{"@type":"ListItem","position":1,"name":"Inici","item":"https:\/\/www.salvador-dali.org\/fr\/"},{"@type":"ListItem","position":2,"name":"Salvador Dal\u00ed chante"}]},{"@type":"WebSite","@id":"https:\/\/www.salvador-dali.org\/fr\/#website","url":"https:\/\/www.salvador-dali.org\/fr\/","name":"Fundaci\u00f3 Gala - Salvador Dal\u00ed","description":"","publisher":{"@id":"https:\/\/www.salvador-dali.org\/fr\/#organization"},"potentialAction":[{"@type":"SearchAction","target":{"@type":"EntryPoint","urlTemplate":"https:\/\/www.salvador-dali.org\/fr\/?s={search_term_string}"},"query-input":{"@type":"PropertyValueSpecification","valueRequired":true,"valueName":"search_term_string"}}],"inLanguage":"fr-FR"},{"@type":"Organization","@id":"https:\/\/www.salvador-dali.org\/fr\/#organization","name":"Fundaci\u00f3 Gala - Salvador Dal\u00ed","url":"https:\/\/www.salvador-dali.org\/fr\/","logo":{"@type":"ImageObject","inLanguage":"fr-FR","@id":"https:\/\/www.salvador-dali.org\/fr\/#\/schema\/logo\/image\/","url":"https:\/\/www.salvador-dali.org\/wp-content\/uploads\/2025\/04\/fundacio-gala-salvador-dali.png","contentUrl":"https:\/\/www.salvador-dali.org\/wp-content\/uploads\/2025\/04\/fundacio-gala-salvador-dali.png","width":240,"height":240,"caption":"Fundaci\u00f3 Gala - Salvador Dal\u00ed"},"image":{"@id":"https:\/\/www.salvador-dali.org\/fr\/#\/schema\/logo\/image\/"},"sameAs":["https:\/\/www.facebook.com\/MuseusDali","https:\/\/x.com\/MuseuDali","https:\/\/www.youtube.com\/user\/FundacioDali","https:\/\/www.flickr.com\/fundacio_dali\/","https:\/\/instagram.com\/museudali"]}]}},"_links":{"self":[{"href":"https:\/\/www.salvador-dali.org\/fr\/wp-json\/wp\/v2\/noticia\/9227","targetHints":{"allow":["GET"]}}],"collection":[{"href":"https:\/\/www.salvador-dali.org\/fr\/wp-json\/wp\/v2\/noticia"}],"about":[{"href":"https:\/\/www.salvador-dali.org\/fr\/wp-json\/wp\/v2\/types\/noticia"}],"wp:featuredmedia":[{"embeddable":true,"href":"https:\/\/www.salvador-dali.org\/fr\/wp-json\/wp\/v2\/media\/4619"}],"wp:attachment":[{"href":"https:\/\/www.salvador-dali.org\/fr\/wp-json\/wp\/v2\/media?parent=9227"}],"wp:term":[{"taxonomy":"categoria-actualitat","embeddable":true,"href":"https:\/\/www.salvador-dali.org\/fr\/wp-json\/wp\/v2\/categoria-actualitat?post=9227"}],"curies":[{"name":"wp","href":"https:\/\/api.w.org\/{rel}","templated":true}]}}